{"id":28480,"date":"2023-05-29T11:46:45","date_gmt":"2023-05-29T09:46:45","guid":{"rendered":"https:\/\/www.pimealdia.org\/?p=28480"},"modified":"2023-05-29T11:46:45","modified_gmt":"2023-05-29T09:46:45","slug":"la-afectacion-en-las-mipymes-de-la-implantacion-del-plan-nacional-para-la-erradicacion-del-amianto","status":"publish","type":"post","link":"https:\/\/www.pimealdia.org\/es\/la-afectacion-en-las-mipymes-de-la-implantacion-del-plan-nacional-para-la-erradicacion-del-amianto\/","title":{"rendered":"La afectaci\u00f3n en las mipymes de la implantaci\u00f3n del Plan nacional para la erradicaci\u00f3n del amianto"},"content":{"rendered":"<p style=\"text-align: justify;\">El 21 de marzo del 2023 el Gobierno de la Generalitat de Catalu\u00f1a ha aprobado el <a href=\"https:\/\/presidencia.gencat.cat\/ca\/ambits_d_actuacio\/amiant.cat\/pla-nacional-per-a-lerradicacio-de-lamiant-a-catalunya\/\">Plan nacional para la erradicaci\u00f3n del amianto en Catalu\u00f1a (PNEAC)<\/a>, que ha de permitir lograr el objetivo fijado por la Uni\u00f3n Europea de retirar el amianto de todos los edificios p\u00fablicos antes del 2028 y del conjunto del territorio antes del a\u00f1o 2032.<\/p>\n<p style=\"text-align: justify;\">El\u00a0PNEAC\u00a0establece un plan de actuaci\u00f3n que <strong>incluye la identificaci\u00f3n de materiales con amianto, su retirada y gesti\u00f3n adecuada<\/strong>, as\u00ed como la formaci\u00f3n y la sensibilizaci\u00f3n de los profesionales implicados y la poblaci\u00f3n en general. Adem\u00e1s, tambi\u00e9n se establecen medidas para la inspecci\u00f3n y el seguimiento de los trabajos de retirada del amianto.<\/p>\n<p style=\"text-align: justify;\">\u00bfC\u00f3mo afectar\u00e1 la implementaci\u00f3n de este plan las\u00a0mipymes?<\/p>\n<p style=\"text-align: justify;\">Las micro, peque\u00f1as y medianas empresas pueden tener una afectaci\u00f3n m\u00e1s grande que las compa\u00f1\u00edas de m\u00e1s dimensi\u00f3n por varias razones, pero principalmente por la <strong>inversi\u00f3n econ\u00f3mica que tengan que llevar a cabo para la retirada y gesti\u00f3n del material<\/strong>. Tambi\u00e9n se debe tener en cuenta <strong>la interrupci\u00f3n de la actividad<\/strong>, que en muchos casos ser\u00e1 indispensable para llevar a cabo el proceso de retirada de amianto, y esto podr\u00eda suponer dificultades en las\u00a0mipymes\u00a0por la necesidad de recolocar el personal o de redirigir la producci\u00f3n. Har\u00e1 falta, adem\u00e1s, fomentar la implementaci\u00f3n de <strong>medidas de prevenci\u00f3n<\/strong> en el puesto de trabajo para reducir la exposici\u00f3n al amianto y su eliminaci\u00f3n segura.<\/p>\n<p style=\"text-align: justify;\">Sin embargo, es importante destacar que el\u00a0PNEAC\u00a0tambi\u00e9n puede representar una oportunidad para las\u00a0mipymes. La retirada de amianto puede <strong>mejorar la salud y la seguridad<\/strong> de las personas trabajadoras, as\u00ed como la imagen y la reputaci\u00f3n de la empresa. Adem\u00e1s, si despu\u00e9s de la retirada de amianto se instalan placas fotovoltaicas, esto puede hacer mejorar la eficiencia energ\u00e9tica y la sostenibilidad de los edificios, lo que puede tener un impacto positivo en los costes a largo plazo.<\/p>\n<p style=\"text-align: justify;\">Las\u00a0mipymes\u00a0pueden minimizar estas afectaciones llevando a cabo varias medidas como, por ejemplo, <strong>planificando el proceso de retirada de amianto con antelaci\u00f3n<\/strong> para reducir el impacto en la producci\u00f3n y la actividad de la empresa. Esto puede incluir la planificaci\u00f3n de la retirada en periodos de menor actividad o prever medidas para minimizar la interrupci\u00f3n de la actividad.<\/p>\n<p style=\"text-align: justify;\">Finalmente, se debe tener en cuenta que se pueden <a href=\"https:\/\/retiradaamiant.cat\/ajuts-retirada-amiant\/\">solicitar ayudas o subvenciones<\/a> p\u00fablicas para la retirada del material que contenga amianto y que, en el marco de la Estrategia Catalana de Seguridad y Salud Laboral 2021-2026, desde la Secretar\u00eda General del Consejo de Relaciones Laborales se pone a disposici\u00f3n del tejido empresarial un <a href=\"https:\/\/treball.gencat.cat\/ca\/consell_relacions_laborals\/ci\/Estrategia-Catalana-de-Seguretat-i-Salut-Laboral-2021-2026\/\">espacio web<\/a> donde se pueden encontrar recursos sobre el amianto y otras materias relacionadas con seguridad y salud laboral.<\/p>\n<p><strong>Josep Maria Cuberes<\/strong><br \/>\nT\u00e9cnico en prevenci\u00f3n de riesgos laborales de PIMEC<\/p>\n","protected":false},"excerpt":{"rendered":"<p>El 21 de marzo del 2023 el Gobierno de la Generalitat de Catalu\u00f1a ha aprobado el Plan nacional para la erradicaci\u00f3n del amianto en Catalu\u00f1a (PNEAC), que ha de permitir lograr el objetivo fijado por la Uni\u00f3n Europea de retirar el amianto de todos los edificios p\u00fablicos antes del 2028 y del conjunto del territorio antes del a\u00f1o 2032. El\u00a0PNEAC\u00a0establece un plan de actuaci\u00f3n que incluye la identificaci\u00f3n de materiales con amianto, su retirada y gesti\u00f3n adecuada, as\u00ed como la formaci\u00f3n y la sensibilizaci\u00f3n de los profesionales implicados y la poblaci\u00f3n en general. Adem\u00e1s, tambi\u00e9n se establecen medidas para la<\/p>\n","protected":false},"author":195,"featured_media":28476,"comment_status":"open","ping_status":"closed","sticky":false,"template":"","format":"standard","meta":[],"categories":[772,342],"tags":[],"_links":{"self":[{"href":"https:\/\/www.pimealdia.org\/es\/wp-json\/wp\/v2\/posts\/28480"}],"collection":[{"href":"https:\/\/www.pimealdia.org\/es\/wp-json\/wp\/v2\/posts"}],"about":[{"href":"https:\/\/www.pimealdia.org\/es\/wp-json\/wp\/v2\/types\/post"}],"author":[{"embeddable":true,"href":"https:\/\/www.pimealdia.org\/es\/wp-json\/wp\/v2\/users\/195"}],"replies":[{"embeddable":true,"href":"https:\/\/www.pimealdia.org\/es\/wp-json\/wp\/v2\/comments?post=28480"}],"version-history":[{"count":5,"href":"https:\/\/www.pimealdia.org\/es\/wp-json\/wp\/v2\/posts\/28480\/revisions"}],"predecessor-version":[{"id":28487,"href":"https:\/\/www.pimealdia.org\/es\/wp-json\/wp\/v2\/posts\/28480\/revisions\/28487"}],"wp:featuredmedia":[{"embeddable":true,"href":"https:\/\/www.pimealdia.org\/es\/wp-json\/wp\/v2\/media\/28476"}],"wp:attachment":[{"href":"https:\/\/www.pimealdia.org\/es\/wp-json\/wp\/v2\/media?parent=28480"}],"wp:term":[{"taxonomy":"category","embeddable":true,"href":"https:\/\/www.pimealdia.org\/es\/wp-json\/wp\/v2\/categories?post=28480"},{"taxonomy":"post_tag","embeddable":true,"href":"https:\/\/www.pimealdia.org\/es\/wp-json\/wp\/v2\/tags?post=28480"}],"curies":[{"name":"wp","href":"https:\/\/api.w.org\/{rel}","templated":true}]}}