{"id":28514,"date":"2023-06-05T08:00:13","date_gmt":"2023-06-05T06:00:13","guid":{"rendered":"https:\/\/www.pimealdia.org\/?p=28514"},"modified":"2023-06-02T12:26:06","modified_gmt":"2023-06-02T10:26:06","slug":"real-decreto-sobre-la-gestion-de-los-residuos-de-envases-quien-contamina-paga","status":"publish","type":"post","link":"https:\/\/www.pimealdia.org\/es\/real-decreto-sobre-la-gestion-de-los-residuos-de-envases-quien-contamina-paga\/","title":{"rendered":"Real Decreto sobre la gesti\u00f3n de los residuos de envases: \u201cQuien contamina, paga\u201d"},"content":{"rendered":"<p style=\"text-align: justify;\"><em>El RD 1055\/2022 hace responsables de la gesti\u00f3n de los residuos de envases a quienes introducen en el mercado espa\u00f1ol un producto envasado<\/em><\/p>\n<p style=\"text-align: justify;\">Este Real Decreto comporta un cambio muy importante en quien tiene la responsabilidad de gestionar un residuo de envase.<\/p>\n<p style=\"text-align: justify;\">Hasta ahora el responsable era el poseedor final, es decir, la empresa que, despu\u00e9s de utilizar un producto, se quedaba con el envase que lo hab\u00eda contenido y este era, por lo tanto, un residuo del que se ten\u00eda que desprender.<\/p>\n<p style=\"text-align: justify;\">A partir del RD 1055\/2022, la obligaci\u00f3n de gestionar este residuo recae en el responsable de su introducci\u00f3n en el mercado espa\u00f1ol, el llamado \u201cproductor de producto\u201d.<\/p>\n<p style=\"text-align: justify;\">Este cambio se fundamenta en el concepto de la <strong>\u201cresponsabilidad ampliada del productor\u201d, <\/strong>que determina la UE y que b\u00e1sicamente supone que <strong>aquella persona que introduce un producto en el mercado se tenga que responsabilizar de su gesti\u00f3n al final de la vida \u00fatil del mismo.<\/strong><\/p>\n<p style=\"text-align: justify;\">Ya conocemos algunos ejemplos, como los envases dom\u00e9sticos, los medicamentos, los aparatos el\u00e9ctricos y electr\u00f3nicos, los neum\u00e1ticos, el aceite de motor, etc.<\/p>\n<p style=\"text-align: justify;\">En cuanto a los envases, actualmente se aplicaba este concepto solo a los dom\u00e9sticos, b\u00e1sicamente para los envases de productos alimentarios y bebidas que acaban en nuestros hogares y que despu\u00e9s depositamos en los contenedores de recogida selectiva municipales.<\/p>\n<p style=\"text-align: justify;\">EL RD 1055 extiende las obligaciones a todo tipo de residuos: dom\u00e9sticos, comerciales, de servicio e industriales.<\/p>\n<p style=\"text-align: justify;\">Los \u201cproductores de producto\u201d, que son los envasadores, importadores, adquirentes intracomunitarios, distribuidores titulares de su marca y las plataformas de comercio electr\u00f3nico deber\u00e1n organizarse para garantizar la correcta gesti\u00f3n de los envases que contienen sus productos, una vez sean residuo.<\/p>\n<p style=\"text-align: justify;\">B\u00e1sicamente tienen dos obligaciones:<\/p>\n<ul style=\"text-align: justify;\">\n<li>Inscribirse en el Registro estatal de productores de producto y declarar la informaci\u00f3n de los envases introducidos en el mercado desde 2021.<\/li>\n<li style=\"text-align: justify;\">Garantizar la gesti\u00f3n de sus envases a trav\u00e9s de un sistema de responsabilidad ampliada del productor (SCRAP)\u00a0o a trav\u00e9s de un sistema individual (SIRAP).<\/li>\n<\/ul>\n<p style=\"text-align: justify;\">Es de prever que la opci\u00f3n mayoritaria ser\u00e1 la del\u00a0SCRAP, es decir, la asociaci\u00f3n de los principales productores de producto, que, por categor\u00edas de producto, se unir\u00e1n para dar respuesta a las nuevas obligaciones y establecer la log\u00edstica para recoger todos estos envases y llevarlos a las plantas de tratamiento.<\/p>\n<p style=\"text-align: justify;\">De acuerdo con el principio de <strong>\u201cquien contamina, paga\u201d,<\/strong> los costes relativos a la gesti\u00f3n de los residuos de envases ir\u00e1n a cargo de los productores del producto.<\/p>\n<p style=\"text-align: justify;\">La opci\u00f3n del\u00a0SIRAP\u00a0ser\u00e1 aplicable en aquellos casos en que el circuito de venta de los productos envasados sea m\u00e1s f\u00e1cilmente controlable.<\/p>\n<p style=\"text-align: justify;\">Por su parte, los actuales \u201cposeedores del residuo de envase\u201d se tendr\u00e1n que inscribir en alguno de los\u00a0SCRAPS\u00a0que se constituyan. Deben estar constituidos antes del 31 de diciembre de 2024.<\/p>\n<p style=\"text-align: justify;\"><u>Excepciones:<\/u><\/p>\n<p style=\"text-align: justify;\">Para los envasadores que introduzcan en el mercado menos de 50 toneladas de envases dom\u00e9sticos de servicios, de envases comerciales o industriales, podr\u00e1 acordarse, voluntariamente, que sean los fabricantes o importadores de estos envases los que est\u00e9n obligados a la inscripci\u00f3n de manera \u00fanica para todos ellos.<\/p>\n<p style=\"text-align: justify;\">Los envasadores que introduzcan en el mercado menos de 15 toneladas de envases al a\u00f1o proporcionar\u00e1n la informaci\u00f3n de manera simplificada.<\/p>\n<p style=\"text-align: justify;\"><u>Obligaciones para el comercio alimentario al por menor:<\/u><\/p>\n<p style=\"text-align: justify;\">Aparte de las obligaciones mencionadas, esta norma establece otras medidas para reducir y prevenir el uso de los envases. Entre otros, dispone algunas obligaciones para el comercio minorista de alimentaci\u00f3n:<\/p>\n<ul style=\"text-align: justify;\">\n<li style=\"text-align: justify;\">Presentar a granel aquellas frutas y verduras frescas que se comercialicen enteras. No se aplicar\u00e1 en los lotes de 1,5 kg o m\u00e1s, en las variedades protegidas o en la agricultura ecol\u00f3gica.<\/li>\n<li style=\"text-align: justify;\">Fomentar la venta a granel de alimentos: los comercios de m\u00e1s de 400 metros cuadrados destinar\u00e1n al menos el 20% de su \u00e1rea de ventas a la oferta de productos presentados sin embalaje primario, incluida la venta a granel o mediante envases reutilizables (a partir del 1 de junio de 2023).<\/li>\n<li style=\"text-align: justify;\">Informar a sus clientes, desde el 1 de enero de 2023, de los impactos ambientales y de las obligaciones de gesti\u00f3n de los residuos de los envases de los productos que adquieran, siempre que dispongan de una superficie \u00fatil para la exposici\u00f3n y venta al p\u00fablico igual o superior a 300 metros cuadrados.<\/li>\n<\/ul>\n<p style=\"text-align: justify;\"><strong>Joan Barfull<\/strong><br \/>\nSecretario t\u00e9cnico de la Comisi\u00f3n de Sostenibilidad de PIMEC<\/p>\n","protected":false},"excerpt":{"rendered":"<p>El RD 1055\/2022 hace responsables de la gesti\u00f3n de los residuos de envases a quienes introducen en el mercado espa\u00f1ol un producto envasado Este Real Decreto comporta un cambio muy importante en quien tiene la responsabilidad de gestionar un residuo de envase. Hasta ahora el responsable era el poseedor final, es decir, la empresa que, despu\u00e9s de utilizar un producto, se quedaba con el envase que lo hab\u00eda contenido y este era, por lo tanto, un residuo del que se ten\u00eda que desprender. A partir del RD 1055\/2022, la obligaci\u00f3n de gestionar este residuo recae en el responsable de su<\/p>\n","protected":false},"author":14,"featured_media":28517,"comment_status":"open","ping_status":"closed","sticky":false,"template":"","format":"standard","meta":[],"categories":[342],"tags":[963],"_links":{"self":[{"href":"https:\/\/www.pimealdia.org\/es\/wp-json\/wp\/v2\/posts\/28514"}],"collection":[{"href":"https:\/\/www.pimealdia.org\/es\/wp-json\/wp\/v2\/posts"}],"about":[{"href":"https:\/\/www.pimealdia.org\/es\/wp-json\/wp\/v2\/types\/post"}],"author":[{"embeddable":true,"href":"https:\/\/www.pimealdia.org\/es\/wp-json\/wp\/v2\/users\/14"}],"replies":[{"embeddable":true,"href":"https:\/\/www.pimealdia.org\/es\/wp-json\/wp\/v2\/comments?post=28514"}],"version-history":[{"count":5,"href":"https:\/\/www.pimealdia.org\/es\/wp-json\/wp\/v2\/posts\/28514\/revisions"}],"predecessor-version":[{"id":28516,"href":"https:\/\/www.pimealdia.org\/es\/wp-json\/wp\/v2\/posts\/28514\/revisions\/28516"}],"wp:featuredmedia":[{"embeddable":true,"href":"https:\/\/www.pimealdia.org\/es\/wp-json\/wp\/v2\/media\/28517"}],"wp:attachment":[{"href":"https:\/\/www.pimealdia.org\/es\/wp-json\/wp\/v2\/media?parent=28514"}],"wp:term":[{"taxonomy":"category","embeddable":true,"href":"https:\/\/www.pimealdia.org\/es\/wp-json\/wp\/v2\/categories?post=28514"},{"taxonomy":"post_tag","embeddable":true,"href":"https:\/\/www.pimealdia.org\/es\/wp-json\/wp\/v2\/tags?post=28514"}],"curies":[{"name":"wp","href":"https:\/\/api.w.org\/{rel}","templated":true}]}}