{"id":28535,"date":"2023-06-07T11:54:15","date_gmt":"2023-06-07T09:54:15","guid":{"rendered":"https:\/\/www.pimealdia.org\/?p=28535"},"modified":"2023-06-07T11:57:30","modified_gmt":"2023-06-07T09:57:30","slug":"o-somos-sostenibles-o-no-seremos","status":"publish","type":"post","link":"https:\/\/www.pimealdia.org\/es\/o-somos-sostenibles-o-no-seremos\/","title":{"rendered":"\u201cO somos sostenibles, o no seremos\u201d"},"content":{"rendered":"<p style=\"text-align: justify;\">Los objetivos de la Agenda 2030 de Desarrollo Sostenible han entrado con fuerza en los planes de desarrollo y de comunicaci\u00f3n de las empresas catalanas, hasta el punto de que el lema \u201cO somos sostenibles, o no seremos\u201d ya se est\u00e1 consolidando en una sociedad que va integrando poco a poco los valores que ahora dominan la agenda mundial. <strong>Las pymes catalanas ya est\u00e1n implementando varias acciones que contribuyen a preservar el medio ambiente, adaptadas a sus necesidades y recursos<\/strong>. Entre las acciones m\u00e1s sostenibles destacan: la eficiencia energ\u00e9tica, optimizando el uso de la energ\u00eda, utilizando iluminaci\u00f3n eficiente, equipos energ\u00e9ticamente eficientes y aislamiento adecuado, as\u00ed como el uso de fuentes de energ\u00eda renovable como la solar o la e\u00f3lica; la gesti\u00f3n de residuos, implantando pr\u00e1cticas de gesti\u00f3n de residuos y optando por materiales reciclables o reutilizables; el transporte sostenible, promoviendo el uso de transportes sostenibles entre los empleados, compartiendo coches o utilizando veh\u00edculos de bajas emisiones o el\u00e9ctricos para actividades comerciales; fomentar compras sostenibles, priorizando proveedores que sigan pr\u00e1cticas sostenibles y optando por productos reciclados, org\u00e1nicos o de proximidad; la sensibilizaci\u00f3n y la educaci\u00f3n, involucrando a los empleados y creando una cultura de sostenibilidad dentro de la empresa mediante talleres, charlas o campa\u00f1as de sensibilizaci\u00f3n para educar el personal sobre la importancia de ser m\u00e1s sostenibles; o la colaboraci\u00f3n con otras empresas para conseguir econom\u00edas de escala en pr\u00e1cticas sostenibles como compartir recursos o implementar proyectos conjuntos.<\/p>\n<figure id=\"attachment_28529\" aria-describedby=\"caption-attachment-28529\" style=\"width: 450px\" class=\"wp-caption alignleft\"><img loading=\"lazy\" class=\"wp-image-28529\" src=\"https:\/\/www.pimealdia.org\/wp-content\/uploads\/2023\/06\/equip-Integra-pirineus.png\" alt=\"\" width=\"450\" height=\"327\" srcset=\"https:\/\/www.pimealdia.org\/wp-content\/uploads\/2023\/06\/equip-Integra-pirineus.png 1188w, https:\/\/www.pimealdia.org\/wp-content\/uploads\/2023\/06\/equip-Integra-pirineus-300x218.png 300w, https:\/\/www.pimealdia.org\/wp-content\/uploads\/2023\/06\/equip-Integra-pirineus-1024x745.png 1024w, https:\/\/www.pimealdia.org\/wp-content\/uploads\/2023\/06\/equip-Integra-pirineus-768x559.png 768w, https:\/\/www.pimealdia.org\/wp-content\/uploads\/2023\/06\/equip-Integra-pirineus-480x349.png 480w\" sizes=\"(max-width: 450px) 100vw, 450px\" \/><figcaption id=\"caption-attachment-28529\" class=\"wp-caption-text\">Equipo de trabajadores en la gesti\u00f3n forestal de la Fundaci\u00f3n Integra Pirineos<\/figcaption><\/figure>\n<p style=\"text-align: justify;\">La <strong>colaboraci\u00f3n con otras empresas<\/strong> es una de las pr\u00e1cticas sostenibles m\u00e1s comunes que tambi\u00e9n se lleva a cabo desde la Fundaci\u00f3n Integra Pirineos, adherida al Cl\u00faster de Bioenerg\u00eda de Catalu\u00f1a, socio colectivo de PIMEC. Integra Pirineos funciona como un Centro Especial de Ocupaci\u00f3n y una empresa de inserci\u00f3n laboral que ha ganado varios premios por los valores de solidaridad, integraci\u00f3n y sostenibilidad que promueve. Su principal tarea es acompa\u00f1ar a personas en situaci\u00f3n de vulnerabilidad para su inserci\u00f3n en el mundo laboral derivando candidatos a otras empresas, as\u00ed como a la misma Fundaci\u00f3n, donde ofrecen la gesti\u00f3n forestal sostenible como v\u00eda de ocupaci\u00f3n principal. \u201cEl c\u00edrculo se cierra en el momento en que con el material forestal que se extrae se genera biomasa para calentar las calderas de hospitales y entidades de la regi\u00f3n, que tambi\u00e9n optan por implantar un sistema sostenible en su gesti\u00f3n integral\u201d, explica Urgell Escrib\u00e0, directora de la Fundaci\u00f3n Integra Pirineos.<\/p>\n<p style=\"text-align: justify;\"><strong>Es importante que las pymes reconozcan su potencial para ser agentes de cambio social y trabajen de manera activa para fomentar la sostenibilidad, la inclusi\u00f3n y la cohesi\u00f3n social en su \u00e1rea de influencia.<\/strong> La Responsabilidad Social Empresarial (RSE)\u00a0es un aspecto relevante que implica que las empresas deben tener en cuenta los impactos sociales de sus operaciones. En este sentido, al promover la inserci\u00f3n social, las empresas no solo benefician a la comunidad local, sino que tambi\u00e9n fortalecen su reputaci\u00f3n y su relaci\u00f3n con los clientes. Recientemente, muchas empresas con sensibilidad medioambiental est\u00e1n invirtiendo sus recursos en preservar el medio ambiente incorporando pr\u00e1cticas de\u00a0RSE\u00a0en su modelo de negocio, considerando el impacto social y ambiental de sus actividades. Esto incluye acciones como la adopci\u00f3n de pr\u00e1cticas sostenibles o el apoyo a proyectos sociales, acciones que ayudan a construir una imagen positiva de la empresa y a establecer v\u00ednculos m\u00e1s fuertes con la comunidad.<\/p>\n<p style=\"text-align: justify;\">Ante la situaci\u00f3n de sequ\u00eda actual en los pulmones verdes catalanes, la Fundaci\u00f3n Integra Pirineos est\u00e1 llevando a cabo una tarea de sensibilizaci\u00f3n en empresas inversoras para obtener recursos para la gesti\u00f3n forestal sostenible de los bosques de los Pirineos, donde todav\u00eda quedan muchas hect\u00e1reas por gestionar para evitar incendios, tener cura de la biodiversidad, ayudar a mantener y mejorar la fijaci\u00f3n de CO2 y mejorar la retenci\u00f3n del agua, mediante una<strong> <a href=\"https:\/\/www.integrapirineus.com\/es\/donem-vida-al-bosc\/\">campa\u00f1a de micro mecenazgo<\/a>.<\/strong> Ya son muchas las empresas de la comarca, \u201ca pesar de que insuficientes\u201d, que practican la\u00a0RSE\u00a0ayudando en esta campa\u00f1a con 28 actuaciones concretas para salvar los bosques, de forma que la Fundaci\u00f3n Integra Pirineos hace un llamamiento a las empresas a ejercer su\u00a0RSE\u00a0\u201cdestinando recursos en un proyecto real para conservar nuestros bosques, acci\u00f3n por la cual pueden obtener importantes desgravaciones fiscales\u201d, ha dicho la directora de la Fundaci\u00f3n.<\/p>\n<figure id=\"attachment_28531\" aria-describedby=\"caption-attachment-28531\" style=\"width: 450px\" class=\"wp-caption alignright\"><img loading=\"lazy\" class=\"wp-image-28531\" src=\"https:\/\/www.pimealdia.org\/wp-content\/uploads\/2023\/06\/FOTO-Boscat2.jpg\" alt=\"\" width=\"450\" height=\"300\" srcset=\"https:\/\/www.pimealdia.org\/wp-content\/uploads\/2023\/06\/FOTO-Boscat2.jpg 1280w, https:\/\/www.pimealdia.org\/wp-content\/uploads\/2023\/06\/FOTO-Boscat2-300x200.jpg 300w, https:\/\/www.pimealdia.org\/wp-content\/uploads\/2023\/06\/FOTO-Boscat2-1024x682.jpg 1024w, https:\/\/www.pimealdia.org\/wp-content\/uploads\/2023\/06\/FOTO-Boscat2-768x512.jpg 768w, https:\/\/www.pimealdia.org\/wp-content\/uploads\/2023\/06\/FOTO-Boscat2-720x480.jpg 720w, https:\/\/www.pimealdia.org\/wp-content\/uploads\/2023\/06\/FOTO-Boscat2-480x320.jpg 480w\" sizes=\"(max-width: 450px) 100vw, 450px\" \/><figcaption id=\"caption-attachment-28531\" class=\"wp-caption-text\">Team building de gesti\u00f3n forestal de la empresa Gabarr\u00f3 organizado por Boscat con la APF de Castellar del Vall\u00e9s, Gallifa y Sant Lloren\u00e7 Savall<\/figcaption><\/figure>\n<p style=\"text-align: justify;\">En la misma l\u00ednea trabaja\u00a0<a href=\"https:\/\/boscat.cat\/\">Boscat\u00a0<\/a>en Catalu\u00f1a Central, una Federaci\u00f3n que agrupa 25 asociaciones forestales en el territorio con el objetivo de aprovechar oportunidades para la gesti\u00f3n forestal conjunta, adherida al Cl\u00faster de Bioenerg\u00eda de Catalu\u00f1a.\u00a0Boscat\u00a0ofrece servicios de dinamizaci\u00f3n buscando financiaci\u00f3n para crear proyectos de adaptaci\u00f3n de los bosques al cambio clim\u00e1tico y reducir el riesgo de grandes incendios, a la vez que dan salida a la madera que extraen de 170 municipios, y recientemente tambi\u00e9n han empezado a llevar a cabo programas de inserci\u00f3n social. El dinamizador de proyectos de la Federaci\u00f3n,\u00a0Joachim\u00a0Englert, explica que \u201cse dieron cuenta que unir esfuerzos y compartir experiencias era el camino para ser sostenibles y para la mejora de la situaci\u00f3n de un sector que ha sido olvidado, abandonado y\u00a0precarizado\u00a0durante mucho de tiempo\u201d.<\/p>\n<p style=\"text-align: justify;\">Boscat\u00a0trabaja activamente tejiendo proyectos compartidos entre las asociaciones forestales, las administraciones y las empresas que colaboran invirtiendo en la gesti\u00f3n del territorio con acciones concretas, como la prevenci\u00f3n de incendios. En este sentido,\u00a0Boscat\u00a0se ha sumado como socio t\u00e9cnico al \u00c1rea Tem\u00e1tica de Bosques a la plataforma colectiva\u00a0Nactiva, que tiene como objetivo la protecci\u00f3n y regeneraci\u00f3n del capital natural del territorio.\u00a0Nactiva\u00a0y\u00a0Boscat\u00a0lideran conjuntamente el <a href=\"https:\/\/nactiva.eco\/ca\/nactiva-bosques-ca\/\">Programa de Gesti\u00f3n Forestal Sostenible de los Bosques Mediterr\u00e1neos<\/a>, por el cual empresas, propietarios forestales, inversores, centros tecnol\u00f3gicos e instituciones locales trabajan conjuntamente para lograr objetivos ecol\u00f3gicos, socioecon\u00f3micos y empresariales.<\/p>\n<p style=\"text-align: justify;\"><strong>La sostenibilidad es un aspecto clave<\/strong> para las empresas hoy en d\u00eda y mediante la implementaci\u00f3n de pr\u00e1cticas sostenibles y responsables, pueden reducir su impacto ambiental, mejorar el bienestar social y obtener ventajas competitivas. Debemos concienciarnos de que este es el camino que beneficia tanto la empresa como el medio ambiente y la sociedad en general.<\/p>\n","protected":false},"excerpt":{"rendered":"<p>Los objetivos de la Agenda 2030 de Desarrollo Sostenible han entrado con fuerza en los planes de desarrollo y de comunicaci\u00f3n de las empresas catalanas, hasta el punto de que el lema \u201cO somos sostenibles, o no seremos\u201d ya se est\u00e1 consolidando en una sociedad que va integrando poco a poco los valores que ahora dominan la agenda mundial. Las pymes catalanas ya est\u00e1n implementando varias acciones que contribuyen a preservar el medio ambiente, adaptadas a sus necesidades y recursos. Entre las acciones m\u00e1s sostenibles destacan: la eficiencia energ\u00e9tica, optimizando el uso de la energ\u00eda, utilizando iluminaci\u00f3n eficiente, equipos energ\u00e9ticamente<\/p>\n","protected":false},"author":154,"featured_media":28538,"comment_status":"open","ping_status":"closed","sticky":false,"template":"","format":"standard","meta":[],"categories":[338],"tags":[963],"_links":{"self":[{"href":"https:\/\/www.pimealdia.org\/es\/wp-json\/wp\/v2\/posts\/28535"}],"collection":[{"href":"https:\/\/www.pimealdia.org\/es\/wp-json\/wp\/v2\/posts"}],"about":[{"href":"https:\/\/www.pimealdia.org\/es\/wp-json\/wp\/v2\/types\/post"}],"author":[{"embeddable":true,"href":"https:\/\/www.pimealdia.org\/es\/wp-json\/wp\/v2\/users\/154"}],"replies":[{"embeddable":true,"href":"https:\/\/www.pimealdia.org\/es\/wp-json\/wp\/v2\/comments?post=28535"}],"version-history":[{"count":6,"href":"https:\/\/www.pimealdia.org\/es\/wp-json\/wp\/v2\/posts\/28535\/revisions"}],"predecessor-version":[{"id":28550,"href":"https:\/\/www.pimealdia.org\/es\/wp-json\/wp\/v2\/posts\/28535\/revisions\/28550"}],"wp:featuredmedia":[{"embeddable":true,"href":"https:\/\/www.pimealdia.org\/es\/wp-json\/wp\/v2\/media\/28538"}],"wp:attachment":[{"href":"https:\/\/www.pimealdia.org\/es\/wp-json\/wp\/v2\/media?parent=28535"}],"wp:term":[{"taxonomy":"category","embeddable":true,"href":"https:\/\/www.pimealdia.org\/es\/wp-json\/wp\/v2\/categories?post=28535"},{"taxonomy":"post_tag","embeddable":true,"href":"https:\/\/www.pimealdia.org\/es\/wp-json\/wp\/v2\/tags?post=28535"}],"curies":[{"name":"wp","href":"https:\/\/api.w.org\/{rel}","templated":true}]}}