{"id":28603,"date":"2023-06-21T11:37:16","date_gmt":"2023-06-21T09:37:16","guid":{"rendered":"https:\/\/www.pimealdia.org\/?p=28603"},"modified":"2023-06-21T17:13:00","modified_gmt":"2023-06-21T15:13:00","slug":"los-canales-de-denuncia","status":"publish","type":"post","link":"https:\/\/www.pimealdia.org\/es\/los-canales-de-denuncia\/","title":{"rendered":"\u00bfLas pimes deben tener un canal de denuncias?"},"content":{"rendered":"<p style=\"text-align: justify;\">La obligatoriedad solo afecta a las grandes empresas, pero las pymes se tienen que ir poniendo las pilas. Una vez este pasado 21 de febrero se public\u00f3 en el BOE la Ley 2\/2023, de 20 de febrero, reguladora de la protecci\u00f3n de las personas que informan sobre infracciones normativas y de lucha contra la corrupci\u00f3n, se inici\u00f3 la cuenta atr\u00e1s para muchas empresas para poder disponer de un Sistema Interno de Informaci\u00f3n que incluye el Canal interno (tambi\u00e9n conocido como Canal de denuncias o Canal \u00e9tico) en los plazos que la ley establece.<\/p>\n<p style=\"text-align: justify;\"><strong>\u00bfCu\u00e1les son las fechas l\u00edmite y a qu\u00e9 empresas afecta?<\/strong><\/p>\n<p style=\"text-align: justify;\">El 13 de junio de 2023 es la fecha l\u00edmite para disponer del canal para:<\/p>\n<ul style=\"text-align: justify;\">\n<li>Las empresas con 250 o m\u00e1s personas trabajadoras.<\/li>\n<li>Las empresas, independientemente del n\u00famero de personas trabajadoras, que entren en el \u00e1mbito de aplicaci\u00f3n de los actos de la UE en materia de servicios, productos y mercados financieros, prevenci\u00f3n del blanqueo de capitales o de la financiaci\u00f3n del terrorismo, seguridad del transporte y protecci\u00f3n del medio ambiente a que hace referencia el anexo de la <a href=\"https:\/\/www.boe.es\/doue\/2019\/305\/L00017-00056.pdf\">Directiva (UE) 2019\/1937.<\/a><\/li>\n<li>Los partidos pol\u00edticos, los sindicatos, las organizaciones empresariales y las fundaciones creadas por unos y otros, siempre que reciban o gestionen fondos p\u00fablicos.<\/li>\n<\/ul>\n<p style=\"text-align: justify;\">El 1 de diciembre de 2023 es la fecha l\u00edmite para disponer del canal para:<\/p>\n<ul style=\"text-align: justify;\">\n<li>Las empresas de entre 50 y 249 personas trabajadoras que no\u00a0estuvieran\u00a0ya obligadas a disponer del canal.<\/li>\n<\/ul>\n<p style=\"text-align: justify;\"><strong>\u00bfExiste un r\u00e9gimen sancionador por incumplimiento?<\/strong><\/p>\n<p style=\"text-align: justify;\">La sanci\u00f3n a la empresa por una infracci\u00f3n muy grave (entre las que se encuentra no disponer del canal) puede llegar a 1.000.000\u20ac, con la posibilidad de prohibici\u00f3n de obtener subvenciones durante un plazo m\u00e1ximo de 4 a\u00f1os y de contratar con el sector p\u00fablico durante un plazo m\u00e1ximo de 3 a\u00f1os.<\/p>\n<p style=\"text-align: justify;\"><strong>\u00bfCu\u00e1les son los elementos m\u00e1s relevantes a los que la ley obliga?<\/strong><\/p>\n<ul style=\"text-align: justify;\">\n<li>Se tiene que nombrar a una persona alta directiva de la empresa como \u201cresponsable del sistema interno de informaci\u00f3n\u201d.<\/li>\n<li>El Sistema tiene que ser seguro y garantizar la confidencialidad, impidiendo el acceso de personal no autorizado.<\/li>\n<li>Se tienen que permitir las comunicaciones an\u00f3nimas (y debe existir la posibilidad de mantener la comunicaci\u00f3n).<\/li>\n<li>El canal tiene que estar abierto no solo a cualquier persona trabajadora de la empresa, sino a clientes, proveedores, incluso a terceros que tengan conocimiento de la comisi\u00f3n de cualquier il\u00edcito penal, laboral o administrativo. De hecho, se tiene que informar de la disponibilidad del canal en la p\u00e1gina web de inicio de la empresa.<\/li>\n<li>Tiene que integrar los diferentes canales internos que puedan existir en la empresa.<\/li>\n<li>Se tiene que enviar acuse de recibo de la comunicaci\u00f3n a la persona informante, en el plazo m\u00e1ximo de 7 d\u00edas naturales.<\/li>\n<li>Hay un plazo m\u00e1ximo de 3 meses para dar respuesta a las actuaciones de investigaci\u00f3n, pudi\u00e9ndose ampliar a 3 meses m\u00e1s en casos de especial complejidad.<\/li>\n<li>Se proh\u00edbe cualquier tipo de represalia sobre la persona informante (y tambi\u00e9n existe presunci\u00f3n de inocencia para la protecci\u00f3n de las personas afectadas).<\/li>\n<\/ul>\n<p style=\"text-align: justify;\">Ante esta nueva realidad, las pymes pueden contar con el soporte de PIMEC con su propuesta de canal <a href=\"https:\/\/www.pimec.org\/ca\/pimes-autonoms\/serveis\/assessoria-juridica\/co-resol-un-canal-denuncies-segur-confidencial\">https:\/\/www.pimec.org\/ca\/pimes-autonoms\/serveis\/assessoria-juridica\/co-resol-un-canal-denuncies-segur-confidencial<\/a> que permite no solo cumplir con todos los requerimientos legales, sino tambi\u00e9n hacerlo de manera muy r\u00e1pida y econ\u00f3mica. De esta forma podr\u00e9is dar un paso adelante en materia de mejora de la \u00e9tica y la reputaci\u00f3n.<\/p>\n<p>&nbsp;<\/p>\n<p><strong>Josep F\u00edgols<\/strong><br \/>\nColaborador del departamento Jur\u00eddico de PIMEC<\/p>\n","protected":false},"excerpt":{"rendered":"<p>La obligatoriedad solo afecta a las grandes empresas, pero las pymes se tienen que ir poniendo las pilas. Una vez este pasado 21 de febrero se public\u00f3 en el BOE la Ley 2\/2023, de 20 de febrero, reguladora de la protecci\u00f3n de las personas que informan sobre infracciones normativas y de lucha contra la corrupci\u00f3n, se inici\u00f3 la cuenta atr\u00e1s para muchas empresas para poder disponer de un Sistema Interno de Informaci\u00f3n que incluye el Canal interno (tambi\u00e9n conocido como Canal de denuncias o Canal \u00e9tico) en los plazos que la ley establece. \u00bfCu\u00e1les son las fechas l\u00edmite y a<\/p>\n","protected":false},"author":40,"featured_media":28600,"comment_status":"open","ping_status":"closed","sticky":false,"template":"","format":"standard","meta":[],"categories":[772],"tags":[],"_links":{"self":[{"href":"https:\/\/www.pimealdia.org\/es\/wp-json\/wp\/v2\/posts\/28603"}],"collection":[{"href":"https:\/\/www.pimealdia.org\/es\/wp-json\/wp\/v2\/posts"}],"about":[{"href":"https:\/\/www.pimealdia.org\/es\/wp-json\/wp\/v2\/types\/post"}],"author":[{"embeddable":true,"href":"https:\/\/www.pimealdia.org\/es\/wp-json\/wp\/v2\/users\/40"}],"replies":[{"embeddable":true,"href":"https:\/\/www.pimealdia.org\/es\/wp-json\/wp\/v2\/comments?post=28603"}],"version-history":[{"count":8,"href":"https:\/\/www.pimealdia.org\/es\/wp-json\/wp\/v2\/posts\/28603\/revisions"}],"predecessor-version":[{"id":28617,"href":"https:\/\/www.pimealdia.org\/es\/wp-json\/wp\/v2\/posts\/28603\/revisions\/28617"}],"wp:featuredmedia":[{"embeddable":true,"href":"https:\/\/www.pimealdia.org\/es\/wp-json\/wp\/v2\/media\/28600"}],"wp:attachment":[{"href":"https:\/\/www.pimealdia.org\/es\/wp-json\/wp\/v2\/media?parent=28603"}],"wp:term":[{"taxonomy":"category","embeddable":true,"href":"https:\/\/www.pimealdia.org\/es\/wp-json\/wp\/v2\/categories?post=28603"},{"taxonomy":"post_tag","embeddable":true,"href":"https:\/\/www.pimealdia.org\/es\/wp-json\/wp\/v2\/tags?post=28603"}],"curies":[{"name":"wp","href":"https:\/\/api.w.org\/{rel}","templated":true}]}}