{"id":28640,"date":"2023-06-26T12:52:21","date_gmt":"2023-06-26T10:52:21","guid":{"rendered":"https:\/\/www.pimealdia.org\/?p=28640"},"modified":"2023-06-26T13:00:49","modified_gmt":"2023-06-26T11:00:49","slug":"celesti-ventura-necesitamos-el-efecto-mancha-de-aceite-para-que-los-que-ya-hayan-ejecutado-obras-para-la-sostenibilidad-energetica-de-sus-hogares-con-los-fondos-europeos-puedan-hablar-de-lo","status":"publish","type":"post","link":"https:\/\/www.pimealdia.org\/es\/celesti-ventura-necesitamos-el-efecto-mancha-de-aceite-para-que-los-que-ya-hayan-ejecutado-obras-para-la-sostenibilidad-energetica-de-sus-hogares-con-los-fondos-europeos-puedan-hablar-de-lo\/","title":{"rendered":"Celest\u00ed Ventura: \u201cNecesitamos el efecto mancha de aceite para que quienes ya han ejecutado obras para la sostenibilidad energ\u00e9tica de sus hogares con los Fondos Europeos, puedan hablar de los beneficios en el confort, consumos energ\u00e9ticos y la salud\u201d"},"content":{"rendered":"<p style=\"text-align: justify;\">El Colegio de Arquitectura T\u00e9cnica de Barcelona es uno de los colectivos m\u00e1s importantes de Catalu\u00f1a, formado por alrededor de 7.000 profesionales colegiados. Representa la profesi\u00f3n y promueve la arquitectura t\u00e9cnica de acuerdo con las necesidades de la sociedad en cada momento y el marco legal que se aplica. El Cateb se ha integrado recientemente a PIMEC con la confianza \u201cde poder colaborar y trabajar conjuntamente para mejorar la situaci\u00f3n del sector\u201d. Adem\u00e1s de la sede central en Barcelona, el Cateb est\u00e1 implantado en las comarcas de su \u00e1mbito territorial a trav\u00e9s de las sedes de Vic, Manresa, Granollers, Terrassa, Matar\u00f3 y Vilafranca del Pened\u00e8s. Entrevistamos a su presidente, Celest\u00ed Ventura.<\/p>\n<p style=\"text-align: justify;\"><strong>\u00bfQu\u00e9 papel tiene el Colegio de la Arquitectura T\u00e9cnica de Barcelona en el fomento de la rehabilitaci\u00f3n, en lugar de la nueva construcci\u00f3n?<\/strong><\/p>\n<figure id=\"attachment_28638\" aria-describedby=\"caption-attachment-28638\" style=\"width: 400px\" class=\"wp-caption alignleft\"><img loading=\"lazy\" class=\"wp-image-28638\" src=\"https:\/\/www.pimealdia.org\/wp-content\/uploads\/2023\/06\/President-Celesti-Ventura-2019-scaled.jpg\" alt=\"\" width=\"400\" height=\"533\" srcset=\"https:\/\/www.pimealdia.org\/wp-content\/uploads\/2023\/06\/President-Celesti-Ventura-2019-scaled.jpg 1920w, https:\/\/www.pimealdia.org\/wp-content\/uploads\/2023\/06\/President-Celesti-Ventura-2019-225x300.jpg 225w, https:\/\/www.pimealdia.org\/wp-content\/uploads\/2023\/06\/President-Celesti-Ventura-2019-768x1024.jpg 768w, https:\/\/www.pimealdia.org\/wp-content\/uploads\/2023\/06\/President-Celesti-Ventura-2019-1152x1536.jpg 1152w, https:\/\/www.pimealdia.org\/wp-content\/uploads\/2023\/06\/President-Celesti-Ventura-2019-1536x2048.jpg 1536w, https:\/\/www.pimealdia.org\/wp-content\/uploads\/2023\/06\/President-Celesti-Ventura-2019-480x640.jpg 480w\" sizes=\"(max-width: 400px) 100vw, 400px\" \/><figcaption id=\"caption-attachment-28638\" class=\"wp-caption-text\">Celest\u00ed Ventura, presidente del Colegio de Arquitectura T\u00e9cnica de Barcelona<\/figcaption><\/figure>\n<p style=\"text-align: justify;\">C.V: Nuestra obligaci\u00f3n como profesionales de la arquitectura t\u00e9cnica y expertos en materia de rehabilitaci\u00f3n, es velar por el buen estado de conservaci\u00f3n y mejora del parque edificatorio actual, adapt\u00e1ndolo a las necesidades sociales y medioambientales que el momento actual requiere. Por eso, hay que concienciar a la ciudadan\u00eda, as\u00ed como orientar y formar a los arquitectos t\u00e9cnicos que tienen que ser los prescriptores de esta materia.<\/p>\n<p style=\"text-align: justify;\">No se trata en ning\u00fan caso de la sustituci\u00f3n de la obra nueva por la rehabilitaci\u00f3n. Pero los edificios que tenemos en pie han sido ejecutados bajo unos criterios donde el coste de la energ\u00eda, en el momento de su construcci\u00f3n, no era un problema, pero hoy s\u00ed que lo es. Es por eso, que hay que mejorar la eficiencia energ\u00e9tica, para que estos edificios sigan en pie muchos a\u00f1os m\u00e1s. Hay que tener en cuenta que la primera normativa en materia de rehabilitaci\u00f3n energ\u00e9tica en nuestro pa\u00eds no entra en vigor hasta el a\u00f1o 1981, momento en el cual estall\u00f3 la primera crisis del petr\u00f3leo. Tambi\u00e9n hay que tener en cuenta que m\u00e1s del 60% de nuestro parque edificado se ha construido con anterioridad a esta fecha. Y a la vez, hay que tener presente que la primera reglamentaci\u00f3n que habla de ahorro energ\u00e9tico es del 2006. Si la crisis inmobiliaria fue en 2008, con la ca\u00edda de la producci\u00f3n de viviendas, podemos decir que la mayor parte del parque existente requiere obras de mejora para ser edificios de consumo de energ\u00eda casi nula, que es el objetivo que nos hemos puesto de cara al parque edificado europeo, en 2050.<\/p>\n<p style=\"text-align: justify;\"><strong>\u00bfEn qu\u00e9 consiste la Oficina T\u00e9cnica de Rehabilitaci\u00f3n (OTR) de la cual forma parte del Cateb?<\/strong><\/p>\n<p style=\"text-align: justify;\">C.V: Las Oficinas T\u00e9cnicas de la Rehabilitaci\u00f3n de los colegios profesionales (administradores de fincas, arquitectas y arquitectos t\u00e9cnicos) est\u00e1n concebidas con el objetivo de fomentar la rehabilitaci\u00f3n energ\u00e9tica, en primer lugar, entre los profesionales, asesor\u00e1ndolos y form\u00e1ndolos en esta materia, pero tambi\u00e9n entre la ciudadan\u00eda, para que se tome conciencia de la necesidad de mejorar el rendimiento energ\u00e9tico de nuestro parque de edificios y de nuestra intervenci\u00f3n como sociedad en materia de cambio clim\u00e1tico y pobreza energ\u00e9tica.<\/p>\n<p style=\"text-align: justify;\"><strong>Empresas del sector de la instalaci\u00f3n de placas fotovoltaicas (Solideo, Otovo, Solfy y Powen) afirmaron en el mes de junio del a\u00f1o pasado que no conoc\u00edan ning\u00fan caso en que se hubiera abonado la subvenci\u00f3n de los fondos Next Generation por el autoconsumo energ\u00e9tico. \u00bfTen\u00e9is conocimiento de si ha evolucionado este dato?<\/strong><\/p>\n<p style=\"text-align: justify;\">C.V: De manera general, podemos decir que los periodos de resoluci\u00f3n de los expedientes de las diferentes convocatorias y la resoluci\u00f3n del pago de las subvenciones no van con la rapidez que tendr\u00edan que ir.<br \/>\nLas subvenciones en materia de autoconsumo son gestionadas por el ICAEN (Instituto Catal\u00e1n de la Energ\u00eda), y sabemos que tuvieron una gran demanda. En realidad, tienen un importe solicitado bastante por encima de su partida presupuestaria. En este aspecto, podemos decir que los industriales del sector de las instalaciones solares fotovoltaicas han sido muy resolutivos con la conciencia de los usuarios y con el afloramiento de expedientes.<br \/>\nBien es verdad que no tenemos conocimiento del pago efectivo de estas subvenciones, pero hay que tener en cuenta que las subvenciones de autoconsumo vienen reguladas por el Ministerio para la Transici\u00f3n Ecol\u00f3gica y lo Rindo Demogr\u00e1fico, y las subvenciones sobre las cuales nosotros informamos y fomentamos, vienen reguladas por el Ministerio de Transportes, Movilidad y Agenda Urbana, enfocadas en la aplicaci\u00f3n de soluciones constructivas para reducir la demanda energ\u00e9tica, y optimizar el consumo.<\/p>\n<p style=\"text-align: justify;\"><strong>De los 140.000 millones de euros que recibir\u00e1 Espa\u00f1a entre 2021 y 2026 de los fondos Next Generation, 5.820 se destinar\u00e1n a la rehabilitaci\u00f3n de viviendas, enfoc\u00e1ndose en la eficiencia energ\u00e9tica. Uno de los retos actuales es la rehabilitaci\u00f3n de viviendas y mejorar la eficiencia energ\u00e9tica, puesto que, en Espa\u00f1a, solo un 30% de la actividad de la construcci\u00f3n es rehabilitaci\u00f3n. \u00bfSe ha notado alg\u00fan cambio desde la aprobaci\u00f3n de los Fondos Next Generation?<\/strong><\/p>\n<p style=\"text-align: justify;\">C.V: La realidad es que antes de que llegaran los Fondos Next Generation, nuestra sociedad estaba todav\u00eda muy inmadura en materia de concienciaci\u00f3n sobre la rehabilitaci\u00f3n energ\u00e9tica. Es m\u00e1s f\u00e1cil hacer entender a la sociedad que tome conciencia sobre el menor consumo directo (el gesto de no encender la luz, por ejemplo, o llenar m\u00e1s la lavadora a la hora de ponerla, etc.) que no hacerle ver la necesidad de invertir econ\u00f3micamente en su edificio en cosas poco vistosas (aislamientos t\u00e9rmicos) para reducir la demanda y el consumo energ\u00e9tico. Pedir a la sociedad que haga un gasto, a pesar de que sea subvencionado, es un reto.<\/p>\n<p style=\"text-align: justify;\">S\u00ed que podemos decir que en el \u00faltimo a\u00f1o hemos avanzado y cada vez m\u00e1s personas toman conciencia, a pesar de que para lograr los objetivos habr\u00e1 que aumentar mucho m\u00e1s la masa cr\u00edtica. Necesitamos con urgencia el efecto mancha de aceite, cuando los primeros que hayan ejecutado obras en este \u00e1mbito y hayan recibido las subvenciones europeas, puedan hablar de los beneficios a nivel de confort y consumos energ\u00e9ticos y, por lo tanto, facturas de suministro, y, no menos importante, mejoras en cuanto a la salud.<\/p>\n<p style=\"text-align: justify;\"><strong>\u00bfQu\u00e9 se hace con el excedente de energ\u00eda solar que se produce con la instalaci\u00f3n de placas fotovoltaicas? \u00bfTienen los arquitectos un papel activo en el proceso?<\/strong><\/p>\n<p style=\"text-align: justify;\">C.V: La instalaci\u00f3n de energ\u00eda solar fotovoltaica permite transformar la energ\u00eda que captamos del sol en energ\u00eda el\u00e9ctrica, energ\u00eda que puede ser utilizada por el propietario en r\u00e9gimen de autoconsumo individual o de autoconsumo colectivo. La energ\u00eda el\u00e9ctrica captada y no consumida es excedente y se puede almacenar en bater\u00edas (instalaciones de autoconsumo) o conectar a una red para que pueda ser consumida por un tercero. La red puede ser compartida entre varios usuarios (comunidades energ\u00e9ticas) o puede ser conectada a la red de distribuci\u00f3n el\u00e9ctrica general. Y este excedente conectado a la red puede ser vendido o compensado econ\u00f3micamente, en el momento que el productor de energ\u00eda solar fotovoltaica tenga que comprar energ\u00eda a la red.<\/p>\n<p style=\"text-align: justify;\">Los arquitectos t\u00e9cnicos, como expertos en la construcci\u00f3n de edificios, tienen un papel activo en todas las intervenciones que se hacen en los edificios, y por tanto en las instalaciones de energ\u00eda solar fotovoltaica que se instalan en los edificios. Actualmente, tenemos arquitectos t\u00e9cnicos colegiados que se han especializado en este campo y que son actores destacados en el sector, \u00a1aprovech\u00e9moslos!<\/p>\n","protected":false},"excerpt":{"rendered":"<p>El Colegio de Arquitectura T\u00e9cnica de Barcelona es uno de los colectivos m\u00e1s importantes de Catalu\u00f1a, formado por alrededor de 7.000 profesionales colegiados. Representa la profesi\u00f3n y promueve la arquitectura t\u00e9cnica de acuerdo con las necesidades de la sociedad en cada momento y el marco legal que se aplica. El Cateb se ha integrado recientemente a PIMEC con la confianza \u201cde poder colaborar y trabajar conjuntamente para mejorar la situaci\u00f3n del sector\u201d. Adem\u00e1s de la sede central en Barcelona, el Cateb est\u00e1 implantado en las comarcas de su \u00e1mbito territorial a trav\u00e9s de las sedes de Vic, Manresa, Granollers, Terrassa,<\/p>\n","protected":false},"author":154,"featured_media":28636,"comment_status":"open","ping_status":"closed","sticky":false,"template":"","format":"standard","meta":[],"categories":[330],"tags":[780],"_links":{"self":[{"href":"https:\/\/www.pimealdia.org\/es\/wp-json\/wp\/v2\/posts\/28640"}],"collection":[{"href":"https:\/\/www.pimealdia.org\/es\/wp-json\/wp\/v2\/posts"}],"about":[{"href":"https:\/\/www.pimealdia.org\/es\/wp-json\/wp\/v2\/types\/post"}],"author":[{"embeddable":true,"href":"https:\/\/www.pimealdia.org\/es\/wp-json\/wp\/v2\/users\/154"}],"replies":[{"embeddable":true,"href":"https:\/\/www.pimealdia.org\/es\/wp-json\/wp\/v2\/comments?post=28640"}],"version-history":[{"count":3,"href":"https:\/\/www.pimealdia.org\/es\/wp-json\/wp\/v2\/posts\/28640\/revisions"}],"predecessor-version":[{"id":28645,"href":"https:\/\/www.pimealdia.org\/es\/wp-json\/wp\/v2\/posts\/28640\/revisions\/28645"}],"wp:featuredmedia":[{"embeddable":true,"href":"https:\/\/www.pimealdia.org\/es\/wp-json\/wp\/v2\/media\/28636"}],"wp:attachment":[{"href":"https:\/\/www.pimealdia.org\/es\/wp-json\/wp\/v2\/media?parent=28640"}],"wp:term":[{"taxonomy":"category","embeddable":true,"href":"https:\/\/www.pimealdia.org\/es\/wp-json\/wp\/v2\/categories?post=28640"},{"taxonomy":"post_tag","embeddable":true,"href":"https:\/\/www.pimealdia.org\/es\/wp-json\/wp\/v2\/tags?post=28640"}],"curies":[{"name":"wp","href":"https:\/\/api.w.org\/{rel}","templated":true}]}}