{"id":28650,"date":"2023-07-03T13:09:58","date_gmt":"2023-07-03T11:09:58","guid":{"rendered":"https:\/\/www.pimealdia.org\/?p=28650"},"modified":"2023-07-03T13:36:17","modified_gmt":"2023-07-03T11:36:17","slug":"la-salud-mas-alla-de-las-persones","status":"publish","type":"post","link":"https:\/\/www.pimealdia.org\/es\/la-salud-mas-alla-de-las-persones\/","title":{"rendered":"La salud m\u00e1s all\u00e1 de las persones"},"content":{"rendered":"<p style=\"text-align: justify;\">Las personas aut\u00f3nomas tambi\u00e9n somos humanas. Sufrimos estr\u00e9s, nos constipamos, nos lesionamos&#8230; pero en la pr\u00e1ctica de nuestra actividad empresarial parece que no tengamos derecho a ponernos enfermos o enfermas, pues <strong>si no trabajamos dejamos de facturar<\/strong> y este hecho tambi\u00e9n puede comportar otras consecuencias como, por ejemplo, la p\u00e9rdida de clientes o la acumulaci\u00f3n de tareas pendientes.<\/p>\n<p style=\"text-align: justify;\">Parece un t\u00f3pico que se tenga que elegir entre la salud y el trabajo,\u00a0\u00bfverdad?\u00a0Pues se da el caso que cuando una persona aut\u00f3noma se encuentra mal se estima m\u00e1s no ir al m\u00e9dico, puesto que en muchas ocasiones esto le genera m\u00e1s problem\u00e1ticas que beneficios.<\/p>\n<p style=\"text-align: justify;\">Es por este motivo que, en la mayor\u00eda de los casos, no somos partidarios de coger la baja por incapacidad temporal, pues <strong>la cuant\u00eda de la prestaci\u00f3n es bastante inferior<\/strong> a la cifra que normalmente se gana con el desarrollo de la actividad.<\/p>\n<p style=\"text-align: justify;\">Esto no solo afecta econ\u00f3micamente, sino que tambi\u00e9n genera consecuencias negativas a nivel emocional y f\u00edsico, perjudicando todav\u00eda m\u00e1s la salud y el bienestar.<\/p>\n<p style=\"text-align: justify;\">Datos de la Seguridad Social demuestran que las personas aut\u00f3nomas cogen menos la baja que el resto de trabajadores y trabajadoras. Aun as\u00ed, hay que destacar que, en la actualidad, gracias al Sistema\u00a0Red<strong>, se han agilizado bastante las gestiones para solicitar las bajas laborales<\/strong>, as\u00ed como su cobro.<\/p>\n<p style=\"text-align: justify;\">Sin salud no podemos desarrollar bien nuestra tarea diaria, es un elemento fundamental y, por lo tanto, cuestiones como la prevenci\u00f3n juegan un papel fundamental.<\/p>\n<p style=\"text-align: justify;\">Poner fin a esta anomal\u00eda del trabajo aut\u00f3nomo -que hay que corregir con urgencia- es una de las reivindicaciones hist\u00f3ricas de nuestra entidad. Hay que <strong>equiparar las condiciones laborales del colectivo a las del resto de trabajadores y trabajadoras <\/strong>para desarrollar nuestro trabajo en igualdad de derechos y con garant\u00edas que no pongan en riesgo la competitividad, la productividad y la viabilidad de los negocios.<\/p>\n<p style=\"text-align: justify;\"><strong>Elisabet Bach<\/strong><br \/>\nPresidenta de Aut\u00f3nomos PIMEC<\/p>\n<p style=\"text-align: justify;\">\n","protected":false},"excerpt":{"rendered":"<p>Las personas aut\u00f3nomas tambi\u00e9n somos humanas. Sufrimos estr\u00e9s, nos constipamos, nos lesionamos&#8230; pero en la pr\u00e1ctica de nuestra actividad empresarial parece que no tengamos derecho a ponernos enfermos o enfermas, pues si no trabajamos dejamos de facturar y este hecho tambi\u00e9n puede comportar otras consecuencias como, por ejemplo, la p\u00e9rdida de clientes o la acumulaci\u00f3n de tareas pendientes. Parece un t\u00f3pico que se tenga que elegir entre la salud y el trabajo,\u00a0\u00bfverdad?\u00a0Pues se da el caso que cuando una persona aut\u00f3noma se encuentra mal se estima m\u00e1s no ir al m\u00e9dico, puesto que en muchas ocasiones esto le genera m\u00e1s<\/p>\n","protected":false},"author":105,"featured_media":28180,"comment_status":"open","ping_status":"closed","sticky":false,"template":"","format":"standard","meta":[],"categories":[770],"tags":[],"_links":{"self":[{"href":"https:\/\/www.pimealdia.org\/es\/wp-json\/wp\/v2\/posts\/28650"}],"collection":[{"href":"https:\/\/www.pimealdia.org\/es\/wp-json\/wp\/v2\/posts"}],"about":[{"href":"https:\/\/www.pimealdia.org\/es\/wp-json\/wp\/v2\/types\/post"}],"author":[{"embeddable":true,"href":"https:\/\/www.pimealdia.org\/es\/wp-json\/wp\/v2\/users\/105"}],"replies":[{"embeddable":true,"href":"https:\/\/www.pimealdia.org\/es\/wp-json\/wp\/v2\/comments?post=28650"}],"version-history":[{"count":2,"href":"https:\/\/www.pimealdia.org\/es\/wp-json\/wp\/v2\/posts\/28650\/revisions"}],"predecessor-version":[{"id":28653,"href":"https:\/\/www.pimealdia.org\/es\/wp-json\/wp\/v2\/posts\/28650\/revisions\/28653"}],"wp:featuredmedia":[{"embeddable":true,"href":"https:\/\/www.pimealdia.org\/es\/wp-json\/wp\/v2\/media\/28180"}],"wp:attachment":[{"href":"https:\/\/www.pimealdia.org\/es\/wp-json\/wp\/v2\/media?parent=28650"}],"wp:term":[{"taxonomy":"category","embeddable":true,"href":"https:\/\/www.pimealdia.org\/es\/wp-json\/wp\/v2\/categories?post=28650"},{"taxonomy":"post_tag","embeddable":true,"href":"https:\/\/www.pimealdia.org\/es\/wp-json\/wp\/v2\/tags?post=28650"}],"curies":[{"name":"wp","href":"https:\/\/api.w.org\/{rel}","templated":true}]}}