{"id":28654,"date":"2023-07-04T10:30:40","date_gmt":"2023-07-04T08:30:40","guid":{"rendered":"https:\/\/www.pimealdia.org\/?p=28654"},"modified":"2023-07-04T10:37:46","modified_gmt":"2023-07-04T08:37:46","slug":"sense-salut-no-hi-ha-feina","status":"publish","type":"post","link":"https:\/\/www.pimealdia.org\/es\/sense-salut-no-hi-ha-feina\/","title":{"rendered":"Sin salud no hay trabajo"},"content":{"rendered":"<p>Existen pocos estudios que analicen con profundidad el estado de salud de los profesionales aut\u00f3nomos respecto al conjunto de la poblaci\u00f3n. De hecho, la\u00a0<em>Estrategia\u00a0Nacional de\u00a0Impulso\u00a0del\u00a0Trabajo\u00a0Aut\u00f3nomo\u00a02022-2027<\/em> del Gobierno del Estado establece que hay que mejorar la informaci\u00f3n sobre las necesidades del trabajador aut\u00f3nomo, incluyendo aspectos como la salud.<\/p>\n<p>No obstante, s\u00ed que existen documentos y trabajos que realizan una aproximaci\u00f3n a diferentes aspectos relacionados con la salud de los aut\u00f3nomos. El Ministerio de Trabajo y Econom\u00eda Social, por ejemplo, ha publicado el documento <em>Precariedad\u00a0laboral\u00a0y\u00a0salud\u00a0mental.\u00a0Conocimientos\u00a0y\u00a0pol\u00edticas<\/em>, que indica que existe evidencia de la relaci\u00f3n entre el trabajo aut\u00f3nomo y la salud mental, y que pueden existir asociaciones entre el trabajo por cuenta propia y el estr\u00e9s, la depresi\u00f3n o la ansiedad.<\/p>\n<p>La Organizaci\u00f3n Mundial de la Salud y la Organizaci\u00f3n Internacional del Trabajo, por su parte, relacionan l<strong>os problemas de salud cardiovasculares y las jornadas largas de trabajo, que en los \u00faltimos a\u00f1os se han visto incrementadas<\/strong> por fen\u00f3menos como el teletrabajo, el aumento de los trabajos flexibles o el trabajo aut\u00f3nomo.<\/p>\n<p>Un art\u00edculo publicado por investigadores de la Universidad Aut\u00f3noma de Madrid y la Universidad de Granada, seleccionado por la Fundaci\u00f3n la Caixa, se\u00f1ala que el trabajo temporal y, sobre todo, el autoempleo reducen el bienestar de los trabajadores. Seg\u00fan este estudio, los trabajadores temporales y aut\u00f3nomos tienen unos niveles de salud un 37% menores que los de los asalariados permanentes. La salud es el \u00e1mbito del bienestar donde la reducci\u00f3n es m\u00e1s notable.<\/p>\n<p>Seg\u00fan la Asociaci\u00f3n Espa\u00f1ola contra el C\u00e1ncer, <strong>la enfermedad oncol\u00f3gica deja cada a\u00f1o en Espa\u00f1a 25.000 personas en riesgo de exclusi\u00f3n.<\/strong> Este riesgo de exclusi\u00f3n afecta fundamentalmente a tres colectivos: los aut\u00f3nomos, los desempleados y los trabajadores con bajos ingresos. De acuerdo con el estudio del\u00a0AECC, en 2022 se detectaron 13.015 casos de c\u00e1ncer en aut\u00f3nomos.<\/p>\n<p>Sin caer en el alarmismo, todos estos datos nos tienen que hacer pensar en la necesidad de poner el foco en la salud de los aut\u00f3nomos, con m\u00e1s conocimiento, y, sobre todo, con una mayor atenci\u00f3n.<\/p>\n<p>La escasa disponibilidad de tiempo para acudir a los centros de salud, la elevada carga de trabajo o el exceso de responsabilidad en una sola persona, especialmente en el caso de aut\u00f3nomos que trabajan solos, pueden ser factores que acaben teniendo consecuencias sobre la salud de estas personas. Por este motivo, es necesario que los profesionales de la salud y las instituciones de este \u00e1mbito tengamos especial cuidado.<\/p>\n<p>La red de oficinas de farmacia se caracteriza por su proximidad, accesibilidad y capilaridad por todo el territorio. Estos atributos nos sit\u00faan en una posici\u00f3n favorable para dar respuesta a las necesidades de estos profesionales. Por eso, desde la Federaci\u00f3n de Asociaciones de Farmacias de Catalunya, en colaboraci\u00f3n con Aut\u00f2noms\u00a0PIMEC, estamos trabajando para dise\u00f1ar estrategias que nos permitan ayudar a los aut\u00f3nomos a cuidar de su salud y dar una primera respuesta a sus necesidades.<\/p>\n<p>Porque la salud es lo primero, y sin salud no hay trabajo.<\/p>\n<p>&nbsp;<\/p>\n<p>Autoras:<\/p>\n<p><strong>Eva Boscasa<\/strong><br \/>\nFarmac\u00e9utica y miembro de la Junta Directiva de la Asociaci\u00f3n de Farmacias de Barcelona (AFB)<\/p>\n<p><strong>N\u00faria Escarrer<\/strong><br \/>\nFarmac\u00e9utica y miembro de la Junta Directiva de l\u2019Asociaci\u00f3n de Farmacias de Barcelona (AFB)<\/p>\n","protected":false},"excerpt":{"rendered":"<p>Existen pocos estudios que analicen con profundidad el estado de salud de los profesionales aut\u00f3nomos respecto al conjunto de la poblaci\u00f3n. De hecho, la\u00a0Estrategia\u00a0Nacional de\u00a0Impulso\u00a0del\u00a0Trabajo\u00a0Aut\u00f3nomo\u00a02022-2027 del Gobierno del Estado establece que hay que mejorar la informaci\u00f3n sobre las necesidades del trabajador aut\u00f3nomo, incluyendo aspectos como la salud. No obstante, s\u00ed que existen documentos y trabajos que realizan una aproximaci\u00f3n a diferentes aspectos relacionados con la salud de los aut\u00f3nomos. El Ministerio de Trabajo y Econom\u00eda Social, por ejemplo, ha publicado el documento Precariedad\u00a0laboral\u00a0y\u00a0salud\u00a0mental.\u00a0Conocimientos\u00a0y\u00a0pol\u00edticas, que indica que existe evidencia de la relaci\u00f3n entre el trabajo aut\u00f3nomo y la salud mental, y<\/p>\n","protected":false},"author":154,"featured_media":28655,"comment_status":"open","ping_status":"closed","sticky":false,"template":"","format":"standard","meta":[],"categories":[342],"tags":[971],"_links":{"self":[{"href":"https:\/\/www.pimealdia.org\/es\/wp-json\/wp\/v2\/posts\/28654"}],"collection":[{"href":"https:\/\/www.pimealdia.org\/es\/wp-json\/wp\/v2\/posts"}],"about":[{"href":"https:\/\/www.pimealdia.org\/es\/wp-json\/wp\/v2\/types\/post"}],"author":[{"embeddable":true,"href":"https:\/\/www.pimealdia.org\/es\/wp-json\/wp\/v2\/users\/154"}],"replies":[{"embeddable":true,"href":"https:\/\/www.pimealdia.org\/es\/wp-json\/wp\/v2\/comments?post=28654"}],"version-history":[{"count":4,"href":"https:\/\/www.pimealdia.org\/es\/wp-json\/wp\/v2\/posts\/28654\/revisions"}],"predecessor-version":[{"id":28665,"href":"https:\/\/www.pimealdia.org\/es\/wp-json\/wp\/v2\/posts\/28654\/revisions\/28665"}],"wp:featuredmedia":[{"embeddable":true,"href":"https:\/\/www.pimealdia.org\/es\/wp-json\/wp\/v2\/media\/28655"}],"wp:attachment":[{"href":"https:\/\/www.pimealdia.org\/es\/wp-json\/wp\/v2\/media?parent=28654"}],"wp:term":[{"taxonomy":"category","embeddable":true,"href":"https:\/\/www.pimealdia.org\/es\/wp-json\/wp\/v2\/categories?post=28654"},{"taxonomy":"post_tag","embeddable":true,"href":"https:\/\/www.pimealdia.org\/es\/wp-json\/wp\/v2\/tags?post=28654"}],"curies":[{"name":"wp","href":"https:\/\/api.w.org\/{rel}","templated":true}]}}