{"id":28758,"date":"2023-08-04T11:35:00","date_gmt":"2023-08-04T09:35:00","guid":{"rendered":"https:\/\/www.pimealdia.org\/?p=28758"},"modified":"2023-08-04T11:36:41","modified_gmt":"2023-08-04T09:36:41","slug":"quiero-una-barcelona-para-los-que-viven-en-ella-y-para-los-que-la-hacen-vivir-generando-nuevas-oportunidades-de-progreso-y-trabajo","status":"publish","type":"post","link":"https:\/\/www.pimealdia.org\/es\/quiero-una-barcelona-para-los-que-viven-en-ella-y-para-los-que-la-hacen-vivir-generando-nuevas-oportunidades-de-progreso-y-trabajo\/","title":{"rendered":"&#8220;Quiero una Barcelona para los que viven en ella y para los que la hacen vivir generando nuevas oportunidades de progreso y trabajo&#8221;"},"content":{"rendered":"<p><strong>Recientemente ha comenzado su mandato como alcalde y estamos comprobando su fren\u00e9tica actividad. \u00bfC\u00f3mo est\u00e1 viviendo este inicio de etapa?<\/strong><\/p>\n<p>Inicio esta nueva etapa con muchas ganas de trabajar por nuestra ciudad. Estas primeras semanas estamos dedicando mucha energ\u00eda a ordenar Barcelona, en un sentido amplio de la palabra, para recuperar el orgullo de los barceloneses y barcelonesas. Hemos empezado con los \u00e1mbitos de limpieza, civismo y seguridad porque tengo claro que, como alcalde, las preocupaciones de la ciudadan\u00eda deben ser mis prioridades.<\/p>\n<p>Se trata, adem\u00e1s, de medidas que, m\u00e1s all\u00e1 de mejorar la imagen de la ciudad, tienen un impacto directo en el progreso econ\u00f3mico y social. Quiero que Barcelona vuelva a ser capital econ\u00f3mica de Catalunya, Espa\u00f1a y Europa. Al mismo tiempo, Barcelona debe proteger a los sectores tradicionales de su econom\u00eda, el peque\u00f1o comercio, las pymes, los aut\u00f3nomos, la restauraci\u00f3n&#8230; Y para ello, PIMEC juega un papel clave.<\/p>\n<p><strong>\u00bfHar\u00e1 cambios en el \u00e1mbito de la fiscalidad municipal?<\/strong><\/p>\n<p>En el \u00faltimo mandato, en un contexto muy marcado por la pandemia, hemos apoyado a pymes y personas aut\u00f3nomas con medidas como la eliminaci\u00f3n de la tasa de inicio de actividad econ\u00f3mica, la reducci\u00f3n del 75% de la tasa de terrazas, los veladores y otros eventos en la v\u00eda p\u00fablica o la TREC, en este \u00faltimo caso para evitar desigualdades competitivas entre el comercio local y las grandes operadoras de e-commerce. Mi objetivo es seguir implementando medidas para ayudar al tejido empresarial con iniciativas como bonificaciones al IAE y al IBI, o la bonificaci\u00f3n a la cuota del IAE para las empresas con un plan de transporte para sus trabajadores.<\/p>\n<p><strong>\u00bfTiene la intenci\u00f3n de simplificar la burocracia?<\/strong><\/p>\n<p>Absolutamente. Por eso contamos con una herramienta como el Plan Barcelona F\u00e1cil, nos hemos adherido a la ventanilla \u00fanica empresarial y hemos reducido en un 20% el per\u00edodo de pago a proveedores. Hoy, una empresa puede constituirse en Barcelona en una media de 48 horas. Entre otras medidas, reduciremos la media de tiempo para obtener licencias de obras y actividades.<\/p>\n<p><strong>\u00bfQu\u00e9 medidas quiere priorizar en materia de movilidad e infraestructuras?<\/strong><\/p>\n<p>Mi voluntad es crear un consejo asesor de infraestructuras, formado por personas de diferentes perfiles y \u00e1mbitos, que eval\u00fae c\u00f3mo debe llevarse a cabo la ampliaci\u00f3n del aeropuerto, con el m\u00ednimo impacto posible, pero permitiendo la conectividad que nos debe hacer m\u00e1s competitivos. Por otro lado, necesitamos que la Generalitat cumpla con los compromisos acordados en los presupuestos con el PSC y podamos visualizar la finalizaci\u00f3n de la L9, la ampliaci\u00f3n de la L1 hasta Badalona, de la L3 hasta Esplugues de Llobregat y de la L4 hasta Sagrera.<\/p>\n<p><strong>\u00bfQu\u00e9 har\u00e1 para mejorar la competitividad del comercio?<\/strong><\/p>\n<p>Hay que proteger el comercio local, moderniz\u00e1ndolo para que compita en igualdad de condiciones, aproveche las oportunidades de la transici\u00f3n digital y siga dando vida y trabajo a todos los barrios. Volveremos a lanzar el Bonus Consum, hemos apoyado la instauraci\u00f3n de la capitalidad europea del comercio de proximidad, mantendremos para este 2023 el 75% de bonificaci\u00f3n para las luces de Navidad, o destinaremos preferentemente la TREC, que supone casi 2&#8217;6M \u20ac, a financiar actuaciones orientadas al fortalecimiento del sector.<\/p>\n<p><strong>Nuestra labor como patronal pasa tambi\u00e9n por llegar a acuerdos con instituciones como el Ayuntamiento de Barcelona, con el que impulsamos acciones a trav\u00e9s de la colaboraci\u00f3n p\u00fablico-privada. \u00bfSeguiremos con esta din\u00e1mica, verdad, alcalde?<\/strong><\/p>\n<p>No s\u00f3lo seguiremos con esta din\u00e1mica, sino que la intensificaremos. Para garantizar de forma integral y eficaz el desarrollo socioecon\u00f3mico de nuestra ciudad de modo que sea competitiva es necesaria esta colaboraci\u00f3n y un trabajo en red de todos los agentes econ\u00f3micos y sociales implicados, como ustedes.<\/p>\n<p><strong>El turismo de la ciudad es sin duda uno de los motores econ\u00f3micos de nuestro pa\u00eds y el modelo tur\u00edstico est\u00e1 siempre sujeto a cr\u00edticas. \u00bfConsidera que hay que realizar cambios?<\/strong><\/p>\n<p>Quiero una ciudad con turismo, no una ciudad tur\u00edstica. Barcelona est\u00e1 llegando al l\u00edmite de su capacidad y debemos pasar a un nuevo escenario en el que la prioridad sea la gesti\u00f3n del turismo m\u00e1s que la promoci\u00f3n. De ah\u00ed que estemos trabajando en un modelo basado en 4 pilares: la calidad en el visitante y en el empleo que genera; la sostenibilidad y la garant\u00eda de un equilibrio en la ciudad y en el \u00e1rea metropolitana; el orden y la convivencia, es decir, que sea un turismo respetuoso y c\u00edvico; as\u00ed como el avance hacia un turismo regulado de la mano del sector.<\/p>\n<p><strong>\u00bfC\u00f3mo ayudar\u00e1 a las pymes a ser m\u00e1s sostenibles?<\/strong><\/p>\n<p>Queremos consensuar medidas que nos permitan, por ejemplo, reducir las emisiones o implementar energ\u00edas renovables mediante instrumentos como el Mecanismo para la Energ\u00eda Sostenible, para el fomento de la instalaci\u00f3n de placas solares. En este sentido, quiero destacar tambi\u00e9n iniciativas como el convenio de colaboraci\u00f3n firmado entre el Ayuntamiento y PIMEC para impulsar la Oficina de Transici\u00f3n Energ\u00e9tica. Una muestra m\u00e1s de que el acuerdo y el di\u00e1logo ser\u00e1n los motores que nos har\u00e1n avanzar.<\/p>\n<p><strong>En clave personal<\/strong><\/p>\n<ul>\n<li><strong>Un deseo. <\/strong>Recientemente se ha hecho realidad lo que ha sido mi principal deseo y por lo que he estado trabajando durante los \u00faltimos diez a\u00f1os: el honor de ser el alcalde de mi ciudad.<\/li>\n<li><strong>Un libro.<\/strong> \u201cObservar el arroz crecer\u201d, de Julio Ceballos.<\/li>\n<li><strong>Un consejo que le haya servido.<\/strong> Acepta cr\u00edticas s\u00f3lo de quien tambi\u00e9n aceptar\u00edas un consejo.<\/li>\n<li><strong>Si le decimos \u201cplacer\u201d, qu\u00e9 le sugiere&#8230;<\/strong> Ir a comprar al mercado y a las tiendas de barrio productos frescos y de temporada para despu\u00e9s cocinar para la familia o amigos.<\/li>\n<\/ul>\n","protected":false},"excerpt":{"rendered":"<p>Recientemente ha comenzado su mandato como alcalde y estamos comprobando su fren\u00e9tica actividad. \u00bfC\u00f3mo est\u00e1 viviendo este inicio de etapa? Inicio esta nueva etapa con muchas ganas de trabajar por nuestra ciudad. Estas primeras semanas estamos dedicando mucha energ\u00eda a ordenar Barcelona, en un sentido amplio de la palabra, para recuperar el orgullo de los barceloneses y barcelonesas. Hemos empezado con los \u00e1mbitos de limpieza, civismo y seguridad porque tengo claro que, como alcalde, las preocupaciones de la ciudadan\u00eda deben ser mis prioridades. Se trata, adem\u00e1s, de medidas que, m\u00e1s all\u00e1 de mejorar la imagen de la ciudad, tienen un<\/p>\n","protected":false},"author":83,"featured_media":28756,"comment_status":"open","ping_status":"closed","sticky":false,"template":"","format":"standard","meta":[],"categories":[342],"tags":[996,993,995,992,994,991],"_links":{"self":[{"href":"https:\/\/www.pimealdia.org\/es\/wp-json\/wp\/v2\/posts\/28758"}],"collection":[{"href":"https:\/\/www.pimealdia.org\/es\/wp-json\/wp\/v2\/posts"}],"about":[{"href":"https:\/\/www.pimealdia.org\/es\/wp-json\/wp\/v2\/types\/post"}],"author":[{"embeddable":true,"href":"https:\/\/www.pimealdia.org\/es\/wp-json\/wp\/v2\/users\/83"}],"replies":[{"embeddable":true,"href":"https:\/\/www.pimealdia.org\/es\/wp-json\/wp\/v2\/comments?post=28758"}],"version-history":[{"count":2,"href":"https:\/\/www.pimealdia.org\/es\/wp-json\/wp\/v2\/posts\/28758\/revisions"}],"predecessor-version":[{"id":28763,"href":"https:\/\/www.pimealdia.org\/es\/wp-json\/wp\/v2\/posts\/28758\/revisions\/28763"}],"wp:featuredmedia":[{"embeddable":true,"href":"https:\/\/www.pimealdia.org\/es\/wp-json\/wp\/v2\/media\/28756"}],"wp:attachment":[{"href":"https:\/\/www.pimealdia.org\/es\/wp-json\/wp\/v2\/media?parent=28758"}],"wp:term":[{"taxonomy":"category","embeddable":true,"href":"https:\/\/www.pimealdia.org\/es\/wp-json\/wp\/v2\/categories?post=28758"},{"taxonomy":"post_tag","embeddable":true,"href":"https:\/\/www.pimealdia.org\/es\/wp-json\/wp\/v2\/tags?post=28758"}],"curies":[{"name":"wp","href":"https:\/\/api.w.org\/{rel}","templated":true}]}}