{"id":28780,"date":"2023-08-16T10:16:13","date_gmt":"2023-08-16T08:16:13","guid":{"rendered":"https:\/\/www.pimealdia.org\/?p=28780"},"modified":"2023-08-16T10:17:40","modified_gmt":"2023-08-16T08:17:40","slug":"legislar-pensando-en-los-pequenos-desde-la-ue-para-hacer-grande-la-economia-catalana","status":"publish","type":"post","link":"https:\/\/www.pimealdia.org\/es\/legislar-pensando-en-los-pequenos-desde-la-ue-para-hacer-grande-la-economia-catalana\/","title":{"rendered":"Legislar pensando en los peque\u00f1os desde la UE para hacer grande la econom\u00eda catalana"},"content":{"rendered":"<p style=\"text-align: justify;\">Espa\u00f1a ha asumido la presidencia del Consejo de la UE, mandato que desarrollar\u00e1 desde julio hasta finales de a\u00f1o. En este periodo, tendr\u00e1 el reto de activar medidas que sean beneficiosas para nuestro progreso a corto, mediano y largo plazo.<\/p>\n<p>Este a\u00f1o celebramos el 15\u00ba aniversario del Small Business Act, el dec\u00e1logo europeo para las pymes, que ten\u00eda como objetivo simplificar el \u00e1mbito normativo, promover la segunda oportunidad, facilitar el acceso a la contrataci\u00f3n p\u00fablica y poner fin a la morosidad. Adem\u00e1s de estos objetivos, han aparecido nuevos retos como los elevados costes energ\u00e9ticos y de las materias primas, as\u00ed como una inflaci\u00f3n excesiva.<\/p>\n<p>Para <strong>que Europa acontezca m\u00e1s competitiva, verde, justa, con talento y empleo, integrada en el mundo y, sobre todo, adaptada a las pymes<\/strong>, hemos elaborado un conjunto de <a href=\"https:\/\/www.pimec.org\/sites\/default\/files\/propuestas.pdf\">50 propuestas<\/a>.<b><\/b><span data-ccp-props=\"{&quot;134233117&quot;:false,&quot;134233118&quot;:false,&quot;201341983&quot;:0,&quot;335551550&quot;:3,&quot;335551620&quot;:3,&quot;335559738&quot;:0,&quot;335559739&quot;:0,&quot;335559740&quot;:240}\">\u00a0<\/span><\/p>\n<p style=\"text-align: justify;\">En el marco de diferentes encuentros con instituciones catalanas, espa\u00f1olas y europeas, reiteramos la necesidad de que se legisle pensando en los m\u00e1s peque\u00f1os y de que <strong>hay que trabajar m\u00e1s all\u00e1 de las actuaciones de un semestre y plantear medidas de cara a la pr\u00f3xima legislatura europea<\/strong>.<\/p>\n<p><img loading=\"lazy\" class=\"size-medium wp-image-28323 alignleft\" src=\"https:\/\/www.pimealdia.org\/wp-content\/uploads\/2023\/05\/Europa-pime-300x203.jpg\" alt=\"\" width=\"300\" height=\"203\" srcset=\"https:\/\/www.pimealdia.org\/wp-content\/uploads\/2023\/05\/Europa-pime-300x203.jpg 300w, https:\/\/www.pimealdia.org\/wp-content\/uploads\/2023\/05\/Europa-pime-480x325.jpg 480w, https:\/\/www.pimealdia.org\/wp-content\/uploads\/2023\/05\/Europa-pime.jpg 680w\" sizes=\"(max-width: 300px) 100vw, 300px\" \/>En el \u00e1mbito laboral se debe promover <strong>la reconversi\u00f3n de los trabajadores y la Formci\u00f3n Profesional<\/strong> para que las empresas puedan hacer frente a la falta de personal que sufren y tener acceso a las competencias que les permitan innovar, digitalizarse y llevar a cabo la transici\u00f3n verde.<\/p>\n<p>Sobre sostenibilidad, alertamos que numerosas regulaciones europeas est\u00e1n introduciendo requisitos de informaci\u00f3n que supondr\u00e1n costes excesivos para las pymes. La transici\u00f3n verde no se tiene que centrar tanto en obligar sino en <strong>incentivar y acompa\u00f1ar las pymes<\/strong>.<\/p>\n<p>En el \u00e1mbito econ\u00f3mico, exigimos <strong>poner fin a la morosidad<\/strong>, y la revisi\u00f3n de la directiva europea es una oportunidad que no podemos dejar pasar. Reclamamos que se incluyan plazos estrictos de pago y un r\u00e9gimen sancionador.<\/p>\n<p>Por otro lado, defendemos una Europa m\u00e1s justa y cohesionada, que pasa por <strong>una pol\u00edtica rural centrada en las pymes<\/strong> y por una pol\u00edtica fiscal que tenga en cuenta el principio de proporcionalidad en el esfuerzo fiscal.<\/p>\n<p>La aplicaci\u00f3n de estas medidas tiene que ir acompa\u00f1ada de instrumentos financieros y <strong>los fondos\u00a0Next\u00a0Generation\u00a0EU tienen que dedicarse preferentemente a las pymes<\/strong>. Solo as\u00ed se podr\u00e1 impulsar la competitividad y se garantizar\u00e1 la viabilidad de nuestras empresas en este entorno lleno de nuevos retos.<\/p>\n<p style=\"text-align: right;\"><strong>Rosa Solanes &#8211; Representante de PIMEC a Europa<\/strong><\/p>\n","protected":false},"excerpt":{"rendered":"<p>Espa\u00f1a ha asumido la presidencia del Consejo de la UE, mandato que desarrollar\u00e1 desde julio hasta finales de a\u00f1o. En este periodo, tendr\u00e1 el reto de activar medidas que sean beneficiosas para nuestro progreso a corto, mediano y largo plazo. Este a\u00f1o celebramos el 15\u00ba aniversario del Small Business Act, el dec\u00e1logo europeo para las pymes, que ten\u00eda como objetivo simplificar el \u00e1mbito normativo, promover la segunda oportunidad, facilitar el acceso a la contrataci\u00f3n p\u00fablica y poner fin a la morosidad. Adem\u00e1s de estos objetivos, han aparecido nuevos retos como los elevados costes energ\u00e9ticos y de las materias primas, as\u00ed<\/p>\n","protected":false},"author":76,"featured_media":29018,"comment_status":"open","ping_status":"closed","sticky":false,"template":"","format":"standard","meta":[],"categories":[770],"tags":[1085,746],"_links":{"self":[{"href":"https:\/\/www.pimealdia.org\/es\/wp-json\/wp\/v2\/posts\/28780"}],"collection":[{"href":"https:\/\/www.pimealdia.org\/es\/wp-json\/wp\/v2\/posts"}],"about":[{"href":"https:\/\/www.pimealdia.org\/es\/wp-json\/wp\/v2\/types\/post"}],"author":[{"embeddable":true,"href":"https:\/\/www.pimealdia.org\/es\/wp-json\/wp\/v2\/users\/76"}],"replies":[{"embeddable":true,"href":"https:\/\/www.pimealdia.org\/es\/wp-json\/wp\/v2\/comments?post=28780"}],"version-history":[{"count":2,"href":"https:\/\/www.pimealdia.org\/es\/wp-json\/wp\/v2\/posts\/28780\/revisions"}],"predecessor-version":[{"id":28783,"href":"https:\/\/www.pimealdia.org\/es\/wp-json\/wp\/v2\/posts\/28780\/revisions\/28783"}],"wp:featuredmedia":[{"embeddable":true,"href":"https:\/\/www.pimealdia.org\/es\/wp-json\/wp\/v2\/media\/29018"}],"wp:attachment":[{"href":"https:\/\/www.pimealdia.org\/es\/wp-json\/wp\/v2\/media?parent=28780"}],"wp:term":[{"taxonomy":"category","embeddable":true,"href":"https:\/\/www.pimealdia.org\/es\/wp-json\/wp\/v2\/categories?post=28780"},{"taxonomy":"post_tag","embeddable":true,"href":"https:\/\/www.pimealdia.org\/es\/wp-json\/wp\/v2\/tags?post=28780"}],"curies":[{"name":"wp","href":"https:\/\/api.w.org\/{rel}","templated":true}]}}