{"id":28791,"date":"2023-08-21T10:17:33","date_gmt":"2023-08-21T08:17:33","guid":{"rendered":"https:\/\/www.pimealdia.org\/?p=28791"},"modified":"2023-08-21T10:17:33","modified_gmt":"2023-08-21T08:17:33","slug":"el-textil-en-cataluna-un-ejemplo-de-resiliencia-y-capacidad-de-adaptacion","status":"publish","type":"post","link":"https:\/\/www.pimealdia.org\/es\/el-textil-en-cataluna-un-ejemplo-de-resiliencia-y-capacidad-de-adaptacion\/","title":{"rendered":"El textil en Catalu\u00f1a, un ejemplo de resiliencia y capacidad de adaptaci\u00f3n"},"content":{"rendered":"<p style=\"text-align: justify;\">El textil es uno de los sectores con m\u00e1s tradici\u00f3n y un elemento clave para entender el pa\u00eds que tenemos hoy. De hecho, fue uno de los elementos m\u00e1s caracter\u00edsticos de la revoluci\u00f3n industrial en Catalu\u00f1a. El esp\u00edritu de aquellos primeros emprendedores ha llegado hasta nuestros d\u00edas, en forma de un importante patrimonio cultural, que vale mucho la pena conocer.<\/p>\n<p style=\"text-align: justify;\">Hoy en d\u00eda la econom\u00eda est\u00e1 m\u00e1s diversificada, afortunadamente, porque esto la hace menos dependiente de un sector concreto que siempre es un riesgo. Aun as\u00ed, la bajada del sector textil, especialmente intensa en la parte productiva de la cadena de valor del sector, tambi\u00e9n ha ido acompa\u00f1ada de una disminuci\u00f3n general del peso de la industria en todos los pa\u00edses desarrollados, as\u00ed como en el estado espa\u00f1ol. Algo que es preocupante porque la industria genera puestos de trabajo cualificados, innovaci\u00f3n tecnol\u00f3gica, capacidad de internacionalizaci\u00f3n y es tractora.<\/p>\n<p style=\"text-align: justify;\">En Catalu\u00f1a el PIB industrial ha pasado del 26,9% del a\u00f1o 2000 al 18,5% previsto en 2022 seg\u00fan\u00a0IDESCAT. De aqu\u00ed la importancia de iniciativas que buscan reindustrializar el territorio como el Pacto Nacional por la Industria o m\u00e1s espec\u00edficamente del Pacto por la moda circular, del que\u00a0PIMEC\u00a0es un actor clave para su \u00e9xito.<\/p>\n<p style=\"text-align: justify;\"><img loading=\"lazy\" class=\"size-medium wp-image-28787 alignleft\" src=\"https:\/\/www.pimealdia.org\/wp-content\/uploads\/2023\/08\/pexels-andrea-piacquadio-3769010-300x200.jpg\" alt=\"\" width=\"300\" height=\"200\" srcset=\"https:\/\/www.pimealdia.org\/wp-content\/uploads\/2023\/08\/pexels-andrea-piacquadio-3769010-300x200.jpg 300w, https:\/\/www.pimealdia.org\/wp-content\/uploads\/2023\/08\/pexels-andrea-piacquadio-3769010-1024x682.jpg 1024w, https:\/\/www.pimealdia.org\/wp-content\/uploads\/2023\/08\/pexels-andrea-piacquadio-3769010-768x512.jpg 768w, https:\/\/www.pimealdia.org\/wp-content\/uploads\/2023\/08\/pexels-andrea-piacquadio-3769010-720x480.jpg 720w, https:\/\/www.pimealdia.org\/wp-content\/uploads\/2023\/08\/pexels-andrea-piacquadio-3769010-480x320.jpg 480w, https:\/\/www.pimealdia.org\/wp-content\/uploads\/2023\/08\/pexels-andrea-piacquadio-3769010.jpg 1280w\" sizes=\"(max-width: 300px) 100vw, 300px\" \/>Seg\u00fan ACCI\u00d3, <strong>el textil contribuye con 15.351 millones de euros al PIB catal\u00e1n y representa el 5,6% del total<\/strong>. Otras fuentes como\u00a0Modacc\u00a0\u2013 cl\u00faster catal\u00e1n de la moda \u2013 afirman que el peso sobre el PIB llega al 8%, intuyo que incluir\u00e1n en este c\u00e1lculo dise\u00f1adores, marcas, complementos, distribuidores, mayoristas y detallistas.En cambio, no est\u00e1n incluidas las empresas del subsector de materiales textiles avanzados, puesto que se agrupan dentro del cl\u00faster\u00a0AEI\u00a0T\u00e8xtils.cat, con una aportaci\u00f3n menor en cuanto al volumen econ\u00f3mico, pero muy interesantes en t\u00e9rminos de innovaci\u00f3n.<\/p>\n<p style=\"text-align: justify;\">Por lo tanto, estamos ante un sector importante en nuestro pa\u00eds, donde <strong>tenemos empresas de toda la cadena de valor<\/strong>: recuperadores de tejidos, hilaturas, tintoreros y acabadores, tejedores, talladores,\u00a0confeccionistas, estampadores, fabricantes de complementos como el calzado y la piel. Pero no se acaba aqu\u00ed, tambi\u00e9n tenemos fabricantes de maquinaria, desarrolladores de software de gesti\u00f3n, de dise\u00f1o o de impresi\u00f3n. As\u00ed como ferias, asociaciones, gremios, centros tecnol\u00f3gicos, incubadoras y espacios de creaci\u00f3n, universidades t\u00e9cnicas y de dise\u00f1o o centros de formaci\u00f3n profesional. En definitiva, m\u00e1s de 70.000 personas. <strong>De las casi 20.000 empresas textiles que hay en todo el estado espa\u00f1ol, m\u00e1s del 20% est\u00e1n ubicadas en nuestro territorio<\/strong>.<\/p>\n<p style=\"text-align: justify;\">Actualmente, tenemos ejemplos de casos de \u00e9xito en toda la cadena de valor. La mayor\u00eda de las cuales peque\u00f1as y medianas empresas, no muy conocidas por el p\u00fablico general, pero que compiten con un notable \u00e9xito internacional, que son creativas, originales, innovadoras, sostenibles y comprometidas con el territorio. Sin querer ser exhaustivo y con un punto de orgullo de pertenencia, me gustar\u00eda hablaros de algunas que creo que son representativas del sector.<\/p>\n<p style=\"text-align: justify;\">Por ejemplo, en el momento de escribir este art\u00edculo me llega la noticia de que la\u00a0Sylvia\u00a0Calvo, compa\u00f1era de la Comisi\u00f3n de Sostenibilidad y Econom\u00eda Circular de\u00a0PIMEC, ha sido galardonada con el Green\u00a0Product\u00a0Award\u00a02023 en D\u00fcsseldorf. Por su proyecto de eco-dise\u00f1o y fabricaci\u00f3n sostenible\u00a0km0\u00a0de ropa a partir de hilo de residuo industrial de\u00a0algod\u00f3n y de triturado de sacos de yute.<\/p>\n<p style=\"text-align: justify;\">Este proyecto no habr\u00eda sido posible sin la colaboraci\u00f3n de la\u00a0Intexter, el centro universitario de investigaci\u00f3n y transferencia industrial de la UPC en Terrassa, un espacio donde actualmente hay 22 doctorandos de ingenier\u00eda textil, estudiantes del grado de Ingenier\u00eda textil, m\u00e1steres y diferentes grupos de investigaci\u00f3n.<\/p>\n<p style=\"text-align: justify;\">Precisamente el siguiente ejemplo del que os quiero hablar es una esp\u00edn-off\u00a0del\u00a0Intexter-UPC\u00a0y del Hospital San Juan de Dios de Barcelona.\u00a0Cebiotex, una start-up biotecnol\u00f3gica que ofrece una membrana textil para el tratamiento tumoral, fabricada con\u00a0nano-fibras\u00a0bio-compatibles y bio-absorbibles, la cual se implanta dentro del cuerpo del paciente en el momento de la cirug\u00eda, despu\u00e9s de la extracci\u00f3n de un tumor y que libera el f\u00e1rmaco directamente sobre la zona afectada.<\/p>\n<p style=\"text-align: justify;\">Tambi\u00e9n tenemos empresas como Triturados la Ca\u00f1a, pionera en proyectos de econom\u00eda circular por la reutilizaci\u00f3n de fibras textiles\u00a0pre\u00a0y puesto-consumo o Hilaturas Arnau, especializadas en hilos de alta tenacidad, hilos reciclados e hilos veganos.<\/p>\n<p style=\"text-align: justify;\"><img loading=\"lazy\" class=\"size-medium wp-image-28789 alignright\" src=\"https:\/\/www.pimealdia.org\/wp-content\/uploads\/2023\/08\/pexels-karolina-grabowska-5717903-300x200.jpg\" alt=\"\" width=\"300\" height=\"200\" srcset=\"https:\/\/www.pimealdia.org\/wp-content\/uploads\/2023\/08\/pexels-karolina-grabowska-5717903-300x200.jpg 300w, https:\/\/www.pimealdia.org\/wp-content\/uploads\/2023\/08\/pexels-karolina-grabowska-5717903-1024x683.jpg 1024w, https:\/\/www.pimealdia.org\/wp-content\/uploads\/2023\/08\/pexels-karolina-grabowska-5717903-768x512.jpg 768w, https:\/\/www.pimealdia.org\/wp-content\/uploads\/2023\/08\/pexels-karolina-grabowska-5717903-1536x1024.jpg 1536w, https:\/\/www.pimealdia.org\/wp-content\/uploads\/2023\/08\/pexels-karolina-grabowska-5717903-720x480.jpg 720w, https:\/\/www.pimealdia.org\/wp-content\/uploads\/2023\/08\/pexels-karolina-grabowska-5717903-480x320.jpg 480w, https:\/\/www.pimealdia.org\/wp-content\/uploads\/2023\/08\/pexels-karolina-grabowska-5717903.jpg 1920w\" sizes=\"(max-width: 300px) 100vw, 300px\" \/>El sector tambi\u00e9n incluye empresas que dise\u00f1an y fabrican m\u00e1quinas circulares de g\u00e9nero de punto cono\u00a0Canmartex-Jumberca, que en colaboraci\u00f3n con\u00a0Eurecat, han presentado un proyecto de industria 4.0 de control predictivo de calidad. Otros fabricantes, como\u00a0Masias\u00a0Maquinaria, son un referente internacional en maquinaria por el tratamiento de fibras.<\/p>\n<p style=\"text-align: justify;\">En definitiva, como hab\u00e9is podido comprobar, el sector textil ha demostrado una capacidad de transformaci\u00f3n y adaptaci\u00f3n notable, encara el futuro con relativo optimismo a pesar de las dificultades y est\u00e1 preparado para acompa\u00f1arnos en el camino de afrontar los retos de <strong>la sostenibilidad, la transformaci\u00f3n digital y la necesidad de reindustrializaci\u00f3n<\/strong>.<\/p>\n","protected":false},"excerpt":{"rendered":"<p>El textil es uno de los sectores con m\u00e1s tradici\u00f3n y un elemento clave para entender el pa\u00eds que tenemos hoy. De hecho, fue uno de los elementos m\u00e1s caracter\u00edsticos de la revoluci\u00f3n industrial en Catalu\u00f1a. El esp\u00edritu de aquellos primeros emprendedores ha llegado hasta nuestros d\u00edas, en forma de un importante patrimonio cultural, que vale mucho la pena conocer. Hoy en d\u00eda la econom\u00eda est\u00e1 m\u00e1s diversificada, afortunadamente, porque esto la hace menos dependiente de un sector concreto que siempre es un riesgo. Aun as\u00ed, la bajada del sector textil, especialmente intensa en la parte productiva de la cadena<\/p>\n","protected":false},"author":181,"featured_media":29016,"comment_status":"open","ping_status":"closed","sticky":false,"template":"","format":"standard","meta":[],"categories":[770],"tags":[1087,1085,746],"_links":{"self":[{"href":"https:\/\/www.pimealdia.org\/es\/wp-json\/wp\/v2\/posts\/28791"}],"collection":[{"href":"https:\/\/www.pimealdia.org\/es\/wp-json\/wp\/v2\/posts"}],"about":[{"href":"https:\/\/www.pimealdia.org\/es\/wp-json\/wp\/v2\/types\/post"}],"author":[{"embeddable":true,"href":"https:\/\/www.pimealdia.org\/es\/wp-json\/wp\/v2\/users\/181"}],"replies":[{"embeddable":true,"href":"https:\/\/www.pimealdia.org\/es\/wp-json\/wp\/v2\/comments?post=28791"}],"version-history":[{"count":1,"href":"https:\/\/www.pimealdia.org\/es\/wp-json\/wp\/v2\/posts\/28791\/revisions"}],"predecessor-version":[{"id":28793,"href":"https:\/\/www.pimealdia.org\/es\/wp-json\/wp\/v2\/posts\/28791\/revisions\/28793"}],"wp:featuredmedia":[{"embeddable":true,"href":"https:\/\/www.pimealdia.org\/es\/wp-json\/wp\/v2\/media\/29016"}],"wp:attachment":[{"href":"https:\/\/www.pimealdia.org\/es\/wp-json\/wp\/v2\/media?parent=28791"}],"wp:term":[{"taxonomy":"category","embeddable":true,"href":"https:\/\/www.pimealdia.org\/es\/wp-json\/wp\/v2\/categories?post=28791"},{"taxonomy":"post_tag","embeddable":true,"href":"https:\/\/www.pimealdia.org\/es\/wp-json\/wp\/v2\/tags?post=28791"}],"curies":[{"name":"wp","href":"https:\/\/api.w.org\/{rel}","templated":true}]}}