{"id":28841,"date":"2023-09-05T10:28:57","date_gmt":"2023-09-05T08:28:57","guid":{"rendered":"https:\/\/www.pimealdia.org\/?p=28841"},"modified":"2023-09-19T10:29:36","modified_gmt":"2023-09-19T08:29:36","slug":"el-emprendimiento-ayuda-a-las-personas-seniors-en-paro-a-encontrar-trabajo","status":"publish","type":"post","link":"https:\/\/www.pimealdia.org\/es\/el-emprendimiento-ayuda-a-las-personas-seniors-en-paro-a-encontrar-trabajo\/","title":{"rendered":"El emprendimiento ayuda a las personas seniors en paro a encontrar trabajo"},"content":{"rendered":"<p style=\"text-align: justify;\">Uno de los principales frentes de acci\u00f3n de la Fundaci\u00f3n PIMEC es impulsar el emprendimiento entre las personas mayores de 45 a\u00f1os, especialmente como apoyo a aquellas que est\u00e1n en paro, pero, de forma general, a favor de todo el colector colectivo incluido en lo que denominamos talento senior.<\/p>\n<p style=\"text-align: justify;\">Hay que alertar que el pasado mes de mayo la serie hist\u00f3rica del paro registrado alcanz\u00f3 un m\u00e1ximo no deseado: el 57,17% de las personas en paro ten\u00edan m\u00e1s de 45 a\u00f1os. Un r\u00e9cord que confirma que los <strong>trabajadores y trabajadoras seniors tienen mayores dificultades para reanudar su carrera profesional<\/strong>. Adem\u00e1s, si hacemos una comparativa dentro de esta serie hist\u00f3rica, encontramos que en 1996 los parados mayores de 45 a\u00f1os supon\u00edan s\u00f3lo un 22% de las personas sin trabajo. Esta situaci\u00f3n pone en guardia a la Fundaci\u00f3n PIMEC, lo que, en palabras de su presidente, Josep Gonz\u00e1lez, se traduce en \u201ctener una especial sensibilidad y un alto compromiso para ayudar a las personas seniors a encontrar trabajo, tambi\u00e9n desde el emprendimiento\u201d. Este posicionamiento recibe el apoyo imprescindible de la Generalidad de Catalu\u00f1a de la mano del secretario de Trabajo del Departamento de Empresa y Trabajo, Enric Vinaixa, que postula que \u201c<strong>el emprendimiento en s\u00ed mismo es una pol\u00edtica de empleo y existe un estigma social ante la edad que condiciona<\/strong>, pero Catalu\u00f1a no puede perder el talento que aportan las personas seniors\u201d. En palabras de Marc Sim\u00f3n, subdirector general de Fundaci\u00f3n \u201cla Caixa\u201d, \u201c<strong>una persona de 45 o m\u00e1s a\u00f1os es una persona joven y no se la puede apartar del mercado laboral<\/strong>\u201d.<\/p>\n<p style=\"text-align: justify;\">Las buenas intenciones deben estar acompa\u00f1adas de hechos y, en este sentido, la Fundaci\u00f3n PIMEC ha creado el workshop Emprendre+45, un espacio de teor\u00eda y pr\u00e1ctica donde el emprendimiento de los mayores de 45 a\u00f1os muestra sus opciones de hacerse realidad. En el \u00faltimo workshop surgieron \u201cperlas\u201d de conocimiento aportadas por grandes profesionales como Marina Romeo, doctora en psicolog\u00eda y profesora titular de la Facultad de Psicolog\u00eda de la Universidad de Barcelona, ??que resalt\u00f3 que en un proyecto de emprendedur\u00eda <strong>no tener miedo es muy arriesgado y que las mujeres perciben el miedo m\u00e1s que los hombres, ya que \u00e9stas reclaman m\u00e1s datos en el momento de tomar decisiones<\/strong> y, por tanto, tienen un miedo m\u00e1s informado. Para Romeo, la formaci\u00f3n y la mentor\u00eda son muy importantes a la hora de emprender un negocio para poder disponer de m\u00e1s informaci\u00f3n. Por su parte, Ferran Navas Cus\u00ed, responsable en Derecho Finan<img loading=\"lazy\" class=\"size-medium wp-image-28812 alignleft\" style=\"text-align: justify;\" src=\"https:\/\/www.pimealdia.org\/wp-content\/uploads\/2023\/09\/Foto-taula-rodona1-1-300x225.jpg\" alt=\"\" width=\"300\" height=\"225\" srcset=\"https:\/\/www.pimealdia.org\/wp-content\/uploads\/2023\/09\/Foto-taula-rodona1-1-300x225.jpg 300w, https:\/\/www.pimealdia.org\/wp-content\/uploads\/2023\/09\/Foto-taula-rodona1-1-1024x768.jpg 1024w, https:\/\/www.pimealdia.org\/wp-content\/uploads\/2023\/09\/Foto-taula-rodona1-1-768x576.jpg 768w, https:\/\/www.pimealdia.org\/wp-content\/uploads\/2023\/09\/Foto-taula-rodona1-1-1536x1152.jpg 1536w, https:\/\/www.pimealdia.org\/wp-content\/uploads\/2023\/09\/Foto-taula-rodona1-1-480x360.jpg 480w, https:\/\/www.pimealdia.org\/wp-content\/uploads\/2023\/09\/Foto-taula-rodona1-1.jpg 2000w\" sizes=\"(max-width: 300px) 100vw, 300px\" \/>ciero y de Nuevas Tecnolog\u00edas en Navas &amp; Cus\u00ed, alert\u00f3 de que <strong>no podemos transmitir un mensaje err\u00f3neo seg\u00fan el cual todo proyecto empresarial puede ponerse en marcha y funcionar bien<\/strong>, y que es clave conservar la red de seguridad que tienen las personas, evitando un endeudamiento sin sentido y con falta de coherencia con el negocio. Siguiendo con el sentimiento del miedo, Isabel Soria, responsable del \u00c1rea Civil y Mercantil del Departamento Jur\u00eddico de PIMEC, subray\u00f3 que ante el miedo debe haber responsabilidad, <strong>la persona emprendedora debe tener responsabilidad fiscal, controlar los impagos y la morosidad y dejarse acompa\u00f1ar<\/strong>. Soria considera que los emprendedores deben interesarse por los aspectos jur\u00eddicos porque les ayudar\u00e1n a gestionar situaciones complicadas. Para Jos\u00e9 Mar\u00eda Torres, vicepresidente de la Fundaci\u00f3n PIMEC, el miedo es necesario a la hora de emprender pero, en todo caso, debe saberse controlar.<\/p>\n<p style=\"text-align: justify;\">Las \u201cperlas\u201d de conocimiento del workshop Emprender+45 contaron tambi\u00e9n con Silvia Cubo, profesora en la UManresa UVic-UCC, que destac\u00f3 que <strong>el emprendimiento es una oportunidad para aprender y que los errores son una v\u00eda de aprendizaje<\/strong>. Emprender a partir de los 45 a\u00f1os es el momento ideal para que ya acumulas experiencia. Cubo recomend\u00f3 complementar el emprendimiento con alg\u00fan trabajo fijo para as\u00ed otorgar mayor seguridad a la persona. Por su parte, Laura Rosillo, jubilada activa, especialista en Gesti\u00f3n de la Edad (HR) y vicepresidenta de ASENCAT, subray\u00f3 que <strong>la generaci\u00f3n senior est\u00e1 muy preparada para emprender porque la intuici\u00f3n es muy importante y \u00e9sta se logra con la experiencia<\/strong>. El emprendimiento a los 45 a\u00f1os es el m\u00e1s inteligente, afirm\u00f3, y critic\u00f3 que estamos en uno de los pa\u00edses donde hay mayor edadismo. Siguiendo con la oportunidad que supone emprender, Albert Rodilla, empresario, inversor, mentor y formador, enfatiz\u00f3 que la actitud ante el emprendimiento y la tecnolog\u00eda es fundamental y que la persona emprendedora debe organizarse para aprender continuamente (learnability) con el objetivo de mejorar la productividad.<\/p>\n<p style=\"text-align: justify;\"><b><span data-contrast=\"auto\">El Certificado de profesionalidad<\/span><\/b><\/p>\n<p style=\"text-align: justify;\">Desde la Fundaci\u00f3 PIMEC se considera muy importante tener en cuenta los oficios, tambi\u00e9n en el emprendimiento; a modo de ejemplo, el oficio de soldador. En este caso, es clave disponer de un certificado de profesionalidad. En concreto, para el ejercicio profesional de algunos empleos en algunos sectores <strong>es imprescindible la obtenci\u00f3n previa del documento que certifica la competencia profesional<\/strong> de la persona trabajadora.<\/p>\n<p style=\"text-align: justify;\">Esta documentaci\u00f3n puede ser un certificado de profesionalidad, un t\u00edtulo de formaci\u00f3n profesional, o bien otros tipos de carn\u00e9s profesionales que acrediten la calificaci\u00f3n profesional. <strong>Cada vez existen m\u00e1s sectores que valoran los certificados de profesionalidad como documento acreditativo de la cualificaci\u00f3n profesional<\/strong>.<\/p>\n<p style=\"text-align: justify;\">Las v\u00edas para obtener un certificado de profesionalidad son la formaci\u00f3n profesional para el empleo, la formaci\u00f3n profesional del sistema educativo y la acreditaci\u00f3n de competencias profesionales.<\/p>\n<p style=\"text-align: justify;\">Los certificados de profesionalidad <strong>son v\u00e1lidos en todo el territorio espa\u00f1ol y, adem\u00e1s, la normativa europea permite el reconocimiento de las cualificaciones profesionales acreditadas<\/strong> en la Uni\u00f3n Europea, facilitando la movilidad geogr\u00e1fica. El papel de la Generalidad de Catalu\u00f1a es clave para incentivar al m\u00e1ximo la obtenci\u00f3n de los certificados profesionales.<\/p>\n<p style=\"text-align: justify;\"><b><span data-contrast=\"auto\">Pass Emppersona\u00a0<\/span><\/b><span data-ccp-props=\"{&quot;201341983&quot;:0,&quot;335559739&quot;:160,&quot;335559740&quot;:259}\">\u00a0<\/span><\/p>\n<p style=\"text-align: justify;\">La Fundaci\u00f3n PIMEC, con el apoyo del Ministerio de Trabajo y Econom\u00eda Social, ha puesto en marcha el <strong>primer programa formativo totalmente gratuito en el que se explican los principios b\u00e1sicos para poner en marcha un negocio<\/strong>. El programa, denominado Pass Emppersona, se imparte en formato telem\u00e1tico y est\u00e1 enfocado a crear, mantener y hacer crecer un proyecto empresarial, independientemente de su tama\u00f1o.<\/p>\n","protected":false},"excerpt":{"rendered":"<p>Uno de los principales frentes de acci\u00f3n de la Fundaci\u00f3n PIMEC es impulsar el emprendimiento entre las personas mayores de 45 a\u00f1os, especialmente como apoyo a aquellas que est\u00e1n en paro, pero, de forma general, a favor de todo el colector colectivo incluido en lo que denominamos talento senior. Hay que alertar que el pasado mes de mayo la serie hist\u00f3rica del paro registrado alcanz\u00f3 un m\u00e1ximo no deseado: el 57,17% de las personas en paro ten\u00edan m\u00e1s de 45 a\u00f1os. Un r\u00e9cord que confirma que los trabajadores y trabajadoras seniors tienen mayores dificultades para reanudar su carrera profesional. Adem\u00e1s,<\/p>\n","protected":false},"author":199,"featured_media":28811,"comment_status":"open","ping_status":"closed","sticky":false,"template":"","format":"standard","meta":[],"categories":[342],"tags":[407],"_links":{"self":[{"href":"https:\/\/www.pimealdia.org\/es\/wp-json\/wp\/v2\/posts\/28841"}],"collection":[{"href":"https:\/\/www.pimealdia.org\/es\/wp-json\/wp\/v2\/posts"}],"about":[{"href":"https:\/\/www.pimealdia.org\/es\/wp-json\/wp\/v2\/types\/post"}],"author":[{"embeddable":true,"href":"https:\/\/www.pimealdia.org\/es\/wp-json\/wp\/v2\/users\/199"}],"replies":[{"embeddable":true,"href":"https:\/\/www.pimealdia.org\/es\/wp-json\/wp\/v2\/comments?post=28841"}],"version-history":[{"count":2,"href":"https:\/\/www.pimealdia.org\/es\/wp-json\/wp\/v2\/posts\/28841\/revisions"}],"predecessor-version":[{"id":28843,"href":"https:\/\/www.pimealdia.org\/es\/wp-json\/wp\/v2\/posts\/28841\/revisions\/28843"}],"wp:featuredmedia":[{"embeddable":true,"href":"https:\/\/www.pimealdia.org\/es\/wp-json\/wp\/v2\/media\/28811"}],"wp:attachment":[{"href":"https:\/\/www.pimealdia.org\/es\/wp-json\/wp\/v2\/media?parent=28841"}],"wp:term":[{"taxonomy":"category","embeddable":true,"href":"https:\/\/www.pimealdia.org\/es\/wp-json\/wp\/v2\/categories?post=28841"},{"taxonomy":"post_tag","embeddable":true,"href":"https:\/\/www.pimealdia.org\/es\/wp-json\/wp\/v2\/tags?post=28841"}],"curies":[{"name":"wp","href":"https:\/\/api.w.org\/{rel}","templated":true}]}}