{"id":28911,"date":"2023-10-04T10:04:31","date_gmt":"2023-10-04T08:04:31","guid":{"rendered":"https:\/\/www.pimealdia.org\/?p=28911"},"modified":"2023-10-04T10:04:42","modified_gmt":"2023-10-04T08:04:42","slug":"como-afecta-la-nueva-indicacion-geografica-del-reglamento-europeo-a-los-productos-industriales-y-artesanales","status":"publish","type":"post","link":"https:\/\/www.pimealdia.org\/es\/como-afecta-la-nueva-indicacion-geografica-del-reglamento-europeo-a-los-productos-industriales-y-artesanales\/","title":{"rendered":"\u00bfC\u00f3mo afecta la nueva indicaci\u00f3n geogr\u00e1fica del reglamento europeo a los productos industriales y artesanales?"},"content":{"rendered":"<p style=\"text-align: justify;\">El Parlamento Europeo en la sesi\u00f3n plenaria del mes de septiembre ha ratificado el acuerdo al que lleg\u00f3 con el Consejo el pasado mes de mayo sobre el <a href=\"https:\/\/data.consilium.europa.eu\/doc\/document\/ST-12853-2023-INIT\/en\/pdf\">Reglamento relativo a la protecci\u00f3n de las indicaciones geogr\u00e1ficas (IG)\u00a0para productos artesanales e industriales<\/a>.<\/p>\n<p style=\"text-align: justify;\">Este Reglamento <strong>proteger\u00e1 los productos, la calidad y la reputaci\u00f3n<\/strong> de los que est\u00e1n directamente vinculados a una zona geogr\u00e1fica determinada.<\/p>\n<p style=\"text-align: justify;\">Desde hace muchos a\u00f1os, la patronal europea de pymes SMEunited reclama que la UE legisle las IG para productos industriales y artesanales, puesto que <strong>solo los productos agr\u00edcolas contaban hasta ahora con la protecci\u00f3n que les ofrece la legislaci\u00f3n europea<\/strong>. En Catalu\u00f1a, por ejemplo, contamos con indicaciones geogr\u00e1ficas para el cal\u00e7ot de Valls, la ratafia o el turr\u00f3n de Agramunt.<\/p>\n<p style=\"text-align: justify;\">La nueva norma garantizar\u00e1 que los productos artesanales e industriales de renombre local, como por ejemplo el vidrio, cuberter\u00eda, porcelana, textils, joyer\u00eda, entre otros, tambi\u00e9n est\u00e9n protegidos tanto en la UE como nivel internacional.<\/p>\n<p style=\"text-align: justify;\">PIMEC da la bienvenida al nuevo Reglamento que, sin duda, <strong>potenciar\u00e1 el crecimiento de las empresas locales<\/strong> tanto en t\u00e9rminos econ\u00f3micos, de ocupaci\u00f3n y desarrollo cultural y tur\u00edstico.<\/p>\n<p style=\"text-align: justify;\">Adem\u00e1s, creemos que la protecci\u00f3n de las IG de estos productos ser\u00e1 <strong>un instrumento eficaz para garantizar que los peque\u00f1os productores puedan competir en el mercado de manera justa<\/strong>. Por otro lado, las IG ofrecer\u00e1n a los consumidores informaci\u00f3n fiable sobre la calidad del producto y les animar\u00e1n a comprar productos locales \u201chechos en la UE\u201d.<\/p>\n<p style=\"text-align: justify;\">La nueva ley <strong>unifica las normas nacionales<\/strong> hasta ahora divergentes sobre el registro, y la comprobaci\u00f3n de la protecci\u00f3n geogr\u00e1fica. Seguramente, ser\u00e1 una palanca de promoci\u00f3n de estos productos.<\/p>\n<p style=\"text-align: justify;\">Durante el procedimiento de adopci\u00f3n del Reglamento, la Delegaci\u00f3n en UE de PIMEC contact\u00f3 con los negociadores responsables en el Parlamento Europeo, as\u00ed como tambi\u00e9n en la Representaci\u00f3n del Gobierno espa\u00f1ol ante la UE, para pedirles que el futuro sistema de registro de las nuevas IG fuera <strong>de f\u00e1cil uso para las mipymes<\/strong> y que los costes de registro fueran razonables.<\/p>\n<p>El texto legislativo aprobado establece:<\/p>\n<ul>\n<li>Procedimientos de verificaci\u00f3n y control eficaces para la protecci\u00f3n de las IG con un sistema basado en una autodeclaraci\u00f3n.<\/li>\n<li>Apoyo a las mipymes: las autoridades competentes nacionales y la Oficina de la Propiedad Intelectual de la UE (EUIPO) tendr\u00e1n la obligaci\u00f3n de apoyarlas para que estas puedan registrar sus IG.<\/li>\n<li>Costes: tendr\u00e1n que ser razonables, proporcionales y tener en cuenta las caracter\u00edsticas de las mipymes.<\/li>\n<\/ul>\n<p style=\"text-align: justify;\">El Reglamento, que se publicar\u00e1 pr\u00f3ximamente en el Diario Oficial de la UE, ser\u00e1 de aplicaci\u00f3n directa en los pa\u00edses miembros de la UE, dos a\u00f1os despu\u00e9s de su entrada en vigor.<\/p>\n","protected":false},"excerpt":{"rendered":"<p>El Parlamento Europeo en la sesi\u00f3n plenaria del mes de septiembre ha ratificado el acuerdo al que lleg\u00f3 con el Consejo el pasado mes de mayo sobre el Reglamento relativo a la protecci\u00f3n de las indicaciones geogr\u00e1ficas (IG)\u00a0para productos artesanales e industriales. Este Reglamento proteger\u00e1 los productos, la calidad y la reputaci\u00f3n de los que est\u00e1n directamente vinculados a una zona geogr\u00e1fica determinada. Desde hace muchos a\u00f1os, la patronal europea de pymes SMEunited reclama que la UE legisle las IG para productos industriales y artesanales, puesto que solo los productos agr\u00edcolas contaban hasta ahora con la protecci\u00f3n que les ofrece<\/p>\n","protected":false},"author":76,"featured_media":28909,"comment_status":"open","ping_status":"closed","sticky":false,"template":"","format":"standard","meta":[],"categories":[772],"tags":[1089,1080,1087,1085,1077,1079,1081,1088,1086,1083,1084,1078,1082],"_links":{"self":[{"href":"https:\/\/www.pimealdia.org\/es\/wp-json\/wp\/v2\/posts\/28911"}],"collection":[{"href":"https:\/\/www.pimealdia.org\/es\/wp-json\/wp\/v2\/posts"}],"about":[{"href":"https:\/\/www.pimealdia.org\/es\/wp-json\/wp\/v2\/types\/post"}],"author":[{"embeddable":true,"href":"https:\/\/www.pimealdia.org\/es\/wp-json\/wp\/v2\/users\/76"}],"replies":[{"embeddable":true,"href":"https:\/\/www.pimealdia.org\/es\/wp-json\/wp\/v2\/comments?post=28911"}],"version-history":[{"count":1,"href":"https:\/\/www.pimealdia.org\/es\/wp-json\/wp\/v2\/posts\/28911\/revisions"}],"predecessor-version":[{"id":28913,"href":"https:\/\/www.pimealdia.org\/es\/wp-json\/wp\/v2\/posts\/28911\/revisions\/28913"}],"wp:featuredmedia":[{"embeddable":true,"href":"https:\/\/www.pimealdia.org\/es\/wp-json\/wp\/v2\/media\/28909"}],"wp:attachment":[{"href":"https:\/\/www.pimealdia.org\/es\/wp-json\/wp\/v2\/media?parent=28911"}],"wp:term":[{"taxonomy":"category","embeddable":true,"href":"https:\/\/www.pimealdia.org\/es\/wp-json\/wp\/v2\/categories?post=28911"},{"taxonomy":"post_tag","embeddable":true,"href":"https:\/\/www.pimealdia.org\/es\/wp-json\/wp\/v2\/tags?post=28911"}],"curies":[{"name":"wp","href":"https:\/\/api.w.org\/{rel}","templated":true}]}}