{"id":29078,"date":"2023-11-25T09:00:51","date_gmt":"2023-11-25T07:00:51","guid":{"rendered":"https:\/\/www.pimealdia.org\/?p=29078"},"modified":"2023-11-27T10:07:04","modified_gmt":"2023-11-27T08:07:04","slug":"violencia-contra-las-ninas-y-las-mujeres-seacabo","status":"publish","type":"post","link":"https:\/\/www.pimealdia.org\/es\/violencia-contra-las-ninas-y-las-mujeres-seacabo\/","title":{"rendered":"Violencia contra las ni\u00f1as y las mujeres: #SeAcab\u00f3"},"content":{"rendered":"<blockquote>\n<p style=\"text-align: center;\">\u201cEsto es inaceptable. Se Acab\u00f3. Contigo compa\u00f1era @Jennihermoso\u201d<br \/>\nAlexia\u00a0Putellas\u00a0\u2013 X (antes, Twitter) \u2013 25 de agosto de 2023.<\/p>\n<p>&nbsp;<\/p><\/blockquote>\n<p style=\"text-align: justify;\">Si hay un grito que este verano se ha hecho viral, es el de nuestras futbolistas reclamando poner fin al acoso, el abuso de poder y a una manera de hacer que, desde la entidad reguladora del f\u00fatbol, ha estado perpetuando un sistema que no ha escuchado ni atendido las leg\u00edtimas reivindicaciones de nuestras deportistas.<\/p>\n<p style=\"text-align: justify;\">El grito de Alexia Putellas al observar la esperp\u00e9ntica Asamblea General que el entonces presidente Rubiales organiz\u00f3 para mantenerse en el cargo, empoder\u00f3 a muchas mujeres en todo el mundo para denunciar abusos y reclamar respeto, y reson\u00f3 m\u00e1s ampliamente, tambi\u00e9n, en todas aquellas personas que sentimos un profundo agotamiento al constatar, perplejas, que hay gobernanzas institucionales t\u00f3xicas que, alej\u00e1ndose de los principios del buen gobierno, ejercen diferentes formas de violencia sobre las mujeres.<\/p>\n<p style=\"text-align: justify;\">Hemos insistido mucho, desde estas p\u00e1ginas, en <strong>la necesidad de liderazgos responsables, de gobernanzas transparentes, \u00edntegras y \u00e9ticas que velen por el bienestar y la dignidad de todo el conjunto de personas<\/strong> a las que sirven y que trabajan para eliminar todas las formas de abuso, acoso y violencia contra las mujeres.<\/p>\n<p style=\"text-align: justify;\">Tenemos que seguir insistiendo. Porque esta es todav\u00eda una asignatura pendiente: la violencia contra mujeres y ni\u00f1as sigue siendo la violaci\u00f3n de derechos humanos m\u00e1s extensa de todo el mundo. Las estimaciones de Naciones Unidas dicen que <strong>alrededor de 736 millones de mujeres (casi una de cada tres) ha sufrido violencia f\u00edsica o sexual<\/strong> (en Espa\u00f1a el n\u00famero de mujeres v\u00edctimas de violencia de g\u00e9nero aument\u00f3 un 8,3% el 2022); y que casi el 86% de mujeres y ni\u00f1as viven en pa\u00edses sin una s\u00f3lida protecci\u00f3n legal.<\/p>\n<p style=\"text-align: justify;\">En un a\u00f1o en que seguimos viendo c\u00f3mo, en todo el mundo, los conflictos b\u00e9licos y los extremismos pol\u00edticos son tan sangrientamente crueles con ni\u00f1as y mujeres, tenemos que celebrar que la Uni\u00f3n Europea, desde el 1 de octubre de 2023, haya asumido el Convenio de Estambul de 2011, el instrumento jur\u00eddico internacional sobre la prevenci\u00f3n y lucha contra la violencia contra las mujeres y la violencia dom\u00e9stica. Y tenemos que reclamar <strong>que se dise\u00f1en pol\u00edticas, programas y acciones, con financiaci\u00f3n adecuada y suficiente, que nos aseguren un entorno libre de violencias para las ni\u00f1as y las mujeres.<\/strong><\/p>\n<p style=\"text-align: justify;\">Conjur\u00e9monos desde el activismo a todos los niveles para llevar a cabo una actuaci\u00f3n colectiva que luche en contra de las m\u00faltiples formas que toma la violencia contra las ni\u00f1as y las mujeres (f\u00edsica, verbal, psicol\u00f3gica, econ\u00f3mica, obst\u00e9trica, sexual, vicaria, digital, institucional, estructural&#8230;), para <strong>consolidar una sociedad justa y genuinamente comprometida con los derechos de las mujeres<\/strong> que permita el crecimiento de todas las personas en igualdad de oportunidades. Hag\u00e1moslo desde la empresa, desde las instituciones que nos representan, desde la pol\u00edtica y desde la sociedad.<\/p>\n<p style=\"text-align: justify;\">Porque #SeAcab\u00f3. Porque basta ya de violencia contra las ni\u00f1as y las mujeres. Porque hemos tomado conciencia. Porque merecemos algo mejor. Y, sobre todo, porque somos todos perfectamente capaces.<\/p>\n<blockquote><p>&nbsp;<\/p><\/blockquote>\n<p style=\"text-align: center;\"><strong>Maria Teixidor Jufresa &#8211; Presidenta de la Comisi\u00f3n Mujer y Empresa de PIMEC<\/strong><\/p>\n","protected":false},"excerpt":{"rendered":"<p>\u201cEsto es inaceptable. Se Acab\u00f3. Contigo compa\u00f1era @Jennihermoso\u201d Alexia\u00a0Putellas\u00a0\u2013 X (antes, Twitter) \u2013 25 de agosto de 2023. &nbsp; Si hay un grito que este verano se ha hecho viral, es el de nuestras futbolistas reclamando poner fin al acoso, el abuso de poder y a una manera de hacer que, desde la entidad reguladora del f\u00fatbol, ha estado perpetuando un sistema que no ha escuchado ni atendido las leg\u00edtimas reivindicaciones de nuestras deportistas. El grito de Alexia Putellas al observar la esperp\u00e9ntica Asamblea General que el entonces presidente Rubiales organiz\u00f3 para mantenerse en el cargo, empoder\u00f3 a muchas mujeres<\/p>\n","protected":false},"author":163,"featured_media":29013,"comment_status":"open","ping_status":"closed","sticky":false,"template":"","format":"standard","meta":[],"categories":[770],"tags":[1259,1264,1263,1266,1260,1261,722,1265,1268,1262,1255,1256,1258,1257,1267],"_links":{"self":[{"href":"https:\/\/www.pimealdia.org\/es\/wp-json\/wp\/v2\/posts\/29078"}],"collection":[{"href":"https:\/\/www.pimealdia.org\/es\/wp-json\/wp\/v2\/posts"}],"about":[{"href":"https:\/\/www.pimealdia.org\/es\/wp-json\/wp\/v2\/types\/post"}],"author":[{"embeddable":true,"href":"https:\/\/www.pimealdia.org\/es\/wp-json\/wp\/v2\/users\/163"}],"replies":[{"embeddable":true,"href":"https:\/\/www.pimealdia.org\/es\/wp-json\/wp\/v2\/comments?post=29078"}],"version-history":[{"count":5,"href":"https:\/\/www.pimealdia.org\/es\/wp-json\/wp\/v2\/posts\/29078\/revisions"}],"predecessor-version":[{"id":29086,"href":"https:\/\/www.pimealdia.org\/es\/wp-json\/wp\/v2\/posts\/29078\/revisions\/29086"}],"wp:featuredmedia":[{"embeddable":true,"href":"https:\/\/www.pimealdia.org\/es\/wp-json\/wp\/v2\/media\/29013"}],"wp:attachment":[{"href":"https:\/\/www.pimealdia.org\/es\/wp-json\/wp\/v2\/media?parent=29078"}],"wp:term":[{"taxonomy":"category","embeddable":true,"href":"https:\/\/www.pimealdia.org\/es\/wp-json\/wp\/v2\/categories?post=29078"},{"taxonomy":"post_tag","embeddable":true,"href":"https:\/\/www.pimealdia.org\/es\/wp-json\/wp\/v2\/tags?post=29078"}],"curies":[{"name":"wp","href":"https:\/\/api.w.org\/{rel}","templated":true}]}}