{"id":29113,"date":"2023-12-05T14:46:54","date_gmt":"2023-12-05T12:46:54","guid":{"rendered":"https:\/\/www.pimealdia.org\/?p=29113"},"modified":"2023-12-05T14:48:16","modified_gmt":"2023-12-05T12:48:16","slug":"las-empresas-pueden-optar-a-subvenciones-para-la-promocion-del-catalan","status":"publish","type":"post","link":"https:\/\/www.pimealdia.org\/es\/las-empresas-pueden-optar-a-subvenciones-para-la-promocion-del-catalan\/","title":{"rendered":"Las empresas pueden optar a subvenciones para la promoci\u00f3n del catal\u00e1n"},"content":{"rendered":"<p style=\"text-align: center;\"><a href=\"https:\/\/www.viaempresa.cat\/empresa\/empreses-poden-optar-subvencions-promocio-catala_2189836_102.html\"><em>Art\u00edculo original de VIA Empresa reproducido con la autorizaci\u00f3n del autor.<\/em><\/a><\/p>\n<p style=\"text-align: justify;\">A partir de 2024 las empresas establecidas en Catalu\u00f1a podr\u00e1n recibir subvenciones para el impulso de la lengua catalana. As\u00ed lo establece la resoluci\u00f3n\u00a0CLT\/3321, de 28 de septiembre, publicada en el DOGC del 5 de octubre de 2023, donde tambi\u00e9n se pueden encontrar las bases generales que rigen la concesi\u00f3n de estas subvenciones.<\/p>\n<p style=\"text-align: justify;\">De acuerdo con estas bases, en las actuaciones previstas se incluye la elaboraci\u00f3n de un Plan Ling\u00fc\u00edstico de Empresa y la puesta en marcha de acciones previstas en el Plan. Tambi\u00e9n incentiva cualquier acci\u00f3n de fomento de la lengua catalana que la incorpore en los productos y servicios de la empresa, o en actividades laborales y en documentaci\u00f3n mercantil, laboral, de comunicaci\u00f3n y marketing, adem\u00e1s de acciones dirigidas a personal con conocimientos b\u00e1sicos de catal\u00e1n y que hagan aumentar el uso interpersonal.<\/p>\n<p style=\"text-align: justify;\">Con la confecci\u00f3n del Plan Ling\u00fc\u00edstico se pretende que las empresas analicen qu\u00e9 uso hacen de las lenguas &#8211; y en particular de la catalana &#8211; y aseguren la presencia del catal\u00e1n teniendo en cuenta la legislaci\u00f3n ling\u00fc\u00edstica, aspectos de satisfacci\u00f3n al cliente y de calidad asociados a la lengua y tambi\u00e9n de responsabilidad social corporativa como herramienta de cohesi\u00f3n social y de identificaci\u00f3n con el entorno.<\/p>\n<p style=\"text-align: justify;\">De las bases se desprende que las empresas tienen que tener presente el impacto ling\u00fc\u00edstico que tienen tanto en todos aquellos actos comunicativos externos vinculados al producto o servicio que ofrecen a los clientes (rotulaci\u00f3n, atenci\u00f3n oral telef\u00f3nica y en establecimiento, web y aplicaciones m\u00f3viles, redes sociales) como en comunicaciones e informaciones de alcance interno \u2013centros de trabajo\u2013 como por ejemplo rotulaci\u00f3n y se\u00f1alizaci\u00f3n, software, formaci\u00f3n laboral, comunicaci\u00f3n con los empleados, etc.<\/p>\n<p style=\"text-align: justify;\">Las empresas pueden optar a estas subvenciones siempre que tengan domicilio en un estado miembro de la Uni\u00f3n Europea o un estado asociado en el Espacio Econ\u00f3mico Europeo y tambi\u00e9n tengan la acreditaci\u00f3n de distribuci\u00f3n y comercializaci\u00f3n de productos o servicios en Catalu\u00f1a.<\/p>\n<p style=\"text-align: center;\"><strong>Las empresas tienen que tener presente el impacto ling\u00fc\u00edstico que tienen tanto en todos aquellos actos comunicativos externos vinculados como en comunicaciones e informaciones de alcance interno<\/strong><\/p>\n<p style=\"text-align: justify;\">En cuanto a los criterios de valoraci\u00f3n, las bases establecen que se tendr\u00e1n en cuenta tres par\u00e1metros diferentes: el alcance de las acciones de fomento, la calidad del proyecto y la capacidad de impacto. En cuanto al alcance, se favorecer\u00e1n los proyectos que consigan una mejora integral a partir de un an\u00e1lisis cuidadoso de la situaci\u00f3n de la lengua catalana a la empresa. La calidad del proyecto, por su parte, tiene en cuenta el dise\u00f1o, la viabilidad del plan de trabajo, la adecuaci\u00f3n del presupuesto y el sistema de evaluaci\u00f3n de los resultados. Por \u00faltimo, el impacto del proyecto valorar\u00e1 la magnitud y relevancia del p\u00fablico potencial del proyecto, ya sea interno \u2013empleados\u2013 o externo \u2013consumidores; la perspectiva de continuidad de las medidas previstas, y la capacidad de transformar con efectos duraderos los h\u00e1bitos, los conocimientos o las actitudes hacia el catal\u00e1n.<\/p>\n","protected":false},"excerpt":{"rendered":"<p>Art\u00edculo original de VIA Empresa reproducido con la autorizaci\u00f3n del autor. A partir de 2024 las empresas establecidas en Catalu\u00f1a podr\u00e1n recibir subvenciones para el impulso de la lengua catalana. As\u00ed lo establece la resoluci\u00f3n\u00a0CLT\/3321, de 28 de septiembre, publicada en el DOGC del 5 de octubre de 2023, donde tambi\u00e9n se pueden encontrar las bases generales que rigen la concesi\u00f3n de estas subvenciones. De acuerdo con estas bases, en las actuaciones previstas se incluye la elaboraci\u00f3n de un Plan Ling\u00fc\u00edstico de Empresa y la puesta en marcha de acciones previstas en el Plan. Tambi\u00e9n incentiva cualquier acci\u00f3n de fomento<\/p>\n","protected":false},"author":160,"featured_media":29109,"comment_status":"open","ping_status":"closed","sticky":false,"template":"","format":"standard","meta":[],"categories":[330],"tags":[782,774,1294,1295],"_links":{"self":[{"href":"https:\/\/www.pimealdia.org\/es\/wp-json\/wp\/v2\/posts\/29113"}],"collection":[{"href":"https:\/\/www.pimealdia.org\/es\/wp-json\/wp\/v2\/posts"}],"about":[{"href":"https:\/\/www.pimealdia.org\/es\/wp-json\/wp\/v2\/types\/post"}],"author":[{"embeddable":true,"href":"https:\/\/www.pimealdia.org\/es\/wp-json\/wp\/v2\/users\/160"}],"replies":[{"embeddable":true,"href":"https:\/\/www.pimealdia.org\/es\/wp-json\/wp\/v2\/comments?post=29113"}],"version-history":[{"count":2,"href":"https:\/\/www.pimealdia.org\/es\/wp-json\/wp\/v2\/posts\/29113\/revisions"}],"predecessor-version":[{"id":29116,"href":"https:\/\/www.pimealdia.org\/es\/wp-json\/wp\/v2\/posts\/29113\/revisions\/29116"}],"wp:featuredmedia":[{"embeddable":true,"href":"https:\/\/www.pimealdia.org\/es\/wp-json\/wp\/v2\/media\/29109"}],"wp:attachment":[{"href":"https:\/\/www.pimealdia.org\/es\/wp-json\/wp\/v2\/media?parent=29113"}],"wp:term":[{"taxonomy":"category","embeddable":true,"href":"https:\/\/www.pimealdia.org\/es\/wp-json\/wp\/v2\/categories?post=29113"},{"taxonomy":"post_tag","embeddable":true,"href":"https:\/\/www.pimealdia.org\/es\/wp-json\/wp\/v2\/tags?post=29113"}],"curies":[{"name":"wp","href":"https:\/\/api.w.org\/{rel}","templated":true}]}}