{"id":29166,"date":"2023-12-19T10:52:55","date_gmt":"2023-12-19T08:52:55","guid":{"rendered":"https:\/\/www.pimealdia.org\/?p=29166"},"modified":"2023-12-19T10:52:55","modified_gmt":"2023-12-19T08:52:55","slug":"de-micro-a-pequena-de-pequena-a-mediana-y-de-mediana-a-grande","status":"publish","type":"post","link":"https:\/\/www.pimealdia.org\/es\/de-micro-a-pequena-de-pequena-a-mediana-y-de-mediana-a-grande\/","title":{"rendered":"De micro a peque\u00f1a, de peque\u00f1a a mediana y de mediana a grande"},"content":{"rendered":"<p style=\"text-align: justify;\">Salicru empez\u00f3 en 1965 en un garaje de Sant Celoni fabricando transformadores y reguladores de tensi\u00f3n. Del garaje pasaron a un taller y del taller a una nave.<\/p>\n<p>En 1973 entr\u00f3 en el mundo de los Sistemas de Alimentaci\u00f3n Ininterrumpida (SAI\/UPS) con el dise\u00f1o de su primer prototipo. A lo largo de los a\u00f1os ha introducido y ampliado su presencia en mercados internacionales y en la actualidad tambi\u00e9n cuenta con dos centros log\u00edsticos.<\/p>\n<p style=\"text-align: justify;\"><img loading=\"lazy\" class=\"size-medium wp-image-29162 alignleft\" src=\"https:\/\/www.pimealdia.org\/wp-content\/uploads\/2023\/12\/Salicru-3-300x202.jpg\" alt=\"\" width=\"300\" height=\"202\" srcset=\"https:\/\/www.pimealdia.org\/wp-content\/uploads\/2023\/12\/Salicru-3-300x202.jpg 300w, https:\/\/www.pimealdia.org\/wp-content\/uploads\/2023\/12\/Salicru-3-1024x689.jpg 1024w, https:\/\/www.pimealdia.org\/wp-content\/uploads\/2023\/12\/Salicru-3-768x516.jpg 768w, https:\/\/www.pimealdia.org\/wp-content\/uploads\/2023\/12\/Salicru-3-1536x1033.jpg 1536w, https:\/\/www.pimealdia.org\/wp-content\/uploads\/2023\/12\/Salicru-3-2048x1377.jpg 2048w, https:\/\/www.pimealdia.org\/wp-content\/uploads\/2023\/12\/Salicru-3-480x323.jpg 480w\" sizes=\"(max-width: 300px) 100vw, 300px\" \/>Su crecimiento, que se ha duplicado en los dos \u00faltimos a\u00f1os, les ha permitido pasar de ser una microempresa a una empresa con una presencia global. Este a\u00f1o han llegado por primera vez a las 300 personas trabajadoras y el volumen de negocio de 2022 fue de m\u00e1s de 80 millones de euros, por lo que ya se pueden considerar una gran empresa.<\/p>\n<p>Atribuyen su crecimiento a varios factores. En primer lugar, a la capacidad de innovaci\u00f3n y de adaptaci\u00f3n con inversiones en I+D, que suponen un 5% de sus ingresos anuales. En este sentido, tienen el reto de hacer un buen uso de los datos y de aplicar la inteligencia artificial.<\/p>\n<p>En segundo lugar, la exportaci\u00f3n y la presencia en los mercados internacionales a trav\u00e9s de diferentes filiales en todo el mundo, en pa\u00edses como China, el Reino Unido, Hungr\u00eda o M\u00e9xico. Este proceso de internacionalizaci\u00f3n lo empezaron en 1977 y hoy est\u00e1n presentes en m\u00e1s de 130 pa\u00edses.<\/p>\n<p>Finalmente, el desarrollo de productos estrat\u00e9gicos como el actual proyecto para dotar a las estaciones de Cercan\u00edas de puntos de recarga para veh\u00edculos el\u00e9ctricos, aprovechando la energ\u00eda que se desaprovecha de la catenaria.<\/p>\n<p>Adem\u00e1s, en el desarrollo de su actividad quieren ser cada vez m\u00e1s sostenibles y m\u00e1s eficientes, as\u00ed como mantener su fuerte compromiso con el territorio.<\/p>\n<p style=\"text-align: justify;\"><strong><img loading=\"lazy\" class=\"size-medium wp-image-29160 alignright\" src=\"https:\/\/www.pimealdia.org\/wp-content\/uploads\/2023\/12\/Antoni-Canete-amb-lequip-de-lempresa-a-la-inauguracio-del-nou-centre-logistic-de-Salicru-300x219.jpg\" alt=\"\" width=\"300\" height=\"219\" srcset=\"https:\/\/www.pimealdia.org\/wp-content\/uploads\/2023\/12\/Antoni-Canete-amb-lequip-de-lempresa-a-la-inauguracio-del-nou-centre-logistic-de-Salicru-300x219.jpg 300w, https:\/\/www.pimealdia.org\/wp-content\/uploads\/2023\/12\/Antoni-Canete-amb-lequip-de-lempresa-a-la-inauguracio-del-nou-centre-logistic-de-Salicru-1024x748.jpg 1024w, https:\/\/www.pimealdia.org\/wp-content\/uploads\/2023\/12\/Antoni-Canete-amb-lequip-de-lempresa-a-la-inauguracio-del-nou-centre-logistic-de-Salicru-768x561.jpg 768w, https:\/\/www.pimealdia.org\/wp-content\/uploads\/2023\/12\/Antoni-Canete-amb-lequip-de-lempresa-a-la-inauguracio-del-nou-centre-logistic-de-Salicru-1536x1122.jpg 1536w, https:\/\/www.pimealdia.org\/wp-content\/uploads\/2023\/12\/Antoni-Canete-amb-lequip-de-lempresa-a-la-inauguracio-del-nou-centre-logistic-de-Salicru-2048x1496.jpg 2048w, https:\/\/www.pimealdia.org\/wp-content\/uploads\/2023\/12\/Antoni-Canete-amb-lequip-de-lempresa-a-la-inauguracio-del-nou-centre-logistic-de-Salicru-480x351.jpg 480w\" sizes=\"(max-width: 300px) 100vw, 300px\" \/>Antoni Ca\u00f1ete inaugura el nuevo centro log\u00edstico en el Vall\u00e8s Oriental<\/strong><\/p>\n<p style=\"text-align: justify;\">El espacio, situado en Santa Maria de Palautordera y que ha supuesto una inversi\u00f3n de 6 millones de euros, cuenta con 5.000 metros cuadrados y una capacidad para 9.000 pal\u00e9s. Desde Salicru, su consejero delegado, Eduard Salicr\u00fa, ha asegurado que el nuevo centro \u201caumenta la capacidad operativa y prepara la visi\u00f3n empresarial a largo plazo, permitiendo satisfacer las demandas de los clientes y contribuyendo al crecimiento de la empresa\u201d.<\/p>\n<p>En la inauguraci\u00f3n del nuevo centro log\u00edstico, el presidente de PIMEC, Antoni Ca\u00f1ete, ha dicho que \u201cesta apertura representa un impulso significativo para la econom\u00eda local por su compromiso con el territorio\u201d. En su intervenci\u00f3n, tambi\u00e9n ha destacado las cualidades de la empresa: \u201cLa formaci\u00f3n permite liderar el cambio y poner en valor otros elementos estrat\u00e9gicos como la internacionalizaci\u00f3n, la proyecci\u00f3n y la sostenibilidad\u201d.<\/p>\n","protected":false},"excerpt":{"rendered":"<p>Salicru empez\u00f3 en 1965 en un garaje de Sant Celoni fabricando transformadores y reguladores de tensi\u00f3n. Del garaje pasaron a un taller y del taller a una nave. En 1973 entr\u00f3 en el mundo de los Sistemas de Alimentaci\u00f3n Ininterrumpida (SAI\/UPS) con el dise\u00f1o de su primer prototipo. A lo largo de los a\u00f1os ha introducido y ampliado su presencia en mercados internacionales y en la actualidad tambi\u00e9n cuenta con dos centros log\u00edsticos. Su crecimiento, que se ha duplicado en los dos \u00faltimos a\u00f1os, les ha permitido pasar de ser una microempresa a una empresa con una presencia global. Este<\/p>\n","protected":false},"author":83,"featured_media":29164,"comment_status":"open","ping_status":"closed","sticky":false,"template":"","format":"standard","meta":[],"categories":[332],"tags":[1333,1335,713,1087,1085,1000,1217,763,396,1078,1336,1334],"_links":{"self":[{"href":"https:\/\/www.pimealdia.org\/es\/wp-json\/wp\/v2\/posts\/29166"}],"collection":[{"href":"https:\/\/www.pimealdia.org\/es\/wp-json\/wp\/v2\/posts"}],"about":[{"href":"https:\/\/www.pimealdia.org\/es\/wp-json\/wp\/v2\/types\/post"}],"author":[{"embeddable":true,"href":"https:\/\/www.pimealdia.org\/es\/wp-json\/wp\/v2\/users\/83"}],"replies":[{"embeddable":true,"href":"https:\/\/www.pimealdia.org\/es\/wp-json\/wp\/v2\/comments?post=29166"}],"version-history":[{"count":1,"href":"https:\/\/www.pimealdia.org\/es\/wp-json\/wp\/v2\/posts\/29166\/revisions"}],"predecessor-version":[{"id":29168,"href":"https:\/\/www.pimealdia.org\/es\/wp-json\/wp\/v2\/posts\/29166\/revisions\/29168"}],"wp:featuredmedia":[{"embeddable":true,"href":"https:\/\/www.pimealdia.org\/es\/wp-json\/wp\/v2\/media\/29164"}],"wp:attachment":[{"href":"https:\/\/www.pimealdia.org\/es\/wp-json\/wp\/v2\/media?parent=29166"}],"wp:term":[{"taxonomy":"category","embeddable":true,"href":"https:\/\/www.pimealdia.org\/es\/wp-json\/wp\/v2\/categories?post=29166"},{"taxonomy":"post_tag","embeddable":true,"href":"https:\/\/www.pimealdia.org\/es\/wp-json\/wp\/v2\/tags?post=29166"}],"curies":[{"name":"wp","href":"https:\/\/api.w.org\/{rel}","templated":true}]}}