{"id":29176,"date":"2023-12-21T18:58:02","date_gmt":"2023-12-21T16:58:02","guid":{"rendered":"https:\/\/www.pimealdia.org\/?p=29176"},"modified":"2023-12-21T18:58:02","modified_gmt":"2023-12-21T16:58:02","slug":"juan-tortosa-la-industria-quimica-representa-el-61-del-pib-contributivo-y-el-143-del-pib-total-del-pib-industrial","status":"publish","type":"post","link":"https:\/\/www.pimealdia.org\/es\/juan-tortosa-la-industria-quimica-representa-el-61-del-pib-contributivo-y-el-143-del-pib-total-del-pib-industrial\/","title":{"rendered":"Juan Tortosa: \u201cLa industria qu\u00edmica representa el 6,1% del PIB contributivo y el 14,3% del PIB total del PIB industrial\u201d"},"content":{"rendered":"<p style=\"text-align: justify;\"><strong><em>Su asociaci\u00f3n re\u00fane a 80 empresas de la distribuci\u00f3n qu\u00edmica de las aproximadamente 250 que hay en Espa\u00f1a. \u00bfQu\u00e9 tipo de empresas forman parte de este sector?<\/em><\/strong><\/p>\n<p style=\"text-align: justify;\">En la AECQ tenemos representadas a la mayor\u00eda de las grandes distribuidoras de productos qu\u00edmicos, tanto compa\u00f1\u00edas locales como grupos internacionales, aunque tambi\u00e9n tenemos una vasta representaci\u00f3n en el tramo intermedio. En donde nos estamos focalizando m\u00e1s para atraer nuevos asociados es en el campo de las empresas de distribuci\u00f3n especializadas en una aplicaci\u00f3n determinada o con \u00e1mbito de actuaci\u00f3n muy local, con cierto alejamiento de los polos directrices del sector.<\/p>\n<p style=\"text-align: justify;\"><strong><em><img loading=\"lazy\" class=\"size-medium wp-image-29172 alignleft\" src=\"https:\/\/www.pimealdia.org\/wp-content\/uploads\/2023\/12\/Juan-Tortosa-Presidente-AECQ-211x300.jpg\" alt=\"\" width=\"211\" height=\"300\" srcset=\"https:\/\/www.pimealdia.org\/wp-content\/uploads\/2023\/12\/Juan-Tortosa-Presidente-AECQ-211x300.jpg 211w, https:\/\/www.pimealdia.org\/wp-content\/uploads\/2023\/12\/Juan-Tortosa-Presidente-AECQ-721x1024.jpg 721w, https:\/\/www.pimealdia.org\/wp-content\/uploads\/2023\/12\/Juan-Tortosa-Presidente-AECQ-768x1091.jpg 768w, https:\/\/www.pimealdia.org\/wp-content\/uploads\/2023\/12\/Juan-Tortosa-Presidente-AECQ-1081x1536.jpg 1081w, https:\/\/www.pimealdia.org\/wp-content\/uploads\/2023\/12\/Juan-Tortosa-Presidente-AECQ-480x682.jpg 480w, https:\/\/www.pimealdia.org\/wp-content\/uploads\/2023\/12\/Juan-Tortosa-Presidente-AECQ.jpg 1132w\" sizes=\"(max-width: 211px) 100vw, 211px\" \/>\u00bfQu\u00e9 peso tiene este sector para la econom\u00eda?<\/em><\/strong><\/p>\n<p style=\"text-align: justify;\">No disponemos de datos espec\u00edficos relativos a Catalu\u00f1a, pero s\u00ed del contexto del mercado espa\u00f1ol. Nuestra referencia a nivel cuantitativo es Feique, la Asociaci\u00f3n Espa\u00f1ola para la Industria Qu\u00edmica. Seg\u00fan sus datos estad\u00edsticos, la industria qu\u00edmica representa el 6,1% del PIB contributivo espa\u00f1ol, con una cifra de negocios cercana a los 90.000 millones en el 2022 y representando el 14,3% del PIB industrial. Existen 3.102 empresas que generan casi 800.000 empleos, entre directos e indirectos. La distribuci\u00f3n qu\u00edmica representa alrededor de un 15% del total del sector qu\u00edmico, con una facturaci\u00f3n de unos 13.000 millones en el 2022.<\/p>\n<p style=\"text-align: justify;\"><strong><em>\u00a0<\/em><\/strong><strong><em>Es un sector con gran volumen de exportaciones, \u00bfverdad? <\/em><\/strong><\/p>\n<p style=\"text-align: justify;\"><strong><em>\u00a0<\/em><\/strong>Si bien cuando hablamos de la industria qu\u00edmica espa\u00f1ola, nos estamos refiriendo al primer exportador (con una cuota de casi el 75% dedicada a la exportaci\u00f3n) nosotros somos por lo general m\u00e1s importadores que exportadores. Algunos grandes distribuidores est\u00e1n implantados en las zonas geogr\u00e1ficas adyacentes, como es el caso de Portugal, Magreb y el sur de Francia. Aun as\u00ed, en general, la distribuci\u00f3n ofrece los servicios de proximidad al usuario de productos qu\u00edmicos, por lo que nuestra participaci\u00f3n en el negocio de exportaci\u00f3n es, comparativamente, menor que el impacto que tiene en los n\u00fameros de Feique.<\/p>\n<p style=\"text-align: justify;\"><strong><em>\u00bfEn qu\u00e9 se centran las inversiones? <\/em><\/strong><\/p>\n<p style=\"text-align: justify;\">Nuestras inversiones se centran en el desarrollo y evoluci\u00f3n del paquete de servicios. Podr\u00edamos destacar la mejora de nuestro asesoramiento t\u00e9cnico hacia los clientes, una log\u00edstica mejorada haciendo uso de la tecnolog\u00eda digital puntera, una gesti\u00f3n de existencias correcta en la que minimizamos el plazo de entrega, evitando la generaci\u00f3n de productos obsoletos. Finalmente, tambi\u00e9n en todos aquellos apartados en los que nos tenemos que anticipar a las exigencias de sostenibilidad y medioambientales.<\/p>\n<p style=\"text-align: justify;\"><strong><em>\u00bfC\u00f3mo contribuyen estas empresas en el cuidado del medio ambiente?<\/em><\/strong><\/p>\n<p style=\"text-align: justify;\">Este es el centro de gravedad actual para todo lo que concierne al negocio qu\u00edmico y, por supuesto, la distribuci\u00f3n no es ajena. Aunque nosotros no somos en general productores de materias qu\u00edmicas, ni llevamos a cabo ning\u00fan proceso de s\u00edntesis, en algunos casos s\u00ed que manipulamos materias primas para elaborar \u201cblends\u201d a medida para el usuario final.<\/p>\n<p style=\"text-align: justify;\">Uno de los pilares de actuaci\u00f3n de la AECQ desde sus inicios hace 30 a\u00f1os ha sido un compromiso absoluto con el programa \u201cResponsible Care\u201d. Este programa coincide fuertemente con todas las nuevas normativas Europeas incluidas en el Green Deal y con los cuales estamos implementando puntual y disciplinadamente todos sus requerimientos.<\/p>\n<p style=\"text-align: justify;\">Por ejemplo, este a\u00f1o hemos intervenido directamente en la difusi\u00f3n y asesoramiento en todo lo relacionado con el Impuesto para envases de Pl\u00e1stico de un solo uso y tambi\u00e9n en lo concerniente a la aplicaci\u00f3n del Decreto Ley para Envases y Residuos de envases. Aparte, en estos momentos estamos debatiendo todo lo que implica la reducci\u00f3n del Carbon Footprint, analizando las maneras adecuadas de poderse cuantificar para las actividades de distribuci\u00f3n.<\/p>\n<p style=\"text-align: justify;\">Adicionalmente, a nuestra estrecha relaci\u00f3n con Feique, tambi\u00e9n colaboramos fuertemente con la Federaci\u00f3n de Empresas de Distribuci\u00f3n de Productos Qu\u00edmicos Europea, a trav\u00e9s de los que tenemos acceso a todas las novedades legislativas que tienen lugar a nivel europeo, as\u00ed como intercambiar experiencias con asociaciones de distribuci\u00f3n de productos qu\u00edmicos de otros pa\u00edses de nuestro entorno. Es enorme la carga de contenidos que estamos gestionando y nos enfocamos a priorizar aquellos que en verdad impactan al negocio de la distribuci\u00f3n qu\u00edmica.<\/p>\n<p>&nbsp;<\/p>\n","protected":false},"excerpt":{"rendered":"<p>Su asociaci\u00f3n re\u00fane a 80 empresas de la distribuci\u00f3n qu\u00edmica de las aproximadamente 250 que hay en Espa\u00f1a. \u00bfQu\u00e9 tipo de empresas forman parte de este sector? En la AECQ tenemos representadas a la mayor\u00eda de las grandes distribuidoras de productos qu\u00edmicos, tanto compa\u00f1\u00edas locales como grupos internacionales, aunque tambi\u00e9n tenemos una vasta representaci\u00f3n en el tramo intermedio. En donde nos estamos focalizando m\u00e1s para atraer nuevos asociados es en el campo de las empresas de distribuci\u00f3n especializadas en una aplicaci\u00f3n determinada o con \u00e1mbito de actuaci\u00f3n muy local, con cierto alejamiento de los polos directrices del sector. \u00bfQu\u00e9 peso<\/p>\n","protected":false},"author":83,"featured_media":29174,"comment_status":"open","ping_status":"closed","sticky":false,"template":"","format":"standard","meta":[],"categories":[342],"tags":[1341,1087,1077,1342,1344,1343],"_links":{"self":[{"href":"https:\/\/www.pimealdia.org\/es\/wp-json\/wp\/v2\/posts\/29176"}],"collection":[{"href":"https:\/\/www.pimealdia.org\/es\/wp-json\/wp\/v2\/posts"}],"about":[{"href":"https:\/\/www.pimealdia.org\/es\/wp-json\/wp\/v2\/types\/post"}],"author":[{"embeddable":true,"href":"https:\/\/www.pimealdia.org\/es\/wp-json\/wp\/v2\/users\/83"}],"replies":[{"embeddable":true,"href":"https:\/\/www.pimealdia.org\/es\/wp-json\/wp\/v2\/comments?post=29176"}],"version-history":[{"count":1,"href":"https:\/\/www.pimealdia.org\/es\/wp-json\/wp\/v2\/posts\/29176\/revisions"}],"predecessor-version":[{"id":29178,"href":"https:\/\/www.pimealdia.org\/es\/wp-json\/wp\/v2\/posts\/29176\/revisions\/29178"}],"wp:featuredmedia":[{"embeddable":true,"href":"https:\/\/www.pimealdia.org\/es\/wp-json\/wp\/v2\/media\/29174"}],"wp:attachment":[{"href":"https:\/\/www.pimealdia.org\/es\/wp-json\/wp\/v2\/media?parent=29176"}],"wp:term":[{"taxonomy":"category","embeddable":true,"href":"https:\/\/www.pimealdia.org\/es\/wp-json\/wp\/v2\/categories?post=29176"},{"taxonomy":"post_tag","embeddable":true,"href":"https:\/\/www.pimealdia.org\/es\/wp-json\/wp\/v2\/tags?post=29176"}],"curies":[{"name":"wp","href":"https:\/\/api.w.org\/{rel}","templated":true}]}}