{"id":29213,"date":"2024-01-11T11:51:07","date_gmt":"2024-01-11T09:51:07","guid":{"rendered":"https:\/\/www.pimealdia.org\/?p=29213"},"modified":"2024-01-11T11:51:07","modified_gmt":"2024-01-11T09:51:07","slug":"como-afectan-a-las-pymes-los-cambios-en-la-regulacion-energetica","status":"publish","type":"post","link":"https:\/\/www.pimealdia.org\/es\/como-afectan-a-las-pymes-los-cambios-en-la-regulacion-energetica\/","title":{"rendered":"\u00bfC\u00f3mo afectan a las pymes los cambios en la regulaci\u00f3n energ\u00e9tica?"},"content":{"rendered":"<p style=\"text-align: justify;\">Como es habitual, en el mes de diciembre la Comisi\u00f3n Nacional de los Mercados y la Competencia (CNMC), el Ministerio de Transici\u00f3n Ecol\u00f3gica y la misma Presidencia del Gobierno de Espa\u00f1a publican la regulaci\u00f3n que afecta a una gran parte del sector energ\u00e9tico.<\/p>\n<p>El RDL 8\/2023, de 27 de diciembre, acompa\u00f1ado de una serie de decretos y resoluciones circulares de la\u00a0CNMC, <strong>ha introducido cambios, basados en una estabilizaci\u00f3n del coste energ\u00e9tico del \u00faltimo a\u00f1o, que pueden apuntar una tendencia al alza.<\/strong><\/p>\n<p>Desde\u00a0PIMEC\u00a0manifestamos nuestra preocupaci\u00f3n al respeto, puesto que <strong>esta estabilizaci\u00f3n de precios no ha significado una reducci\u00f3n<\/strong>. Para la gran mayor\u00eda de las pymes los precios energ\u00e9ticos se han doblado y esta situaci\u00f3n todav\u00eda no se ha podido integrar en sus gastos.<\/p>\n<p>Volver a repercutir el Impuesto sobre el Valor de la Producci\u00f3n de Energ\u00eda El\u00e9ctrica (IVPEE) y el incremento del IVA o del IEE, <strong>no favorece el mantenimiento de unos precios energ\u00e9ticos finales asumibles para las pymes<\/strong>. As\u00ed mismo, a causa de la situaci\u00f3n de creciente inestabilidad geopol\u00edtica unida a la sequ\u00eda persistente, no podemos decir que no es el mejor momento para prorrogar el \u201cmecanismo de ajuste del gas\u201d o \u201cexcepcionalidad Ib\u00e9rica\u201d.<\/p>\n<p>Ser\u00eda conveniente tomar decisiones respecto a las plantas de cogeneraci\u00f3n o al adelanto en la regulaci\u00f3n de las comunidades solares y energ\u00e9ticas, entre otras cuestiones. En conclusi\u00f3n, <strong>necesitamos una pol\u00edtica energ\u00e9tica clara, basada en la energ\u00eda renovable, definida, m\u00e1s descentralizada y resolutiva<\/strong>.<\/p>\n<p>La buena noticia es que la generaci\u00f3n renovable sigue creciendo, con valores que ya llegan al 50% al Sistema Ib\u00e9rico, y ya es la principal fuente energ\u00e9tica con recursos propios, sostenibles y de garant\u00eda de precios asumibles a largo plazo.<\/p>\n<p>Atendiendo a estos cambios comentados, analizamos a continuaci\u00f3n los elementos a tener en cuenta en relaci\u00f3n con el consumo energ\u00e9tico de las pymes:<\/p>\n<p><img loading=\"lazy\" class=\"size-medium wp-image-29206 alignleft\" src=\"https:\/\/www.pimealdia.org\/wp-content\/uploads\/2024\/01\/pexels-markus-spiske-218445-300x200.jpg\" alt=\"\" width=\"300\" height=\"200\" srcset=\"https:\/\/www.pimealdia.org\/wp-content\/uploads\/2024\/01\/pexels-markus-spiske-218445-300x200.jpg 300w, https:\/\/www.pimealdia.org\/wp-content\/uploads\/2024\/01\/pexels-markus-spiske-218445-1024x683.jpg 1024w, https:\/\/www.pimealdia.org\/wp-content\/uploads\/2024\/01\/pexels-markus-spiske-218445-768x512.jpg 768w, https:\/\/www.pimealdia.org\/wp-content\/uploads\/2024\/01\/pexels-markus-spiske-218445-1536x1024.jpg 1536w, https:\/\/www.pimealdia.org\/wp-content\/uploads\/2024\/01\/pexels-markus-spiske-218445-2048x1365.jpg 2048w, https:\/\/www.pimealdia.org\/wp-content\/uploads\/2024\/01\/pexels-markus-spiske-218445-720x480.jpg 720w, https:\/\/www.pimealdia.org\/wp-content\/uploads\/2024\/01\/pexels-markus-spiske-218445-480x320.jpg 480w\" sizes=\"(max-width: 300px) 100vw, 300px\" \/>\u2022 <strong>Validar las condiciones de contrataci\u00f3n<\/strong> de gas natural y electricidad, analizando los precios contratados y previendo posibles cambios de condiciones o de comercializadora, que en muchos casos pueden facilitar una reducci\u00f3n del precio base.<br \/>\n\u2022 <strong>Adecuar potencias contratadas y caudales<\/strong>, tanto en electricidad como en gas.<br \/>\n\u2022 <strong>Potenciar el autoconsumo energ\u00e9tico<\/strong> como una manera de reducir los costes energ\u00e9ticos.<br \/>\n\u2022 Plantear <strong>la incorporaci\u00f3n de energ\u00edas renovables<\/strong>, como la fotovoltaica, biomasa y la posible vinculaci\u00f3n a comunidades energ\u00e9ticas y solares, muy especialmente en pol\u00edgonos industriales.<br \/>\n\u2022 <strong>Realizar diagnosis energ\u00e9ticas<\/strong> para cuantificar la eficiencia energ\u00e9tica, sobre todo en cuanto a la generaci\u00f3n t\u00e9rmica, tanto en procesos industriales como comerciales (ACS-Climatizaci\u00f3n).<br \/>\n\u2022 Implementar <strong>sistemas de monitorizaci\u00f3n energ\u00e9tica<\/strong> para aplicar un sistema de gesti\u00f3n energ\u00e9tica en fases posteriores.<\/p>\n<p>Y una \u00faltima recomendaci\u00f3n: acudir a ingenier\u00edas, instaladores y consultores cualificados, con solvencia t\u00e9cnica y calificaci\u00f3n profesional probada. Desgraciadamente, en estos momentos hay ofertas de \u201cproductos espectaculares\u201d, con ahorros \u201cgarantizados\u201d del 50% y tecnolog\u00edas dudosas.<\/p>\n","protected":false},"excerpt":{"rendered":"<p>Como es habitual, en el mes de diciembre la Comisi\u00f3n Nacional de los Mercados y la Competencia (CNMC), el Ministerio de Transici\u00f3n Ecol\u00f3gica y la misma Presidencia del Gobierno de Espa\u00f1a publican la regulaci\u00f3n que afecta a una gran parte del sector energ\u00e9tico. El RDL 8\/2023, de 27 de diciembre, acompa\u00f1ado de una serie de decretos y resoluciones circulares de la\u00a0CNMC, ha introducido cambios, basados en una estabilizaci\u00f3n del coste energ\u00e9tico del \u00faltimo a\u00f1o, que pueden apuntar una tendencia al alza. Desde\u00a0PIMEC\u00a0manifestamos nuestra preocupaci\u00f3n al respeto, puesto que esta estabilizaci\u00f3n de precios no ha significado una reducci\u00f3n. Para la gran<\/p>\n","protected":false},"author":201,"featured_media":29204,"comment_status":"open","ping_status":"closed","sticky":false,"template":"","format":"standard","meta":[],"categories":[772],"tags":[1369,1181,713,1365,1367,1077,1183,1326,1370,1366,1108,1078,1368],"_links":{"self":[{"href":"https:\/\/www.pimealdia.org\/es\/wp-json\/wp\/v2\/posts\/29213"}],"collection":[{"href":"https:\/\/www.pimealdia.org\/es\/wp-json\/wp\/v2\/posts"}],"about":[{"href":"https:\/\/www.pimealdia.org\/es\/wp-json\/wp\/v2\/types\/post"}],"author":[{"embeddable":true,"href":"https:\/\/www.pimealdia.org\/es\/wp-json\/wp\/v2\/users\/201"}],"replies":[{"embeddable":true,"href":"https:\/\/www.pimealdia.org\/es\/wp-json\/wp\/v2\/comments?post=29213"}],"version-history":[{"count":1,"href":"https:\/\/www.pimealdia.org\/es\/wp-json\/wp\/v2\/posts\/29213\/revisions"}],"predecessor-version":[{"id":29215,"href":"https:\/\/www.pimealdia.org\/es\/wp-json\/wp\/v2\/posts\/29213\/revisions\/29215"}],"wp:featuredmedia":[{"embeddable":true,"href":"https:\/\/www.pimealdia.org\/es\/wp-json\/wp\/v2\/media\/29204"}],"wp:attachment":[{"href":"https:\/\/www.pimealdia.org\/es\/wp-json\/wp\/v2\/media?parent=29213"}],"wp:term":[{"taxonomy":"category","embeddable":true,"href":"https:\/\/www.pimealdia.org\/es\/wp-json\/wp\/v2\/categories?post=29213"},{"taxonomy":"post_tag","embeddable":true,"href":"https:\/\/www.pimealdia.org\/es\/wp-json\/wp\/v2\/tags?post=29213"}],"curies":[{"name":"wp","href":"https:\/\/api.w.org\/{rel}","templated":true}]}}