{"id":29227,"date":"2024-01-15T11:01:52","date_gmt":"2024-01-15T09:01:52","guid":{"rendered":"https:\/\/www.pimealdia.org\/?p=29227"},"modified":"2024-01-15T11:02:00","modified_gmt":"2024-01-15T09:02:00","slug":"el-material-mas-sostenible-es-el-que-ya-existe","status":"publish","type":"post","link":"https:\/\/www.pimealdia.org\/es\/el-material-mas-sostenible-es-el-que-ya-existe\/","title":{"rendered":"\u201cEl material m\u00e1s sostenible es el que ya existe\u201d"},"content":{"rendered":"<blockquote>\n<p style=\"text-align: justify;\"><img loading=\"lazy\" class=\"size-medium wp-image-29225 alignleft\" src=\"https:\/\/www.pimealdia.org\/wp-content\/uploads\/2024\/01\/Sylvia-Calvo-200x300.jpg\" alt=\"\" width=\"200\" height=\"300\" srcset=\"https:\/\/www.pimealdia.org\/wp-content\/uploads\/2024\/01\/Sylvia-Calvo-200x300.jpg 200w, https:\/\/www.pimealdia.org\/wp-content\/uploads\/2024\/01\/Sylvia-Calvo.jpg 320w\" sizes=\"(max-width: 200px) 100vw, 200px\" \/>Sylvia\u00a0Calvo es una dise\u00f1adora de moda y emprendedora que apuesta por una industria textil innovadora, sostenible y justa. Cree que la econom\u00eda circular requiere colaboraci\u00f3n, comunicaci\u00f3n y apoyo de toda la cadena de valor para poder crear proyectos con un impacto positivo<\/p>\n<\/blockquote>\n<p style=\"text-align: justify;\"><strong>Tu marca Sylvia Calvo BCN ha sido recientemente reconocida en los Green Product Award Fashion 2023 por su proyecto Re-Yut-Cel. \u00bfEn qu\u00e9 consiste?<\/strong><\/p>\n<p>Este es un proyecto que he tenido en el caj\u00f3n hace tiempo y que ahora he podido desarrollar gracias a la colaboraci\u00f3n de la empresa Hilaturas Jes\u00fas Rubio SA de Sabadell y el apoyo de Texfor. Desde INTEXTER investigamos la f\u00f3rmula m\u00e1s adecuada para conseguir un hilo con una textura adecuada, despu\u00e9s de triturar sacos de caf\u00e9 y mezclar la fibra de yute con algod\u00f3n org\u00e1nico y de tejido Tencel (muy suave, obtenido a partir de fibras reciclables y de ropa postconsumo). El resultado ha sido un hilo de calidad, original y de bajo impacto ambiental.<\/p>\n<p>En relaci\u00f3n con la huella de carbono de uno de los dise\u00f1os hechos con Re-Yut-Cel, la producci\u00f3n de estos usa un 84% menos de agua y genera un 88% menos de CO?, comparado con una pieza similar convencional. Adem\u00e1s, se reduce en un 94% la cantidad de kil\u00f3metros recorridos en todo el proceso, seg\u00fan los c\u00e1lculos hechos por True Cost Label, de \u00c1msterdam.<\/p>\n<p>No me puedo creer hasta d\u00f3nde he llegado teniendo en cuenta que empec\u00e9 yendo a buscar sacos a un almac\u00e9n de caf\u00e9 del Puerto de Barcelona. Las personas que trabajaban all\u00ed me miraban extra\u00f1adas cuando dec\u00eda que los usar\u00eda para confeccionar ropa y, ahora, estos mismos sacos desfilan en pasarelas de moda.<\/p>\n<p><img loading=\"lazy\" class=\"size-medium wp-image-29219 alignright\" src=\"https:\/\/www.pimealdia.org\/wp-content\/uploads\/2024\/01\/Imatge1-300x169.png\" alt=\"\" width=\"300\" height=\"169\" srcset=\"https:\/\/www.pimealdia.org\/wp-content\/uploads\/2024\/01\/Imatge1-300x169.png 300w, https:\/\/www.pimealdia.org\/wp-content\/uploads\/2024\/01\/Imatge1-480x271.png 480w, https:\/\/www.pimealdia.org\/wp-content\/uploads\/2024\/01\/Imatge1.png 674w\" sizes=\"(max-width: 300px) 100vw, 300px\" \/><strong>\u00bfNos puedes explicar alguna an\u00e9cdota del proyecto Re-Yut-Cel?<\/strong><\/p>\n<p style=\"text-align: justify;\">En 2015 me contact\u00f3 una se\u00f1ora de Australia para decirme que hac\u00eda una labor muy original y que quer\u00eda que participara en el Eco Fashion Week de aquel pa\u00eds. Fui sola a la otra punta del mundo, donde no conoc\u00eda a nadie, con una maleta con la colecci\u00f3n para el desfile.<\/p>\n<p style=\"text-align: justify;\">Ahora me han hecho representante de este acontecimiento en Europa y, gracias a esto, tenemos varios proyectos para unir las culturas catalana y australiana. El tejido Re-Yut-Cel ser\u00e1 el protagonista del concurso de 2025, que consiste en dise\u00f1ar looks a partir de este nuevo tejido. Enviaremos tela a Australia y 12 estudiantes har\u00e1n sus propuestas; los ganadores desfilar\u00e1n en el Eco Fashion Week.<\/p>\n<p style=\"text-align: justify;\"><strong>Tu lema es \u201cel material m\u00e1s sostenible es el que ya existe\u201d. \u00bfPodr\u00edas desarrollar esta idea?<\/strong><\/p>\n<p style=\"text-align: justify;\">En nuestro entorno hay una gran cantidad de residuos que pueden ser de gran valor y que no aprovechamos. Muchos de ellos se queman, con lo cual contribuimos al aumento de la contaminaci\u00f3n ambiental, cuando podemos rescatarlos y reintroducirlos en la cadena de valor textil para reutilizarlos.<\/p>\n<p style=\"text-align: justify;\">Por ejemplo, yo trabajo con unos sacos de caf\u00e9 que pierden su utilidad una vez el producto llega a su destino. Con su reutilizaci\u00f3n, les damos una segunda vida, en este caso muy diferente a la primera, los transformamos en accesorios y prendas de ropa \u00fanicas que han llegado a desfilar en pasarelas de moda sostenible en Budapest y Australia.<\/p>\n<p><strong>En tu actividad empresarial, \u00bfqu\u00e9 acciones llevas a cabo para apoyar a la econom\u00eda circular y reducir el derroche de recursos naturales?<\/strong><\/p>\n<p>Nuestro proyecto fomenta la mentalidad de tener presente el ciclo de vida del producto, alentando a los nuevos dise\u00f1adores a considerar el segundo uso de los materiales y su reciclaje al final de su ciclo de vida. Los sacos ya han cumplido la funci\u00f3n de transportar caf\u00e9 utilizando recursos como el yute, la energ\u00eda en su fabricaci\u00f3n, el agua y la mano de obra en el proceso. Estos sacos se convierten en un material valioso que se puede utilizar en otra industria, cosa que permite ahorrar recursos para fabricar materiales equivalentes y reducir el transporte que esto implica.<\/p>\n<p style=\"text-align: justify;\"><img loading=\"lazy\" class=\"size-medium wp-image-29221 alignleft\" src=\"https:\/\/www.pimealdia.org\/wp-content\/uploads\/2024\/01\/Imatge2-300x300.png\" alt=\"\" width=\"300\" height=\"300\" srcset=\"https:\/\/www.pimealdia.org\/wp-content\/uploads\/2024\/01\/Imatge2-300x300.png 300w, https:\/\/www.pimealdia.org\/wp-content\/uploads\/2024\/01\/Imatge2-1024x1020.png 1024w, https:\/\/www.pimealdia.org\/wp-content\/uploads\/2024\/01\/Imatge2-150x150.png 150w, https:\/\/www.pimealdia.org\/wp-content\/uploads\/2024\/01\/Imatge2-768x765.png 768w, https:\/\/www.pimealdia.org\/wp-content\/uploads\/2024\/01\/Imatge2-480x478.png 480w, https:\/\/www.pimealdia.org\/wp-content\/uploads\/2024\/01\/Imatge2.png 1322w\" sizes=\"(max-width: 300px) 100vw, 300px\" \/>La huella medioambiental de este material es:<br \/>\n&#8211; Ahorro de la materia prima.<br \/>\n&#8211; Reducci\u00f3n del consumo de recursos energ\u00e9ticos.<br \/>\n&#8211; Conservaci\u00f3n del agua.<br \/>\n&#8211; Menor necesidad de transporte.<br \/>\n&#8211; Transparencia y trazabilidad total a lo largo de la cadena de valor.<br \/>\n&#8211; Uso de fibras naturales biodegradables, de forma que se promueve la sostenibilidad ambiental.<\/p>\n<p style=\"text-align: justify;\">Estas actividades tambi\u00e9n tienen un impacto positivo en los derechos humanos y la igualdad de g\u00e9nero. Abordamos la problem\u00e1tica de los residuos que se generan en el sector cafetero y del cacao, a la vez que ofrecemos soluciones para la industria textil, que est\u00e1 bajo un escrutinio creciente a causa de sus implicaciones ambientales, clim\u00e1ticas y sociales.<\/p>\n<p style=\"text-align: justify;\">Desde una perspectiva econ\u00f3mica, los modelos circulares representan una verdadera revoluci\u00f3n en la manera como concebimos el comercio y los negocios. Nuestro proyecto promueve los principios de circularidad y ecodise\u00f1o, as\u00ed como el uso inteligente de materiales ya existentes para evitar la generaci\u00f3n de residuos innecesarios. Esto proporciona varias oportunidades de negocio tanto en la fase inicial como la fase final del ciclo de vida de los productos.<\/p>\n<p style=\"text-align: justify;\">Destacamos los aspectos siguientes:<br \/>\n\u2022 Promoci\u00f3n de la econom\u00eda circular: fomentamos la transici\u00f3n hacia un modelo econ\u00f3mico m\u00e1s sostenible y circular, donde los productos y materiales mantienen su valor a lo largo del tiempo, en lugar de ser rechazados despu\u00e9s de su primer uso.<br \/>\n\u2022 Apoyo a la industria y la econom\u00eda local: colaboraci\u00f3n en todo el proceso con industrias locales. Esto no solo fortalece la econom\u00eda local, sino que tambi\u00e9n reduce la huella ambiental al minimizar la necesidad de transporte de larga distancia.<\/p>\n","protected":false},"excerpt":{"rendered":"<p>Sylvia\u00a0Calvo es una dise\u00f1adora de moda y emprendedora que apuesta por una industria textil innovadora, sostenible y justa. Cree que la econom\u00eda circular requiere colaboraci\u00f3n, comunicaci\u00f3n y apoyo de toda la cadena de valor para poder crear proyectos con un impacto positivo Tu marca Sylvia Calvo BCN ha sido recientemente reconocida en los Green Product Award Fashion 2023 por su proyecto Re-Yut-Cel. \u00bfEn qu\u00e9 consiste? Este es un proyecto que he tenido en el caj\u00f3n hace tiempo y que ahora he podido desarrollar gracias a la colaboraci\u00f3n de la empresa Hilaturas Jes\u00fas Rubio SA de Sabadell y el apoyo de<\/p>\n","protected":false},"author":83,"featured_media":29223,"comment_status":"open","ping_status":"closed","sticky":false,"template":"","format":"standard","meta":[],"categories":[338],"tags":[1387,1369,1384,1390,1381,1388,1085,1385,1391,372,1389,1064,1078,1386,1382,1282,1065,1383,1179],"_links":{"self":[{"href":"https:\/\/www.pimealdia.org\/es\/wp-json\/wp\/v2\/posts\/29227"}],"collection":[{"href":"https:\/\/www.pimealdia.org\/es\/wp-json\/wp\/v2\/posts"}],"about":[{"href":"https:\/\/www.pimealdia.org\/es\/wp-json\/wp\/v2\/types\/post"}],"author":[{"embeddable":true,"href":"https:\/\/www.pimealdia.org\/es\/wp-json\/wp\/v2\/users\/83"}],"replies":[{"embeddable":true,"href":"https:\/\/www.pimealdia.org\/es\/wp-json\/wp\/v2\/comments?post=29227"}],"version-history":[{"count":1,"href":"https:\/\/www.pimealdia.org\/es\/wp-json\/wp\/v2\/posts\/29227\/revisions"}],"predecessor-version":[{"id":29229,"href":"https:\/\/www.pimealdia.org\/es\/wp-json\/wp\/v2\/posts\/29227\/revisions\/29229"}],"wp:featuredmedia":[{"embeddable":true,"href":"https:\/\/www.pimealdia.org\/es\/wp-json\/wp\/v2\/media\/29223"}],"wp:attachment":[{"href":"https:\/\/www.pimealdia.org\/es\/wp-json\/wp\/v2\/media?parent=29227"}],"wp:term":[{"taxonomy":"category","embeddable":true,"href":"https:\/\/www.pimealdia.org\/es\/wp-json\/wp\/v2\/categories?post=29227"},{"taxonomy":"post_tag","embeddable":true,"href":"https:\/\/www.pimealdia.org\/es\/wp-json\/wp\/v2\/tags?post=29227"}],"curies":[{"name":"wp","href":"https:\/\/api.w.org\/{rel}","templated":true}]}}