{"id":29276,"date":"2024-01-26T10:08:25","date_gmt":"2024-01-26T08:08:25","guid":{"rendered":"https:\/\/www.pimealdia.org\/?p=29276"},"modified":"2024-01-26T10:10:12","modified_gmt":"2024-01-26T08:10:12","slug":"iniciamos-el-2024-con-la-presidencia-belga-de-la-ue-que-dara-paso-a-las-elecciones-europeas","status":"publish","type":"post","link":"https:\/\/www.pimealdia.org\/es\/iniciamos-el-2024-con-la-presidencia-belga-de-la-ue-que-dara-paso-a-las-elecciones-europeas\/","title":{"rendered":"Iniciamos el 2024 con la presidencia belga de la UE, que dar\u00e1 paso a las elecciones europeas"},"content":{"rendered":"<p style=\"text-align: justify;\">El 1 de enero B\u00e9lgica tom\u00f3 las riendas del Consejo de la Uni\u00f3n Europea tras coger el relevo de Espa\u00f1a. En estos pr\u00f3ximos meses, B\u00e9lgica asumir\u00e1 la labor de promover acuerdos entre el Parlamento Europeo (PE) y el Consejo, antes de las elecciones europeas del mes de junio, sobre expedientes legislativos relevantes para las pymes como el <strong>reglamento sobre los envases y la directiva sobre el derecho a reparar<\/strong>.<\/p>\n<p style=\"text-align: justify;\">El mandato belga ser\u00e1 breve e intenso puesto que la \u00faltima sesi\u00f3n plenaria del PE se celebrar\u00e1 en abril y con posterioridad el PE y el Consejo no podr\u00e1n negociar acuerdos sobre legislaci\u00f3n en tr\u00e1mite de aprobaci\u00f3n hasta que no se configure el nuevo PE, en julio, ya bajo la presidencia h\u00fangara del Consejo.<\/p>\n<p style=\"text-align: justify;\"><img loading=\"lazy\" class=\"size-full wp-image-29274 alignleft\" src=\"https:\/\/www.pimealdia.org\/wp-content\/uploads\/2024\/01\/Imatge1.jpg\" alt=\"\" width=\"225\" height=\"225\" srcset=\"https:\/\/www.pimealdia.org\/wp-content\/uploads\/2024\/01\/Imatge1.jpg 225w, https:\/\/www.pimealdia.org\/wp-content\/uploads\/2024\/01\/Imatge1-150x150.jpg 150w\" sizes=\"(max-width: 225px) 100vw, 225px\" \/>Adem\u00e1s, la presidencia belga coincidir\u00e1 con la campa\u00f1a de las elecciones federales belgas el 9 de junio, lo que esperamos que no influya en la\u00a0eficacia\u00a0para alcanzar acuerdos pol\u00edticos durante el mandato europeo de B\u00e9lgica.<\/p>\n<p style=\"text-align: justify;\">Desde la delegaci\u00f3n de\u00a0PIMEC\u00a0en Bruselas y desde SMEunited\u00a0esperamos contar con B\u00e9lgica para reforzar la competitividad de la UE, tal como ha se\u00f1alado en sus prioridades para Europa. Entre otras, destacan la necesidad de asegurar que las empresas, y en especial las pymes, compitan de manera justa tanto globalmente como dentro de la UE.<\/p>\n<p style=\"text-align: justify;\">As\u00ed mismo, la presidencia belga se ha comprometido a reforzar el mercado \u00fanico para avanzar tanto en la uni\u00f3n del mercado de capitales como en la uni\u00f3n energ\u00e9tica de los veintisiete. Tambi\u00e9n ha manifestado su inter\u00e9s por sacar adelante el Plan Verde\u00a0Industrial,\u00a0propuesto por la Comisi\u00f3n Europea en 2023 con el objetivo de incrementar la competitividad de la industria europea \u2013sin tener que\u00a0recorrer\u00a0a las ayudas de estado tan utilizadas por Francia y Alemania en los \u00faltimos meses\u2013 y, en cambio,\u00a0reduciendo\u00a0las dependencias y promoviendo el liderazgo\u00a0tecnol\u00f3gico\u00a0en sectores cr\u00edticos. En este sentido, ser\u00e1 necesario alcanzar un acuerdo sobre <strong>el reglamento relativo a la\u00a0industria\u00a0de cero emisiones limpias<\/strong> para acelerar la implantaci\u00f3n industrial de las tecnolog\u00edas verdes, simplificando los procedimientos de concesi\u00f3n de permisos.<\/p>\n<p style=\"text-align: justify;\">A pesar de que no se podr\u00e1 llegar a un acuerdo final antes de las elecciones europeas sobre el reglamento de lucha contra la morosidad, esperamos que tanto el PE como el Consejo, liderado por B\u00e9lgica, cierren sus informes respectivos para entrar a negociar en la segunda mitad del a\u00f1o y poder contar con un Reglamento ya en 2024.<\/p>\n<p style=\"text-align: justify;\">Desde PIMEC\u00a0continuaremos trabajando con\u00a0SMEunited\u00a0y las instituciones de la UE para que estas finalicen la legislaci\u00f3n lo antes posible y, as\u00ed, dar seguridad jur\u00eddica y previsibilidad a las empresas, asegur\u00e1ndonos de que se tienen en cuenta los intereses de las\u00a0mipymes.<\/p>\n","protected":false},"excerpt":{"rendered":"<p>El 1 de enero B\u00e9lgica tom\u00f3 las riendas del Consejo de la Uni\u00f3n Europea tras coger el relevo de Espa\u00f1a. En estos pr\u00f3ximos meses, B\u00e9lgica asumir\u00e1 la labor de promover acuerdos entre el Parlamento Europeo (PE) y el Consejo, antes de las elecciones europeas del mes de junio, sobre expedientes legislativos relevantes para las pymes como el reglamento sobre los envases y la directiva sobre el derecho a reparar. El mandato belga ser\u00e1 breve e intenso puesto que la \u00faltima sesi\u00f3n plenaria del PE se celebrar\u00e1 en abril y con posterioridad el PE y el Consejo no podr\u00e1n negociar acuerdos<\/p>\n","protected":false},"author":76,"featured_media":29018,"comment_status":"open","ping_status":"closed","sticky":false,"template":"","format":"standard","meta":[],"categories":[770],"tags":[1454,1447,1450,1446,1452,1087,1448,1077,1451,1456,1088,1449,1083,746,991,1455,1453,1445],"_links":{"self":[{"href":"https:\/\/www.pimealdia.org\/es\/wp-json\/wp\/v2\/posts\/29276"}],"collection":[{"href":"https:\/\/www.pimealdia.org\/es\/wp-json\/wp\/v2\/posts"}],"about":[{"href":"https:\/\/www.pimealdia.org\/es\/wp-json\/wp\/v2\/types\/post"}],"author":[{"embeddable":true,"href":"https:\/\/www.pimealdia.org\/es\/wp-json\/wp\/v2\/users\/76"}],"replies":[{"embeddable":true,"href":"https:\/\/www.pimealdia.org\/es\/wp-json\/wp\/v2\/comments?post=29276"}],"version-history":[{"count":1,"href":"https:\/\/www.pimealdia.org\/es\/wp-json\/wp\/v2\/posts\/29276\/revisions"}],"predecessor-version":[{"id":29277,"href":"https:\/\/www.pimealdia.org\/es\/wp-json\/wp\/v2\/posts\/29276\/revisions\/29277"}],"wp:featuredmedia":[{"embeddable":true,"href":"https:\/\/www.pimealdia.org\/es\/wp-json\/wp\/v2\/media\/29018"}],"wp:attachment":[{"href":"https:\/\/www.pimealdia.org\/es\/wp-json\/wp\/v2\/media?parent=29276"}],"wp:term":[{"taxonomy":"category","embeddable":true,"href":"https:\/\/www.pimealdia.org\/es\/wp-json\/wp\/v2\/categories?post=29276"},{"taxonomy":"post_tag","embeddable":true,"href":"https:\/\/www.pimealdia.org\/es\/wp-json\/wp\/v2\/tags?post=29276"}],"curies":[{"name":"wp","href":"https:\/\/api.w.org\/{rel}","templated":true}]}}