{"id":29279,"date":"2024-01-29T10:22:53","date_gmt":"2024-01-29T08:22:53","guid":{"rendered":"https:\/\/www.pimealdia.org\/?p=29279"},"modified":"2024-01-29T10:22:53","modified_gmt":"2024-01-29T08:22:53","slug":"quien-se-queda-con-los-datos-personales-de-los-electrodomesticos-conectados","status":"publish","type":"post","link":"https:\/\/www.pimealdia.org\/es\/quien-se-queda-con-los-datos-personales-de-los-electrodomesticos-conectados\/","title":{"rendered":"\u00bfQui\u00e9n se queda con los datos personales de los electrodom\u00e9sticos conectados?"},"content":{"rendered":"<p style=\"text-align: justify;\">El pasado 22 de diciembre de 2023, la Uni\u00f3n Europea public\u00f3 el denominado <strong>Reglamento de Datos<\/strong>, que impone a los fabricantes y proveedores de servicio la obligaci\u00f3n de permitir que sus usuarios, ya sean empresas o particulares, accedan y reutilicen los datos generados por el uso de sus productos o servicios, desde las cafeteras hasta las turbinas e\u00f3licas. Tambi\u00e9n permite a los usuarios compartir esos datos con terceros; por ejemplo, los propietarios de autom\u00f3viles podr\u00e1n optar en el futuro por compartir determinados datos sobre veh\u00edculos con un mec\u00e1nico o con su compa\u00f1\u00eda de seguros.<\/p>\n<p style=\"text-align: justify;\">El Reglamento (UE) 2023\/2854, ofrecer\u00e1 a los particulares y a las empresas un mayor control sobre sus datos, mediante el <strong>fortalecimiento del derecho a la portabilidad de los datos<\/strong>, la copia y la transferencia de datos desde distintos servicios de forma simple <strong>cuando<\/strong> <strong>se generen a trav\u00e9s de objetos, m\u00e1quinas y dispositivos inteligentes<\/strong>.<\/p>\n<p style=\"text-align: justify;\">Permitir\u00e1 a los usuarios de dispositivos conectados \u2014que comprenden desde los electrodom\u00e9sticos inteligentes hasta maquinaria industrial inteligente<strong>\u2014 <\/strong>acceder a los datos generados por su uso, que a menudo son recopilados exclusivamente por los fabricantes y proveedores de servicios. En lo que respecta los datos del internet de las cosas, el nuevo Reglamento se centra en las funcionalidades de los datos recogidos por los productos conectados en lugar de en los productos en s\u00ed mismos. Introduce la <strong>distinci\u00f3n entre \u00abdatos del producto\u00bb y \u00abdatos de servicios relacionados\u00bb,<\/strong> a partir de los cuales pueden compartirse datos f\u00e1cilmente disponibles.<\/p>\n<p style=\"text-align: justify;\">El nuevo Reglamento tambi\u00e9n garantiza un <strong>nivel suficiente de protecci\u00f3n<\/strong> de los secretos comerciales y de los derechos de propiedad intelectual e industrial. El texto legal establece medidas para impedir que se haga un uso abusivo de los desequilibrios contractuales. Es decir, en los contratos de intercambio de datos, debido a cl\u00e1usulas contractuales abusivas impuestas por una parte con una posici\u00f3n negociadora considerablemente m\u00e1s fuerte. <strong>Estas medidas proteger\u00e1n a las empresas de la UE de los acuerdos desleales y dar\u00e1n a las pymes un mayor margen de maniobra. <\/strong><\/p>\n<p style=\"text-align: justify;\">En lo que respecta a las solicitudes de acceso a datos en el contexto de las relaciones entre empresas y administraciones, el nuevo Reglamento establece que <strong>los datos personales solo se compartir\u00e1n en circunstancias excepcionales<\/strong>, como una cat\u00e1strofe natural, una pandemia o un ataque terrorista, y solo si no es posible acceder a los datos de otro modo. Las microempresas y las peque\u00f1as empresas tambi\u00e9n aportar\u00e1n sus datos en tales casos y ser\u00e1n compensadas.<\/p>\n<p style=\"text-align: justify;\">El nuevo Reglamento permitir\u00e1 a los consumidores<strong> cambiar f\u00e1cilmente de un proveedor de servicios en la nube a otro<\/strong>. Tambi\u00e9n se han introducido salvaguardas contra las transferencias ilegales de datos, as\u00ed como normas de interoperabilidad para el intercambio y el tratamiento de datos. Por \u00faltimo, se espera que pueda <strong>abaratar y hacer m\u00e1s eficiente el servicio postventa de determinados dispositivos.<\/strong><\/p>\n<p style=\"text-align: justify;\">Para concluir, es muy importante indicar que el d\u00eda de entrada en vigor del Reglamento de Datos, el 12 de enero de 2024, es el inicio de un per\u00edodo de transici\u00f3n de veinte meses. La <strong>f<\/strong>echa de aplicaci\u00f3n general y obligatoria est\u00e1 establecida para el <strong>12 de septiembre de 2025<\/strong>, salvo algunos art\u00edculos del texto legal que lo har\u00e1n posteriormente.<\/p>\n<p style=\"text-align: justify;\">Para m\u00e1s informaci\u00f3n: Departamento Jur\u00eddico de PIMEC (Gemma Soro <a href=\"mailto:gsoro@pimec.org\"><strong><em>gsoro@pimec.org<\/em><\/strong><\/a><em>)<\/em><\/p>\n","protected":false},"excerpt":{"rendered":"<p>El pasado 22 de diciembre de 2023, la Uni\u00f3n Europea public\u00f3 el denominado Reglamento de Datos, que impone a los fabricantes y proveedores de servicio la obligaci\u00f3n de permitir que sus usuarios, ya sean empresas o particulares, accedan y reutilicen los datos generados por el uso de sus productos o servicios, desde las cafeteras hasta las turbinas e\u00f3licas. Tambi\u00e9n permite a los usuarios compartir esos datos con terceros; por ejemplo, los propietarios de autom\u00f3viles podr\u00e1n optar en el futuro por compartir determinados datos sobre veh\u00edculos con un mec\u00e1nico o con su compa\u00f1\u00eda de seguros. El Reglamento (UE) 2023\/2854, ofrecer\u00e1 a<\/p>\n","protected":false},"author":74,"featured_media":29280,"comment_status":"open","ping_status":"closed","sticky":false,"template":"","format":"standard","meta":[],"categories":[342],"tags":[1458,1461,1459,1087,1085,1462,746,1460,1078,1082,1457,1453,1445],"_links":{"self":[{"href":"https:\/\/www.pimealdia.org\/es\/wp-json\/wp\/v2\/posts\/29279"}],"collection":[{"href":"https:\/\/www.pimealdia.org\/es\/wp-json\/wp\/v2\/posts"}],"about":[{"href":"https:\/\/www.pimealdia.org\/es\/wp-json\/wp\/v2\/types\/post"}],"author":[{"embeddable":true,"href":"https:\/\/www.pimealdia.org\/es\/wp-json\/wp\/v2\/users\/74"}],"replies":[{"embeddable":true,"href":"https:\/\/www.pimealdia.org\/es\/wp-json\/wp\/v2\/comments?post=29279"}],"version-history":[{"count":1,"href":"https:\/\/www.pimealdia.org\/es\/wp-json\/wp\/v2\/posts\/29279\/revisions"}],"predecessor-version":[{"id":29282,"href":"https:\/\/www.pimealdia.org\/es\/wp-json\/wp\/v2\/posts\/29279\/revisions\/29282"}],"wp:featuredmedia":[{"embeddable":true,"href":"https:\/\/www.pimealdia.org\/es\/wp-json\/wp\/v2\/media\/29280"}],"wp:attachment":[{"href":"https:\/\/www.pimealdia.org\/es\/wp-json\/wp\/v2\/media?parent=29279"}],"wp:term":[{"taxonomy":"category","embeddable":true,"href":"https:\/\/www.pimealdia.org\/es\/wp-json\/wp\/v2\/categories?post=29279"},{"taxonomy":"post_tag","embeddable":true,"href":"https:\/\/www.pimealdia.org\/es\/wp-json\/wp\/v2\/tags?post=29279"}],"curies":[{"name":"wp","href":"https:\/\/api.w.org\/{rel}","templated":true}]}}