{"id":29296,"date":"2024-01-31T11:24:07","date_gmt":"2024-01-31T09:24:07","guid":{"rendered":"https:\/\/www.pimealdia.org\/?p=29296"},"modified":"2024-02-01T14:05:32","modified_gmt":"2024-02-01T12:05:32","slug":"sequia-una-emergencia-que-afecta-a-las-pymes","status":"publish","type":"post","link":"https:\/\/www.pimealdia.org\/es\/sequia-una-emergencia-que-afecta-a-las-pymes\/","title":{"rendered":"Sequ\u00eda: una emergencia que afecta a las pymes"},"content":{"rendered":"<p style=\"text-align: justify;\">La sequ\u00eda que sufre Catalu\u00f1a es la m\u00e1s grave de la historia reciente. Los embalses est\u00e1n al 16% de su capacidad, y el gobierno ha decretado este jueves la entrada en fase de emergencia en el sistema Ter-Llobregat.<\/p>\n<p style=\"text-align: justify;\">Desde\u00a0PIMEC\u00a0hemos constatado que las empresas, especialmente aquellas que pertenecen a los sectores m\u00e1s dependientes del agua, afrontan los efectos y las restricciones por la sequ\u00eda con <strong>preocupaci\u00f3n e incertidumbre<\/strong>.<\/p>\n<p style=\"text-align: justify;\">Preocupaci\u00f3n por parte de las personas aut\u00f3nomas y las empresas vinculadas a las actividades agr\u00edcolas, ganaderas, al sector de la planta y la flor, la industria \u2013 especialmente la agroalimentaria, qu\u00edmica, farmac\u00e9utica y papelera- y otros sectores donde <strong>la reducci\u00f3n del agua repercutir\u00e1 en una disminuci\u00f3n de la actividad, de la ocupaci\u00f3n y, de alargarse en el tiempo, puede afectar a la viabilidad para mantener el negocio.<\/strong><\/p>\n<p style=\"text-align: justify;\">Con preocupaci\u00f3n, pero tambi\u00e9n con incertidumbre por c\u00f3mo se aplicar\u00e1n las restricciones, si se har\u00e1n reducciones personalizadas de acuerdo con un plan de ahorro o de si habr\u00e1 ayudas econ\u00f3micas para <strong>inversiones de eficiencia h\u00eddrica<\/strong> y para el mantenimiento del negocio.<\/p>\n<p style=\"text-align: justify;\">Somos conocedores de las inversiones y mejoras que las empresas ya hab\u00e9is puesto en funcionamiento para disminuir el consumo de agua estos \u00faltimos a\u00f1os. Pero ante esta situaci\u00f3n de emergencia, desde PIMEC hacemos un llamamiento a hacer los \u00faltimos esfuerzos para <strong>conseguir la m\u00e1xima eficiencia posible en los pr\u00f3ximos meses<\/strong>.<\/p>\n<p style=\"text-align: justify;\">Para la gran mayor\u00eda,\u00a0 ir m\u00e1s all\u00e1 de estos ahorros no es f\u00e1cil, puesto que requiere inversiones que a veces no son r\u00e1pidas y, otras veces, no se tiene la capacidad financiera para llevarlas a cabo.<\/p>\n<p style=\"text-align: justify;\">Por eso, hemos pedido a la Administraci\u00f3n P\u00fablica m\u00e1s <strong>corresponsabilidad y la puesta en marcha de medidas para ayudar a las pymes<\/strong> a implementar medidas de ahorro y de aprovechamiento del agua, as\u00ed como mecanismos para garantizar la continuidad de la actividad empresarial.<\/p>\n<p style=\"text-align: justify;\">La situaci\u00f3n de emergencia por la sequ\u00eda <strong>es un reto que solo podemos superar trabajando juntos<\/strong>. Las pymes, con la responsabilidad que nos corresponde, tenemos que hacer los m\u00e1ximos esfuerzos para reducir el consumo de agua.<\/p>\n<p style=\"text-align: justify;\">Desde\u00a0PIMEC, continuamos trabajando con las administraciones p\u00fablicas para garantizar que las pymes teng\u00e1is las ayudas necesarias para hacerlo.<\/p>\n","protected":false},"excerpt":{"rendered":"<p>La sequ\u00eda que sufre Catalu\u00f1a es la m\u00e1s grave de la historia reciente. Los embalses est\u00e1n al 16% de su capacidad, y el gobierno ha decretado este jueves la entrada en fase de emergencia en el sistema Ter-Llobregat. Desde\u00a0PIMEC\u00a0hemos constatado que las empresas, especialmente aquellas que pertenecen a los sectores m\u00e1s dependientes del agua, afrontan los efectos y las restricciones por la sequ\u00eda con preocupaci\u00f3n e incertidumbre. Preocupaci\u00f3n por parte de las personas aut\u00f3nomas y las empresas vinculadas a las actividades agr\u00edcolas, ganaderas, al sector de la planta y la flor, la industria \u2013 especialmente la agroalimentaria, qu\u00edmica, farmac\u00e9utica y<\/p>\n","protected":false},"author":202,"featured_media":29295,"comment_status":"open","ping_status":"closed","sticky":false,"template":"","format":"standard","meta":[],"categories":[770],"tags":[1357,1387,1481,1482,1486,1087,1490,1489,1085,1484,1487,1485,1088,746,1078,1483,1480,1488],"_links":{"self":[{"href":"https:\/\/www.pimealdia.org\/es\/wp-json\/wp\/v2\/posts\/29296"}],"collection":[{"href":"https:\/\/www.pimealdia.org\/es\/wp-json\/wp\/v2\/posts"}],"about":[{"href":"https:\/\/www.pimealdia.org\/es\/wp-json\/wp\/v2\/types\/post"}],"author":[{"embeddable":true,"href":"https:\/\/www.pimealdia.org\/es\/wp-json\/wp\/v2\/users\/202"}],"replies":[{"embeddable":true,"href":"https:\/\/www.pimealdia.org\/es\/wp-json\/wp\/v2\/comments?post=29296"}],"version-history":[{"count":3,"href":"https:\/\/www.pimealdia.org\/es\/wp-json\/wp\/v2\/posts\/29296\/revisions"}],"predecessor-version":[{"id":29313,"href":"https:\/\/www.pimealdia.org\/es\/wp-json\/wp\/v2\/posts\/29296\/revisions\/29313"}],"wp:featuredmedia":[{"embeddable":true,"href":"https:\/\/www.pimealdia.org\/es\/wp-json\/wp\/v2\/media\/29295"}],"wp:attachment":[{"href":"https:\/\/www.pimealdia.org\/es\/wp-json\/wp\/v2\/media?parent=29296"}],"wp:term":[{"taxonomy":"category","embeddable":true,"href":"https:\/\/www.pimealdia.org\/es\/wp-json\/wp\/v2\/categories?post=29296"},{"taxonomy":"post_tag","embeddable":true,"href":"https:\/\/www.pimealdia.org\/es\/wp-json\/wp\/v2\/tags?post=29296"}],"curies":[{"name":"wp","href":"https:\/\/api.w.org\/{rel}","templated":true}]}}