{"id":29348,"date":"2024-02-09T10:54:57","date_gmt":"2024-02-09T08:54:57","guid":{"rendered":"https:\/\/www.pimealdia.org\/?p=29348"},"modified":"2024-02-09T10:54:57","modified_gmt":"2024-02-09T08:54:57","slug":"soy-empresario","status":"publish","type":"post","link":"https:\/\/www.pimealdia.org\/es\/soy-empresario\/","title":{"rendered":"Soy empresario"},"content":{"rendered":"<p style=\"text-align: justify;\"><span data-contrast=\"auto\">Desde hace a\u00f1os, siempre escucho a personas destacadas que hablan sobre la importancia de no?desindustrializarnos, sobre el papel clave que juega el emprendimiento en la sociedad y de la relevancia de las micro, peque\u00f1as y medianas empresas para la econom\u00eda.<\/span><span data-ccp-props=\"{&quot;201341983&quot;:0,&quot;335559739&quot;:160,&quot;335559740&quot;:259}\">\u00a0<\/span><\/p>\n<p style=\"text-align: justify;\"><span data-contrast=\"auto\">Pero, entonces, \u00bfpor qu\u00e9 motivo la figura del empresario est\u00e1 tan mal vista? \u00bfPor qu\u00e9 nadie hace nada para romper estos estereotipos y poner en valor el papel que desarrollan?<\/span><span data-ccp-props=\"{&quot;201341983&quot;:0,&quot;335559739&quot;:160,&quot;335559740&quot;:259}\">\u00a0<\/span><\/p>\n<p style=\"text-align: justify;\"><span data-contrast=\"auto\">Personalmente, como parte de un proyecto estrat\u00e9gico de?PIMEC?Joves, <\/span><b><span data-contrast=\"auto\">hace a\u00f1os que visito colegios para explicar la opci\u00f3n de trabajar por cuenta propia<\/span><\/b><span data-contrast=\"auto\">, y sobre todo pongo en valor las virtudes de esta opci\u00f3n. Cuando nos presentamos en los colegios y preguntamos si parecemos empresarios, la gran mayor\u00eda responde que no.<\/span><span data-ccp-props=\"{&quot;201341983&quot;:0,&quot;335559739&quot;:160,&quot;335559740&quot;:259}\">\u00a0<\/span><\/p>\n<p style=\"text-align: justify;\"><b><span data-contrast=\"auto\">No se imaginan que una persona joven, vestida como ellos y con su mismo lenguaje, pueda ocupar una posici\u00f3n tan importante de la empresa<\/span><\/b><span data-contrast=\"auto\">. Y esto se debe, en parte, a la?preconcepci\u00f3n?de persona autoritaria, sin escr\u00fapulos y avariciosa que acostumbran a tener (haciendo un resumen de las respuestas que nos dan en estas charlas).<\/span><span data-ccp-props=\"{&quot;201341983&quot;:0,&quot;335559739&quot;:160,&quot;335559740&quot;:259}\">\u00a0<\/span><\/p>\n<p style=\"text-align: justify;\"><span data-contrast=\"auto\">Y lo que m\u00e1s me sorprende?es la gran diferencia entre emprendedor y empresario: todo el mundo realza la figura del emprendedor. Y yo me pregunto, \u00bfes que no es lo mismo? \u00bfPor qu\u00e9 queremos diferenciar conceptos cuando en ambos casos se trata de trabajar por cuenta propia, desarrollar un proyecto empresarial y aportar valor a la sociedad? \u00bfAcaso no era un emprendedor mi abuelo?<\/span><span data-ccp-props=\"{&quot;201341983&quot;:0,&quot;335559739&quot;:160,&quot;335559740&quot;:259}\">\u00a0<\/span><\/p>\n<p style=\"text-align: justify;\"><span data-contrast=\"auto\">Considero que estar al frente de una empresa es un trabajo como cualquier otro, puesto que se tienen que desarrollar unas tareas concretas a cambio de un sueldo, pero con la gran diferencia de que si las llevas a cabo correctamente est\u00e1s creando puestos de trabajo.<\/span><span data-ccp-props=\"{&quot;201341983&quot;:0,&quot;335559739&quot;:160,&quot;335559740&quot;:259}\">\u00a0<\/span><\/p>\n<p style=\"text-align: justify;\"><b><span data-contrast=\"auto\">Con frecuencia arriesgas todo lo que tienes, trabajas muchas m\u00e1s horas que las consideradas \u201cnormales\u201d y tu jornada no acaba cuando llegas a casa<\/span><\/b><span data-contrast=\"auto\">; y parece que lo \u00fanico que la sociedad percibe es que solo buscas ganar dinero.<\/span><span data-ccp-props=\"{&quot;201341983&quot;:0,&quot;335559739&quot;:160,&quot;335559740&quot;:259}\">\u00a0<\/span><\/p>\n<p style=\"text-align: justify;\"><span data-contrast=\"auto\">Y, evidentemente, el fin de tener una empresa es convertirla en solvente y poder ganar dinero, pero <\/span><b><span data-contrast=\"auto\">se olvida todo lo que aporta a la sociedad (pago de impuestos, creaci\u00f3n de puestos de trabajo, desarrollo de personas, formaci\u00f3n, riqueza para el pa\u00eds donde se desarrolla la actividad).<\/span><\/b><span data-ccp-props=\"{&quot;201341983&quot;:0,&quot;335559739&quot;:160,&quot;335559740&quot;:259}\">\u00a0<\/span><\/p>\n<p style=\"text-align: justify;\"><span data-contrast=\"auto\">Es muy triste ver que <\/span><b><span data-contrast=\"auto\">solo un 3% de las empresas sobreviven a una segunda generaci\u00f3n<\/span><\/b><span data-contrast=\"auto\">; es una tasa de mortalidad elevad\u00edsima y no siempre estas empresas cierran por motivos empresariales. Estoy seguro de que, <\/span><b><span data-contrast=\"auto\">con una mayor concienciaci\u00f3n a nivel pol\u00edtico y social en general, pondr\u00edamos menos trabas y reducir\u00edamos este porcentaje<\/span><\/b><span data-contrast=\"auto\">.<\/span><span data-ccp-props=\"{&quot;201341983&quot;:0,&quot;335559739&quot;:160,&quot;335559740&quot;:259}\">\u00a0<\/span><\/p>\n<p style=\"text-align: justify;\"><span data-contrast=\"auto\">Habr\u00eda que hacer m\u00e1s pedagog\u00eda entre todos y abandonar este concepto anticuado, puesto que, cada vez m\u00e1s, nuestras empresas son estructuras m\u00e1s planas, menos jer\u00e1rquicas, y el empresario ha entendido que una empresa sin personas no tiene sentido. Ya es hora de que se entienda que sin un buen funcionamiento de nuestras empresas no hay trabajo.<\/span><span data-ccp-props=\"{&quot;201341983&quot;:0,&quot;335559739&quot;:160,&quot;335559740&quot;:259}\">\u00a0<\/span><\/p>\n<p style=\"text-align: justify;\"><span data-contrast=\"auto\">Es necesario que nuestra generaci\u00f3n pueda decir con orgullo, all\u00ed donde sea: \u00a1soy empresario!<\/span><span data-ccp-props=\"{&quot;201341983&quot;:0,&quot;335559739&quot;:160,&quot;335559740&quot;:259}\">\u00a0<\/span><\/p>\n","protected":false},"excerpt":{"rendered":"<p>Desde hace a\u00f1os, siempre escucho a personas destacadas que hablan sobre la importancia de no?desindustrializarnos, sobre el papel clave que juega el emprendimiento en la sociedad y de la relevancia de las micro, peque\u00f1as y medianas empresas para la econom\u00eda.\u00a0 Pero, entonces, \u00bfpor qu\u00e9 motivo la figura del empresario est\u00e1 tan mal vista? \u00bfPor qu\u00e9 nadie hace nada para romper estos estereotipos y poner en valor el papel que desarrollan?\u00a0 Personalmente, como parte de un proyecto estrat\u00e9gico de?PIMEC?Joves, hace a\u00f1os que visito colegios para explicar la opci\u00f3n de trabajar por cuenta propia, y sobre todo pongo en valor las virtudes<\/p>\n","protected":false},"author":145,"featured_media":29350,"comment_status":"open","ping_status":"closed","sticky":false,"template":"","format":"standard","meta":[],"categories":[770],"tags":[1087,1085,1535,1533,1325,746,1078,1534,1122],"_links":{"self":[{"href":"https:\/\/www.pimealdia.org\/es\/wp-json\/wp\/v2\/posts\/29348"}],"collection":[{"href":"https:\/\/www.pimealdia.org\/es\/wp-json\/wp\/v2\/posts"}],"about":[{"href":"https:\/\/www.pimealdia.org\/es\/wp-json\/wp\/v2\/types\/post"}],"author":[{"embeddable":true,"href":"https:\/\/www.pimealdia.org\/es\/wp-json\/wp\/v2\/users\/145"}],"replies":[{"embeddable":true,"href":"https:\/\/www.pimealdia.org\/es\/wp-json\/wp\/v2\/comments?post=29348"}],"version-history":[{"count":1,"href":"https:\/\/www.pimealdia.org\/es\/wp-json\/wp\/v2\/posts\/29348\/revisions"}],"predecessor-version":[{"id":29352,"href":"https:\/\/www.pimealdia.org\/es\/wp-json\/wp\/v2\/posts\/29348\/revisions\/29352"}],"wp:featuredmedia":[{"embeddable":true,"href":"https:\/\/www.pimealdia.org\/es\/wp-json\/wp\/v2\/media\/29350"}],"wp:attachment":[{"href":"https:\/\/www.pimealdia.org\/es\/wp-json\/wp\/v2\/media?parent=29348"}],"wp:term":[{"taxonomy":"category","embeddable":true,"href":"https:\/\/www.pimealdia.org\/es\/wp-json\/wp\/v2\/categories?post=29348"},{"taxonomy":"post_tag","embeddable":true,"href":"https:\/\/www.pimealdia.org\/es\/wp-json\/wp\/v2\/tags?post=29348"}],"curies":[{"name":"wp","href":"https:\/\/api.w.org\/{rel}","templated":true}]}}