{"id":29362,"date":"2024-02-12T14:59:37","date_gmt":"2024-02-12T12:59:37","guid":{"rendered":"https:\/\/www.pimealdia.org\/?p=29362"},"modified":"2024-02-12T15:01:14","modified_gmt":"2024-02-12T13:01:14","slug":"estrategias-para-el-exito-de-los-autonomos-retos-y-oportunidades-2024","status":"publish","type":"post","link":"https:\/\/www.pimealdia.org\/es\/estrategias-para-el-exito-de-los-autonomos-retos-y-oportunidades-2024\/","title":{"rendered":"Estrategias para el \u00e9xito de los aut\u00f3nomos: Retos y oportunidades 2024"},"content":{"rendered":"<p style=\"text-align: justify;\">Hemos iniciado 2024; un a\u00f1o lleno de retos para las personas aut\u00f3nomas en relaci\u00f3n con las <strong>nuevas tendencias de consumo, valores, cambios normativos y de transformaci\u00f3n social, econ\u00f3mica y tecnol\u00f3gica<\/strong>, entre otros factores.<\/p>\n<p style=\"text-align: justify;\">Esto puede parecer algo negativo, pero si sabemos ver las dos caras de la moneda, podemos aprovechar las oportunidades que estos retos suponen para <strong>crecer a trav\u00e9s de la mejora de la competitividad, la viabilidad y la productividad de nuestras empresas<\/strong>; as\u00ed como la propuesta de nuevos servicios y nuevos modelos de negocio.<\/p>\n<p style=\"text-align: justify;\">En relaci\u00f3n con los cambios normativos, este a\u00f1o los protagonizar\u00e1n el <strong>R\u00e9gimen Especial de los Trabajadores Aut\u00f3nomos (RETA)<\/strong>, dado que, una vez presentada la renta 2023 -en junio de 2024-, la Seguridad Social comprobar\u00e1 si las cotizaciones se han realizado correctamente; y el control del fraude a trav\u00e9s de la <strong>Ley Antifraude<\/strong>. En este segundo caso, 2024 ser\u00e1 un a\u00f1o de preparaci\u00f3n para poder implementar el registro electr\u00f3nico de facturas y el sistema Verifactu a partir de mediados de 2025.<\/p>\n<p style=\"text-align: justify;\">Hay cierto consenso entre las y los economistas sobre que <strong>2024 ser\u00e1 un a\u00f1o de crecimiento moderado<\/strong>, con una inflaci\u00f3n moderada y un tipo de inter\u00e9s a la baja. Estas previsiones, unidas a toda la transformaci\u00f3n que estamos viviendo y a la aparici\u00f3n de nuevas necesidades (gesti\u00f3n energ\u00e9tica, gesti\u00f3n del agua, envejecimiento y bienestar de la poblaci\u00f3n), hacen prever un <strong>mantenimiento de la demanda<\/strong>.<\/p>\n<p style=\"text-align: justify;\">No obstante, se prev\u00e9 que las <strong>dificultades para encontrar personal<\/strong>, y que este est\u00e9 formado, contin\u00faen. Es decir, que los retos se sit\u00faan en la oferta. Hace falta, pues, pensar en como trabajar y con qu\u00e9 recursos. En este caso, la tecnolog\u00eda y la digitalizaci\u00f3n nos abren oportunidades, con recursos a unos precios asumibles para los aut\u00f3nomos y las micropymes. Dicho de otra manera, <strong>inversi\u00f3n y productividad son las claves de 2024.<\/strong><\/p>\n<p style=\"text-align: justify;\">En los \u00faltimos a\u00f1os, nos encontramos que la \u201cnormalidad\u201d consiste en un conjunto de policrisis, o, dicho de otra manera, de situaciones concatenadas de cambio, adaptaci\u00f3n y transformaci\u00f3n. En estos momentos, la persona no solo gestiona el d\u00eda a d\u00eda del negocio, sino que tiene que invertir esfuerzos en c\u00f3mo adaptarse a esta situaci\u00f3n de cambio continuo. En este tipo de entorno, <strong>la salud f\u00edsica y emocional del aut\u00f3nomo son prioritarias<\/strong>. No obstante, la percepci\u00f3n es que contin\u00faa siendo nuestro tal\u00f3n de Aquiles. Por este motivo, nos tenemos que poner las pilas para priorizar nuestro bienestar, puesto que este repercute directamente en el buen funcionamiento de nuestra actividad empresarial. Es una problem\u00e1tica que arrastramos desde hace tiempo y a la que hay que poner fin cu\u00e1nto antes mejor.<\/p>\n<p style=\"text-align: justify;\">Finalmente, considero que este a\u00f1o las personas aut\u00f3nomas tenemos el reto de fomentar la identidad de nuestro colectivo y la oportunidad de <strong>dar un impulso a la colaboraci\u00f3n en red<\/strong> para aprovechar todas sus ventajas.<\/p>\n<p style=\"text-align: justify;\">En este sentido, quiero destacar que el hecho de trabajar conjuntamente y establecer sinergias y colaboraciones -tambi\u00e9n entre sectores y territorios- nos ayudar\u00e1 a hacer frente en todos estos retos que, si bien parecen dificultosos, los lograremos superar con \u00e9xito gracias al esfuerzo y la resiliencia que caracteriza a nuestro colectivo.<\/p>\n","protected":false},"excerpt":{"rendered":"<p>Hemos iniciado 2024; un a\u00f1o lleno de retos para las personas aut\u00f3nomas en relaci\u00f3n con las nuevas tendencias de consumo, valores, cambios normativos y de transformaci\u00f3n social, econ\u00f3mica y tecnol\u00f3gica, entre otros factores. Esto puede parecer algo negativo, pero si sabemos ver las dos caras de la moneda, podemos aprovechar las oportunidades que estos retos suponen para crecer a trav\u00e9s de la mejora de la competitividad, la viabilidad y la productividad de nuestras empresas; as\u00ed como la propuesta de nuevos servicios y nuevos modelos de negocio. En relaci\u00f3n con los cambios normativos, este a\u00f1o los protagonizar\u00e1n el R\u00e9gimen Especial de<\/p>\n","protected":false},"author":105,"featured_media":29047,"comment_status":"open","ping_status":"closed","sticky":false,"template":"","format":"standard","meta":[],"categories":[770],"tags":[1544,1542,724,1087,1558,1556,1557,1108,1560,746,1078,1555,983,1559,1122],"_links":{"self":[{"href":"https:\/\/www.pimealdia.org\/es\/wp-json\/wp\/v2\/posts\/29362"}],"collection":[{"href":"https:\/\/www.pimealdia.org\/es\/wp-json\/wp\/v2\/posts"}],"about":[{"href":"https:\/\/www.pimealdia.org\/es\/wp-json\/wp\/v2\/types\/post"}],"author":[{"embeddable":true,"href":"https:\/\/www.pimealdia.org\/es\/wp-json\/wp\/v2\/users\/105"}],"replies":[{"embeddable":true,"href":"https:\/\/www.pimealdia.org\/es\/wp-json\/wp\/v2\/comments?post=29362"}],"version-history":[{"count":1,"href":"https:\/\/www.pimealdia.org\/es\/wp-json\/wp\/v2\/posts\/29362\/revisions"}],"predecessor-version":[{"id":29365,"href":"https:\/\/www.pimealdia.org\/es\/wp-json\/wp\/v2\/posts\/29362\/revisions\/29365"}],"wp:featuredmedia":[{"embeddable":true,"href":"https:\/\/www.pimealdia.org\/es\/wp-json\/wp\/v2\/media\/29047"}],"wp:attachment":[{"href":"https:\/\/www.pimealdia.org\/es\/wp-json\/wp\/v2\/media?parent=29362"}],"wp:term":[{"taxonomy":"category","embeddable":true,"href":"https:\/\/www.pimealdia.org\/es\/wp-json\/wp\/v2\/categories?post=29362"},{"taxonomy":"post_tag","embeddable":true,"href":"https:\/\/www.pimealdia.org\/es\/wp-json\/wp\/v2\/tags?post=29362"}],"curies":[{"name":"wp","href":"https:\/\/api.w.org\/{rel}","templated":true}]}}