{"id":29403,"date":"2024-02-21T13:00:29","date_gmt":"2024-02-21T11:00:29","guid":{"rendered":"https:\/\/www.pimealdia.org\/?p=29403"},"modified":"2024-02-21T13:00:29","modified_gmt":"2024-02-21T11:00:29","slug":"la-formacion-sobre-lgtbi-en-las-empresas","status":"publish","type":"post","link":"https:\/\/www.pimealdia.org\/es\/la-formacion-sobre-lgtbi-en-las-empresas\/","title":{"rendered":"La formaci\u00f3n sobre LGTBI en las empresas"},"content":{"rendered":"<p style=\"text-align: justify;\">Con el objetivo de promover <strong>un tejido empresarial inclusivo y libre de discriminaci\u00f3n<\/strong>, las empresas tienen que cumplir con una serie de obligaciones basadas en la Ley 11\/2014, de 10 de octubre, para garantizar los derechos de lesbianas, gays, bisexuales, transg\u00e8neros e intersexuales y para erradicar la homofobia, la bifobia y la transfobia (ley LGBTI catalana) as\u00ed como la Ley 4\/2023, de 28 de febrero, para la igualdad real y efectiva de las personas trans y por la garant\u00eda de los derechos de las personas LGTBI.<\/p>\n<p>As\u00ed mismo, nuestro marco legal recoge obligaciones como el <strong>plan de igualdad<\/strong> (obligatorio para empresas con m\u00e1s de 50 personas trabajadoras), el <strong>protocolo contra el acoso<\/strong> (establece un plan de actuaci\u00f3n para prevenir y gestionar casos de acoso), <strong>la formaci\u00f3n<\/strong> (ofrecer formaci\u00f3n a la plantilla en materia de diversidad y sensibilizaci\u00f3n contra la discriminaci\u00f3n), <strong>el uso del lenguaje inclusivo, y la adopci\u00f3n de medidas de inclusi\u00f3n<\/strong> en todos los \u00e1mbitos de la empresa as\u00ed como en el desarrollo profesional.<\/p>\n<p>Actualmente, hay varios colectivos de personas que todav\u00eda se encuentran en situaci\u00f3n de discriminaci\u00f3n y desigualdades de oportunidades en el \u00e1mbito laboral por motivos de su orientaci\u00f3n laboral o su identidad de g\u00e9nero. Uno de estos colectivos directamente afectado por estos motivos es el\u00a0LGBTI\u00a0(Lesbianas, Gays, Bisexuales, Trans e intersexuales).<\/p>\n<p>Desgraciadamente, persisten valores patriarcales en la sociedad en la que vivimos y en los diferentes canales de comunicaci\u00f3n, como por ejemplo las redes sociales, que no siempre utilizan un lenguaje lo bastante inclusivo, o im\u00e1genes que no promueven un trato igualitario. Trasladando esta problem\u00e1tica social al mundo empresarial, detectamos la necesidad de <strong>una mayor sensibilizaci\u00f3n y conocimiento<\/strong> respecto de c\u00f3mo favorecer las relaciones interpersonales en el puesto de trabajo y fomentar un buen clima laboral donde todas las personas que conforman la empresa se sientan c\u00f3modas y seguras en su en su d\u00eda a d\u00eda profesional.<\/p>\n<p>Para fomentar la sensibilizaci\u00f3n en cuanto a esta cuesti\u00f3n, desde el <a href=\"https:\/\/igualtat.gencat.cat\/ca\/ambits-dactuacio\/lgbti\/formacio\/microcursos-sobre-la-diversitat-LGBTI\/\">Departamento de Igualdad y Feminismos de la Generalitat de Catalu\u00f1a<\/a>, se ponen gratuitamente a disposici\u00f3n de las empresas y de todas las personas trabajadoras interesadas, dos p\u00edldoras formativas de corta duraci\u00f3n que se pueden realizar desde el m\u00f3vil o desde el ordenador, respetando el ritmo de cada persona, donde se trabajan los conceptos b\u00e1sicos para avanzar hacia una sociedad m\u00e1s igualitaria y un libro de desigualdades.<\/p>\n<p>Desde PIMEC, apoyamos a las empresas para la elaboraci\u00f3n del Protocolo para la prevenci\u00f3n y abordaje del acoso sexual y por raz\u00f3n de sexo, as\u00ed como en la redacci\u00f3n de los Planes de Igualdad. As\u00ed mismo, les recomendamos que valoren <strong>la diversidad como un punto fuerte <\/strong>y la implementaci\u00f3n de nuevas medidas para prevenir y combatir la discriminaci\u00f3n por motivos de orientaci\u00f3n sexual y de identidad de g\u00e9nero: la elaboraci\u00f3n de c\u00f3digos de conducta, la realizaci\u00f3n de formaciones sobre diversidad e inclusi\u00f3n y la promoci\u00f3n de un entorno laboral inclusivo.<\/p>\n<p>Para m\u00e1s informaci\u00f3n, pueden contactar con el Departamento Jur\u00eddico de PIMEC (iruedas@pimec.org) o consultar nuestra <a href=\"https:\/\/www.pimec.org\/es\/serveis-digualtat\">p\u00e1gina web<\/a>.<\/p>\n","protected":false},"excerpt":{"rendered":"<p>Con el objetivo de promover un tejido empresarial inclusivo y libre de discriminaci\u00f3n, las empresas tienen que cumplir con una serie de obligaciones basadas en la Ley 11\/2014, de 10 de octubre, para garantizar los derechos de lesbianas, gays, bisexuales, transg\u00e8neros e intersexuales y para erradicar la homofobia, la bifobia y la transfobia (ley LGBTI catalana) as\u00ed como la Ley 4\/2023, de 28 de febrero, para la igualdad real y efectiva de las personas trans y por la garant\u00eda de los derechos de las personas LGTBI. As\u00ed mismo, nuestro marco legal recoge obligaciones como el plan de igualdad (obligatorio para<\/p>\n","protected":false},"author":175,"featured_media":29401,"comment_status":"open","ping_status":"closed","sticky":false,"template":"","format":"standard","meta":[],"categories":[338],"tags":[1259,1260,1581,1059,1085,477,722,1582,1502,1583,1280,1546,746,1565,1238,1078,1122,1550],"_links":{"self":[{"href":"https:\/\/www.pimealdia.org\/es\/wp-json\/wp\/v2\/posts\/29403"}],"collection":[{"href":"https:\/\/www.pimealdia.org\/es\/wp-json\/wp\/v2\/posts"}],"about":[{"href":"https:\/\/www.pimealdia.org\/es\/wp-json\/wp\/v2\/types\/post"}],"author":[{"embeddable":true,"href":"https:\/\/www.pimealdia.org\/es\/wp-json\/wp\/v2\/users\/175"}],"replies":[{"embeddable":true,"href":"https:\/\/www.pimealdia.org\/es\/wp-json\/wp\/v2\/comments?post=29403"}],"version-history":[{"count":1,"href":"https:\/\/www.pimealdia.org\/es\/wp-json\/wp\/v2\/posts\/29403\/revisions"}],"predecessor-version":[{"id":29407,"href":"https:\/\/www.pimealdia.org\/es\/wp-json\/wp\/v2\/posts\/29403\/revisions\/29407"}],"wp:featuredmedia":[{"embeddable":true,"href":"https:\/\/www.pimealdia.org\/es\/wp-json\/wp\/v2\/media\/29401"}],"wp:attachment":[{"href":"https:\/\/www.pimealdia.org\/es\/wp-json\/wp\/v2\/media?parent=29403"}],"wp:term":[{"taxonomy":"category","embeddable":true,"href":"https:\/\/www.pimealdia.org\/es\/wp-json\/wp\/v2\/categories?post=29403"},{"taxonomy":"post_tag","embeddable":true,"href":"https:\/\/www.pimealdia.org\/es\/wp-json\/wp\/v2\/tags?post=29403"}],"curies":[{"name":"wp","href":"https:\/\/api.w.org\/{rel}","templated":true}]}}