{"id":29417,"date":"2024-02-23T11:54:09","date_gmt":"2024-02-23T09:54:09","guid":{"rendered":"https:\/\/www.pimealdia.org\/?p=29417"},"modified":"2024-02-23T11:54:09","modified_gmt":"2024-02-23T09:54:09","slug":"una-radiografia-del-uso-del-catalan-en-las-pymes","status":"publish","type":"post","link":"https:\/\/www.pimealdia.org\/es\/una-radiografia-del-uso-del-catalan-en-las-pymes\/","title":{"rendered":"Una radiograf\u00eda del uso del catal\u00e1n en las pymes"},"content":{"rendered":"<p style=\"text-align: justify;\">La continuidad y el enriquecimiento de una lengua dependen de la implicaci\u00f3n del conjunto de la sociedad y, por eso, las empresas y las administraciones de los diferentes niveles tienen que trabajar conjuntamente con un objetivo com\u00fan: garantizar el uso del catal\u00e1n como lengua de comunicaci\u00f3n en el mundo empresarial actual. La lengua, y su gesti\u00f3n consecuente, tambi\u00e9n es un aspecto que forma parte de la Responsabilidad Social Empresarial (RSE) del territorio catal\u00e1n, con una gran diversidad cultural y ling\u00fc\u00edstica. Las empresas que usan el catal\u00e1n de manera consciente como lengua propia, adem\u00e1s de otras lenguas como herramienta de comunicaci\u00f3n, se posicionan respecto de su entorno y de sus p\u00fablicos con valor a\u00f1adido, prestigio, calidad y buen servicio a la sociedad.<\/p>\n<p>Por estos motivos, la lengua catalana tiene que continuar presente en el motor econ\u00f3mico del pa\u00eds y, desde PIMEC, trabajamos constantemente en la defensa del catal\u00e1n en el \u00e1mbito empresarial con varios proyectos para fomentar su uso en las micro, peque\u00f1as y medianas empresas.<\/p>\n<p>Un <a href=\"https:\/\/www.pimec.org\/sites\/default\/files\/documents_pagines\/lus_del_catala.pdf\" target=\"_blank\" rel=\"noopener\">estudio sobre el uso del catal\u00e1n en las pymes elaborado por PIMEC<\/a>, con la colaboraci\u00f3n del Departamento de Cultura de la Generalitat de Catalu\u00f1a, se\u00f1ala que hay una relaci\u00f3n inversa entre el uso del catal\u00e1n y la dimensi\u00f3n empresarial: las pymes lo usan m\u00e1s que las grandes empresas. La comunicaci\u00f3n con los clientes pasa del 55,15% en las empresas sin asalariados al 37,1% en las grandes empresas. As\u00ed mismo, las microempresas y las empresas sin trabajadores son las que m\u00e1s usan el catal\u00e1n en sus materiales comunicativos.<\/p>\n<p>En relaci\u00f3n con los resultados seg\u00fan la localizaci\u00f3n, el documento se\u00f1ala que la mayor\u00eda de las demarcaciones de Catalu\u00f1a tienen un uso predominante del catal\u00e1n en las diferentes comunicaciones con clientes y tambi\u00e9n en las comunicaciones escritas. Girona y Lleida destacan por tener porcentajes m\u00e1s altos de uso del catal\u00e1n en el \u00e1mbito empresarial, con un 65% y 63,5% respectivamente. En materia de comunicaciones digitales, alrededor del 75% de las empresas incluyen el catal\u00e1n en su p\u00e1gina web y el 65% publican contenido en las redes sociales en este idioma.<\/p>\n<p>Entre otros par\u00e1metros, el estudio tambi\u00e9n analiza c\u00f3mo ha sido la evoluci\u00f3n del uso del catal\u00e1n en las pymes a lo largo del tiempo haciendo una comparativa entre los a\u00f1os 2012 y 2023. En este sentido, el documento explica que este ha aumentado un 17,1% respecto del a\u00f1o 2012; y que el 70,3% de las empresas consultadas en 2023 consideran que el uso de la lengua catalana se ha mantenido igual, frente al 52,1% del 2012.<\/p>\n<p>Una muestra del \u00e9xito del uso del catal\u00e1n en el \u00e1mbito empresarial es la pyme Alemany 1879. Esta empresa productora de miel y turrones, que ha sido reconocida con el premio a la Calidad Ling\u00fc\u00edstica Empresarial de los Premios Pymes, utiliza el catal\u00e1n tanto en su comunicaci\u00f3n interna como en la externa desde su creaci\u00f3n. Para ellos, el catal\u00e1n es una herramienta que les ayuda a acercarse a su comunidad, a vincularse en el territorio y a posicionarse como una marca comprometida con sus ra\u00edces. Esta pyme familiar apuesta por la lengua catalana porque \u201ces la base de la cultura y el mundo empresarial no puede actuar al margen de este hecho, tiene que ser una herramienta para mantener su uso\u201d.<\/p>\n<p>Otro caso de \u00e9xito es el Gimnasio Triops, que gan\u00f3 el premio a la Calidad Ling\u00fc\u00edstica Empresarial en 2022 por su apuesta decidida por el uso del catal\u00e1n a trav\u00e9s de la creaci\u00f3n de GimTV, una plataforma en l\u00ednea de actividades deportivas dirigidas. Esta empresa, ubicada en Banyoles, afirma que \u201cvivimos en un entorno privilegiado en lo referente al uso de nuestra lengua, porque en Girona est\u00e1 presente en casi todas las vertientes del d\u00eda a d\u00eda\u201d, y con GimTV han podido exportar este privilegio al resto del mundo, ofreciendo clases en catal\u00e1n y un valor a\u00f1adido para aquellas personas de todo el territorio catal\u00e1n que lo encuentran extraordinario.<\/p>\n<p>Supermercados\u00a0Llobet\u00a0es otra pyme ejemplar en el fomento de la lengua catalana en el \u00e1mbito empresarial desde sus inicios. Adem\u00e1s del etiquetado de sus productos en catal\u00e1n, tambi\u00e9n realizan varias acciones para preservar la lengua y colaboran con algunas entidades para promover el aprendizaje del catal\u00e1n. Todo el Grupo\u00a0Llobet\u00a0apuesta por la lengua catalana porque \u201cla comunicaci\u00f3n en catal\u00e1n con los clientes crea un v\u00ednculo emocional, muestra nuestro respeto por la cultura local y nos destaca como empresa que valora y promueve la lengua\u201d.<\/p>\n<p><strong>PIMEC se suma a la campa\u00f1a para oficializar el catal\u00e1n en las instituciones<\/strong><\/p>\n<p>Las lenguas son un patrimonio cultural, social y econ\u00f3mico. Por eso, PIMEC se ha sumado a la campa\u00f1a impulsada por \u00d2mnium Cultural \u201cYes to catalan\u201d con el objetivo de que todos los estados miembros voten s\u00ed a la oficialidad del catal\u00e1n en la Uni\u00f3n Europea. La patronal, junto con otras instituciones, ha firmado una carta conjunta que se ha enviado a los estados miembros donde se ha puesto de manifiesto que el catal\u00e1n es la 13\u00aa lengua m\u00e1s hablada de la UE pero no cuenta con el reconocimiento de la oficialidad, como s\u00ed que lo hacen otras lenguas menos habladas como el checo o el sueco.<\/p>\n","protected":false},"excerpt":{"rendered":"<p>La continuidad y el enriquecimiento de una lengua dependen de la implicaci\u00f3n del conjunto de la sociedad y, por eso, las empresas y las administraciones de los diferentes niveles tienen que trabajar conjuntamente con un objetivo com\u00fan: garantizar el uso del catal\u00e1n como lengua de comunicaci\u00f3n en el mundo empresarial actual. La lengua, y su gesti\u00f3n consecuente, tambi\u00e9n es un aspecto que forma parte de la Responsabilidad Social Empresarial (RSE) del territorio catal\u00e1n, con una gran diversidad cultural y ling\u00fc\u00edstica. Las empresas que usan el catal\u00e1n de manera consciente como lengua propia, adem\u00e1s de otras lenguas como herramienta de comunicaci\u00f3n,<\/p>\n","protected":false},"author":199,"featured_media":29415,"comment_status":"open","ping_status":"closed","sticky":false,"template":"","format":"standard","meta":[],"categories":[342],"tags":[1396,774,1139,1085,1584,1394,746,1078],"_links":{"self":[{"href":"https:\/\/www.pimealdia.org\/es\/wp-json\/wp\/v2\/posts\/29417"}],"collection":[{"href":"https:\/\/www.pimealdia.org\/es\/wp-json\/wp\/v2\/posts"}],"about":[{"href":"https:\/\/www.pimealdia.org\/es\/wp-json\/wp\/v2\/types\/post"}],"author":[{"embeddable":true,"href":"https:\/\/www.pimealdia.org\/es\/wp-json\/wp\/v2\/users\/199"}],"replies":[{"embeddable":true,"href":"https:\/\/www.pimealdia.org\/es\/wp-json\/wp\/v2\/comments?post=29417"}],"version-history":[{"count":1,"href":"https:\/\/www.pimealdia.org\/es\/wp-json\/wp\/v2\/posts\/29417\/revisions"}],"predecessor-version":[{"id":29419,"href":"https:\/\/www.pimealdia.org\/es\/wp-json\/wp\/v2\/posts\/29417\/revisions\/29419"}],"wp:featuredmedia":[{"embeddable":true,"href":"https:\/\/www.pimealdia.org\/es\/wp-json\/wp\/v2\/media\/29415"}],"wp:attachment":[{"href":"https:\/\/www.pimealdia.org\/es\/wp-json\/wp\/v2\/media?parent=29417"}],"wp:term":[{"taxonomy":"category","embeddable":true,"href":"https:\/\/www.pimealdia.org\/es\/wp-json\/wp\/v2\/categories?post=29417"},{"taxonomy":"post_tag","embeddable":true,"href":"https:\/\/www.pimealdia.org\/es\/wp-json\/wp\/v2\/tags?post=29417"}],"curies":[{"name":"wp","href":"https:\/\/api.w.org\/{rel}","templated":true}]}}