{"id":29508,"date":"2024-03-08T10:40:18","date_gmt":"2024-03-08T08:40:18","guid":{"rendered":"https:\/\/www.pimealdia.org\/?p=29508"},"modified":"2024-03-08T11:37:29","modified_gmt":"2024-03-08T09:37:29","slug":"ona-carbonell-mhe-llencat-a-la-piscina-ara-soc-autonoma","status":"publish","type":"post","link":"https:\/\/www.pimealdia.org\/es\/ona-carbonell-mhe-llencat-a-la-piscina-ara-soc-autonoma\/","title":{"rendered":"Ona Carbonell: \u201cMe he tirado a la piscina; ahora soy aut\u00f3noma\u201d"},"content":{"rendered":"<blockquote>\n<p style=\"text-align: center;\">&#8220;No quiero renunciar a mi pasi\u00f3n por mi familia ni a mi pasi\u00f3n por mi trabajo&#8221;<\/p>\n<p>&nbsp;<\/p><\/blockquote>\n<p style=\"text-align: justify;\"><strong>\u00bfCuando y por qu\u00e9 motivo decidiste dar el paso y hacerte aut\u00f3noma?<\/strong><\/p>\n<p>Despu\u00e9s de tener mi primer hijo continu\u00e9 mi trayectoria y compet\u00ed en los Juegos Ol\u00edmpicos de\u00a0Tokio, pero con el segundo hijo sent\u00ed que algo hab\u00eda cambiado. Mi objetivo era ser la mejor del mundo en la nataci\u00f3n art\u00edstica y ahora ten\u00eda otras inquietudes y motivaciones, como la lucha por la conciliaci\u00f3n en el \u00e1mbito deportivo.<\/p>\n<p style=\"text-align: justify;\">Cuando fui consciente de esto, que quiz\u00e1s ya no estaba tan implicada emocionalmente con el deporte como antes, decid\u00ed tirarme a la piscina para dise\u00f1ar moda de ba\u00f1o, mi pasi\u00f3n, y ahora soy aut\u00f3noma.<\/p>\n<p style=\"text-align: justify;\">Sab\u00eda que la retirada de una deportista de \u00e9lite es muy compleja y sab\u00eda que ten\u00eda que mirar hacia el futuro mientras estaba en activo. Ten\u00eda ganas de conocer el mundo de la empresa y crecer como empresaria. Ser aut\u00f3noma tambi\u00e9n me est\u00e1 dando muchas emociones y estoy aprendiendo mucho.<\/p>\n<p style=\"text-align: justify;\">Tengo mucha suerte de haber contado con el apoyo de mi familia y mi entorno. Espero hacerlo bien; por suerte soy bastante experta como usuaria y conozco las necesidades principales y los elementos fundamentales porque siempre he estado vinculada al sector.<\/p>\n<p style=\"text-align: justify;\"><strong>\u00bfQu\u00e9 dificultades te has encontrado en el inicio de tu actividad aut\u00f3noma?<\/strong><\/p>\n<p>Al principio ten\u00eda miedo a no conseguirlo. Siempre he sido consciente de que crear tu propia empresa no es f\u00e1cil, pero ahora puedo constatar que esto va de caer y volverse a levantar, como me ha ense\u00f1ado el deporte.<\/p>\n<p>Otra de las dificultades que me he encontrado es que hay momentos en que me he sentido sola, pero por suerte estoy rodeada de un gran equipo humano, hecho por el que veo muy oportuno tener al lado personas que te ayuden. Por otro lado, considero que los aut\u00f3nomos y las aut\u00f3nomas tenemos el constante reto de innovar.<\/p>\n<p><strong>\u00bfQu\u00e9 elementos tienen en com\u00fan las personas aut\u00f3nomas y los deportistas de \u00e9lite?<\/strong><\/p>\n<p>Hay muchos paralelismos como, por ejemplo, los valores de la disciplina, la constancia, el esfuerzo, el sacrificio y el trabajo en equipo. Pero sobre todo, so\u00f1ar con aquello que te emociona y te gusta para hacerlo realidad.<\/p>\n<p style=\"text-align: justify;\">As\u00ed mismo, tambi\u00e9n encuentro que, tanto las personas aut\u00f3nomas como las que son deportistas, a menudo tenemos que salir de nuestra zona de confort para hacer frente a diferentes adversidades. Y, sobre todo, tambi\u00e9n compartimos el hecho de trabajar mucho, mucho y mucho.<\/p>\n<p><strong><img loading=\"lazy\" class=\"size-medium wp-image-29511 alignleft\" src=\"https:\/\/www.pimealdia.org\/wp-content\/uploads\/2024\/03\/Projecte-nou-10-300x283.jpg\" alt=\"\" width=\"300\" height=\"283\" srcset=\"https:\/\/www.pimealdia.org\/wp-content\/uploads\/2024\/03\/Projecte-nou-10-300x283.jpg 300w, https:\/\/www.pimealdia.org\/wp-content\/uploads\/2024\/03\/Projecte-nou-10-480x452.jpg 480w, https:\/\/www.pimealdia.org\/wp-content\/uploads\/2024\/03\/Projecte-nou-10.jpg 488w\" sizes=\"(max-width: 300px) 100vw, 300px\" \/>\u00bfEs complicado para ti conciliar tu vida profesional con la familiar?<\/strong><\/p>\n<p>A pesar de que cuento con el apoyo de mi familia, hay momentos en que me encuentro con esta dificultad. No es sencillo encontrar un equilibrio y, en este sentido, creo que tendr\u00edamos que avanzar hacia una sociedad y un mercado laboral que nos permita no tener que renunciar a nada, ni a nuestra pasi\u00f3n por la familia ni a nuestra pasi\u00f3n por el trabajo.<\/p>\n<p><strong>Tienes tu propia marca de ropa de ba\u00f1o sostenible. \u00bfC\u00f3mo contribuyes al cuidado del medio ambiente en el desarrollo de tu actividad empresarial?<\/strong><\/p>\n<p>Estoy empezando mi actividad como dise\u00f1adora y para m\u00ed la sostenibilidad es un pilar fundamental. Sue\u00f1o mucho en grande en t\u00e9rminos de sostenibilidad y ropa, pero cuando empiezas te das cuenta de que no es tan f\u00e1cil como parece. Aun as\u00ed, mi intenci\u00f3n es seguir por este camino. Junto con mi equipo, trabajamos para acontecer una marca que respete nuestro entorno. Creo que las peque\u00f1as acciones, como reciclar, suponen en conjunto un gran paso en este camino hacia un mundo mejor.<\/p>\n<p><strong>\u00bfQu\u00e9 aconsejar\u00edas a una persona que se plantea emprender?<\/strong><\/p>\n<p>Le aconsejar\u00eda formarse y, tambi\u00e9n, aprender de la experiencia de otras personas y de las circunstancias. Yo animo a todo el mundo que se lo plantee porque, a pesar de que puede ser un camino incierto, es muy bonito ver como vas evolucionando, haciendo de cada situaci\u00f3n una motivaci\u00f3n. Hay que entender el fracaso como un camino al \u00e9xito y no tener miedo a equivocarse.<\/p>\n<p style=\"text-align: justify;\"><strong>\u00bfQu\u00e9 ha significado para ti recibir el Reconocimiento 2024 a la trayectoria profesional de la persona aut\u00f3noma que otorga PIMEC Aut\u00f3nomos?<\/strong><\/p>\n<p>En primer lugar, estoy muy agradecida por el reconocimiento, para m\u00ed es muy especial. En segundo lugar, a pesar de que estoy empezando esta aventura de ser aut\u00f3noma, quiero destacar que hace a\u00f1os que entiendo mi persona como una peque\u00f1a empresa. Entend\u00ed que, adem\u00e1s de mi trayectoria como deportista, si quer\u00eda crecer como Ona fuera de la piscina me ten\u00eda que formar y ten\u00eda que hacer otras tareas. Este esfuerzo fuera del agua me ha ayudado hoy a estar aqu\u00ed.<\/p>\n","protected":false},"excerpt":{"rendered":"<p>&#8220;No quiero renunciar a mi pasi\u00f3n por mi familia ni a mi pasi\u00f3n por mi trabajo&#8221; &nbsp; \u00bfCuando y por qu\u00e9 motivo decidiste dar el paso y hacerte aut\u00f3noma? Despu\u00e9s de tener mi primer hijo continu\u00e9 mi trayectoria y compet\u00ed en los Juegos Ol\u00edmpicos de\u00a0Tokio, pero con el segundo hijo sent\u00ed que algo hab\u00eda cambiado. Mi objetivo era ser la mejor del mundo en la nataci\u00f3n art\u00edstica y ahora ten\u00eda otras inquietudes y motivaciones, como la lucha por la conciliaci\u00f3n en el \u00e1mbito deportivo. Cuando fui consciente de esto, que quiz\u00e1s ya no estaba tan implicada emocionalmente con el deporte<\/p>\n","protected":false},"author":83,"featured_media":29509,"comment_status":"open","ping_status":"closed","sticky":false,"template":"","format":"standard","meta":[],"categories":[330],"tags":[1636,1542,1127,1675,1676,1674,1679,1678,1085,1535,477,1389,1673,1255,1256,1672,746,1078,1677],"_links":{"self":[{"href":"https:\/\/www.pimealdia.org\/es\/wp-json\/wp\/v2\/posts\/29508"}],"collection":[{"href":"https:\/\/www.pimealdia.org\/es\/wp-json\/wp\/v2\/posts"}],"about":[{"href":"https:\/\/www.pimealdia.org\/es\/wp-json\/wp\/v2\/types\/post"}],"author":[{"embeddable":true,"href":"https:\/\/www.pimealdia.org\/es\/wp-json\/wp\/v2\/users\/83"}],"replies":[{"embeddable":true,"href":"https:\/\/www.pimealdia.org\/es\/wp-json\/wp\/v2\/comments?post=29508"}],"version-history":[{"count":5,"href":"https:\/\/www.pimealdia.org\/es\/wp-json\/wp\/v2\/posts\/29508\/revisions"}],"predecessor-version":[{"id":29537,"href":"https:\/\/www.pimealdia.org\/es\/wp-json\/wp\/v2\/posts\/29508\/revisions\/29537"}],"wp:featuredmedia":[{"embeddable":true,"href":"https:\/\/www.pimealdia.org\/es\/wp-json\/wp\/v2\/media\/29509"}],"wp:attachment":[{"href":"https:\/\/www.pimealdia.org\/es\/wp-json\/wp\/v2\/media?parent=29508"}],"wp:term":[{"taxonomy":"category","embeddable":true,"href":"https:\/\/www.pimealdia.org\/es\/wp-json\/wp\/v2\/categories?post=29508"},{"taxonomy":"post_tag","embeddable":true,"href":"https:\/\/www.pimealdia.org\/es\/wp-json\/wp\/v2\/tags?post=29508"}],"curies":[{"name":"wp","href":"https:\/\/api.w.org\/{rel}","templated":true}]}}