{"id":29536,"date":"2024-03-08T11:51:18","date_gmt":"2024-03-08T09:51:18","guid":{"rendered":"https:\/\/www.pimealdia.org\/?p=29536"},"modified":"2024-03-08T11:51:18","modified_gmt":"2024-03-08T09:51:18","slug":"mujeres-en-el-puente-de-mando-2","status":"publish","type":"post","link":"https:\/\/www.pimealdia.org\/es\/mujeres-en-el-puente-de-mando-2\/","title":{"rendered":"Mujeres en el puente de mando"},"content":{"rendered":"<p style=\"text-align: justify;\">Hoy es 8 de marzo y, con motivo del D\u00eda Internacional de las Mujeres, queremos visualizar y hacer valer la labor de algunas de las empresarias catalanas que se sit\u00faan en el puente de mando de las empresas, para promover y consolidar a las mujeres en cargos de responsabilidad. <img loading=\"lazy\" class=\" wp-image-29522 alignright\" src=\"https:\/\/www.pimealdia.org\/wp-content\/uploads\/2024\/03\/Mireia-Cammany-200x300.jpg\" alt=\"\" width=\"102\" height=\"153\" srcset=\"https:\/\/www.pimealdia.org\/wp-content\/uploads\/2024\/03\/Mireia-Cammany-200x300.jpg 200w, https:\/\/www.pimealdia.org\/wp-content\/uploads\/2024\/03\/Mireia-Cammany-683x1024.jpg 683w, https:\/\/www.pimealdia.org\/wp-content\/uploads\/2024\/03\/Mireia-Cammany-768x1151.jpg 768w, https:\/\/www.pimealdia.org\/wp-content\/uploads\/2024\/03\/Mireia-Cammany-1025x1536.jpg 1025w, https:\/\/www.pimealdia.org\/wp-content\/uploads\/2024\/03\/Mireia-Cammany-1366x2048.jpg 1366w, https:\/\/www.pimealdia.org\/wp-content\/uploads\/2024\/03\/Mireia-Cammany-480x720.jpg 480w, https:\/\/www.pimealdia.org\/wp-content\/uploads\/2024\/03\/Mireia-Cammany.jpg 1601w\" sizes=\"(max-width: 102px) 100vw, 102px\" \/><\/p>\n<p style=\"text-align: justify;\"><strong>Mireia Cammany\u00a0<\/strong>es la directora general adjunta de EPI Industries family of companies desde 1989: \u201cGestiono la relaci\u00f3n con todos los asesores externos vinculados principalmente con \u00e1reas de back office, como eco-fin, auditor\u00edas, fiscal, RRHH, compliance, sostenibilidad, etc. y aseguro el despliegue y la coordinaci\u00f3n con los diferentes negocios de la organizaci\u00f3n\u201d.<\/p>\n<p style=\"text-align: justify;\">\u201cMe gusta poder liderar, implementar proyectos y lograr objetivos a mi manera, es decir, aportando mis valores y formas de hacer en la planificaci\u00f3n y ejecuci\u00f3n\u201d, a\u00f1ade antes de apuntar que \u201clas mujeres tienen que desarrollar sus liderazgos con lealtad a ellas mismas y a sus valores\u201d.<\/p>\n<p style=\"text-align: justify;\"><img loading=\"lazy\" class=\"wp-image-29532 alignleft\" src=\"https:\/\/www.pimealdia.org\/wp-content\/uploads\/2024\/03\/Foto-Emma-Gumbert-269x300.png\" alt=\"\" width=\"114\" height=\"127\" srcset=\"https:\/\/www.pimealdia.org\/wp-content\/uploads\/2024\/03\/Foto-Emma-Gumbert-269x300.png 269w, https:\/\/www.pimealdia.org\/wp-content\/uploads\/2024\/03\/Foto-Emma-Gumbert-768x855.png 768w, https:\/\/www.pimealdia.org\/wp-content\/uploads\/2024\/03\/Foto-Emma-Gumbert-480x535.png 480w, https:\/\/www.pimealdia.org\/wp-content\/uploads\/2024\/03\/Foto-Emma-Gumbert.png 808w\" sizes=\"(max-width: 114px) 100vw, 114px\" \/>Por otro lado, <strong>Emma Gumbert<\/strong>, es la fundadora de un despacho que lleva su mismo nombre, el cual funciona desde hace un a\u00f1o y desde donde ejerce como mediadora en el \u00e1mbito laboral para empresas e instituciones con m\u00e1s de 25 a\u00f1os de experiencia como abogada laboralista. Entre sus tareas, dirige el equipo conformado por una red de colaboradores y su objetivo es \u201chacer que las cosas pasen en la l\u00ednea de mis valores y desde el empuj\u00f3n femenino\u201d.<\/p>\n<p style=\"text-align: justify;\">Se muestra orgullosa de ejercer un cargo de responsabilidad, a pesar de que admite que muchas veces no puede delegar estas responsabilidades, hecho que complica la desconexi\u00f3n. \u201cLas mujeres tenemos que explorar bien nuestros l\u00edmites, puesto que muchas veces nos ponemos las limitaciones nosotras mismas porque culturalmente hemos tenido esta presi\u00f3n\u201d, alerta.<\/p>\n<p style=\"text-align: justify;\"><img loading=\"lazy\" class=\" wp-image-29526 alignright\" src=\"https:\/\/www.pimealdia.org\/wp-content\/uploads\/2024\/03\/Elisabet-Bach-1-258x300.jpg\" alt=\"\" width=\"114\" height=\"133\" srcset=\"https:\/\/www.pimealdia.org\/wp-content\/uploads\/2024\/03\/Elisabet-Bach-1-258x300.jpg 258w, https:\/\/www.pimealdia.org\/wp-content\/uploads\/2024\/03\/Elisabet-Bach-1-768x894.jpg 768w, https:\/\/www.pimealdia.org\/wp-content\/uploads\/2024\/03\/Elisabet-Bach-1-480x559.jpg 480w, https:\/\/www.pimealdia.org\/wp-content\/uploads\/2024\/03\/Elisabet-Bach-1.jpg 790w\" sizes=\"(max-width: 114px) 100vw, 114px\" \/>Por su parte, <strong>Elisabet Bach<\/strong> es aut\u00f3noma y CEO de su empresa de consultor\u00eda \u201cElisabet Bach Oller\u201d. Cuenta con una trayectoria profesional que destaca por el desarrollo de cargos de responsabilidad en los \u00faltimos 25 a\u00f1os. \u201cCuando tienes una visi\u00f3n vas ejecutando seg\u00fan esta visi\u00f3n, y es cierto que asumes riesgos y sufres momentos de soledad, pero tambi\u00e9n supone un gran aprendizaje y crecimiento personal y profesional\u201d, manifiesta.<\/p>\n<p style=\"text-align: justify;\">Adem\u00e1s, considera que las responsabilidades tambi\u00e9n permiten una ampliaci\u00f3n de la red de contactos en el \u00e1mbito profesional, hecho por el que recomienda aprovechar las oportunidades cuando se presentan, puesto que &#8220;no podemos esperar al momento ideal\u201d.<\/p>\n<p style=\"text-align: justify;\"><strong><img loading=\"lazy\" class=\" wp-image-29528 alignleft\" src=\"https:\/\/www.pimealdia.org\/wp-content\/uploads\/2024\/03\/Liling-300x169.jpg\" alt=\"\" width=\"181\" height=\"102\" srcset=\"https:\/\/www.pimealdia.org\/wp-content\/uploads\/2024\/03\/Liling-300x169.jpg 300w, https:\/\/www.pimealdia.org\/wp-content\/uploads\/2024\/03\/Liling-1024x576.jpg 1024w, https:\/\/www.pimealdia.org\/wp-content\/uploads\/2024\/03\/Liling-768x432.jpg 768w, https:\/\/www.pimealdia.org\/wp-content\/uploads\/2024\/03\/Liling-1536x863.jpg 1536w, https:\/\/www.pimealdia.org\/wp-content\/uploads\/2024\/03\/Liling-2048x1151.jpg 2048w, https:\/\/www.pimealdia.org\/wp-content\/uploads\/2024\/03\/Liling-480x270.jpg 480w\" sizes=\"(max-width: 181px) 100vw, 181px\" \/>Liling Qi Zhou<\/strong>, es presidenta de Puente China desde hace 30 a\u00f1os, cuando se constituy\u00f3 esta empresa que desarrolla actividades comerciales e inversiones inmobiliarias en Barcelona. \u201cSomos una empresa familiar de origen chino que gestiona transacciones entre China y Espa\u00f1a y que diversifica su actividad en varias l\u00edneas de negocio con el objetivo principal de crear un puente entre las instituciones y las empresas de ambos pa\u00edses\u201d, explica.<\/p>\n<p style=\"text-align: justify;\">Hoy destacamos su caso como ejemplo de emprendimiento femenino y joven, puesto que fue la fundadora de esta empresa, junto con su padre. Al inicio de la actividad empresarial desarrollaba toda clase de tareas: compras, log\u00edstica, contabilidad&#8230; Actualmente, dirige a 60 personas y ejerce labores m\u00e1s orientadas a la estrategia institucional y de representatividad, liderando tambi\u00e9n los departamentos de marketing y el comercial.<\/p>\n<p style=\"text-align: justify;\">De su cargo le gusta tener que tomar decisiones en momentos decisivos, ya que lo considera un reto. Aun as\u00ed, a pesar de que dispone de un equipo resolutivo, destaca que no es sencillo conciliar su vida familiar con la profesional, sobre todo cuando tiene que viajar. Finalmente, considera que para ejercer un cargo de responsabilidad hace falta perseverancia: \u201cCuando tienes una misi\u00f3n y sabes qu\u00e9 quieres conseguir, tienes que insistir pese a las dificultades para poder avanzar. Adem\u00e1s, rodearse de un buen equipo que vaya en la misma direcci\u00f3n es muy importante\u201d.<\/p>\n<p style=\"text-align: justify;\"><img loading=\"lazy\" class=\" wp-image-29530 alignright\" src=\"https:\/\/www.pimealdia.org\/wp-content\/uploads\/2024\/03\/Elisabet-Zapater-1-297x300.jpg\" alt=\"\" width=\"123\" height=\"124\" srcset=\"https:\/\/www.pimealdia.org\/wp-content\/uploads\/2024\/03\/Elisabet-Zapater-1-297x300.jpg 297w, https:\/\/www.pimealdia.org\/wp-content\/uploads\/2024\/03\/Elisabet-Zapater-1-1012x1024.jpg 1012w, https:\/\/www.pimealdia.org\/wp-content\/uploads\/2024\/03\/Elisabet-Zapater-1-150x150.jpg 150w, https:\/\/www.pimealdia.org\/wp-content\/uploads\/2024\/03\/Elisabet-Zapater-1-768x777.jpg 768w, https:\/\/www.pimealdia.org\/wp-content\/uploads\/2024\/03\/Elisabet-Zapater-1-480x486.jpg 480w, https:\/\/www.pimealdia.org\/wp-content\/uploads\/2024\/03\/Elisabet-Zapater-1.jpg 1115w\" sizes=\"(max-width: 123px) 100vw, 123px\" \/>Finalmente, <strong>Elisabet Zapater<\/strong> es CEO y propietaria de Zapater Assessors SL desde que la fund\u00f3 en 2005 para el asesoramiento fiscal y laboral de aut\u00f3nomos y pymes. \u201cDirijo a 15 personas y, a pesar de que hay responsables en los departamentos laboral y fiscal, hago b\u00e1sicamente de todo; asesoramiento con clientes, as\u00ed como tareas de Recursos Humanos y otras gestiones del despacho y del \u00e1mbito financiero\u201d, asegura.<\/p>\n<p style=\"text-align: justify;\">De su trabajo destaca que \u201ces una ventaja tener libertad de decisiones y, por otro lado, el hecho de sentirse realizada, tanto personal como profesionalmente\u201d y tambi\u00e9n ha puesto en valor que \u201ccada obst\u00e1culo da m\u00e1s fuerza\u201d. Por el contrario, no le gusta mucho la alta implicaci\u00f3n que sus responsabilidades requieren: \u201cNo existen horarios, sino objetivos, algo que me obliga a hacer algunas renuncias en relaci\u00f3n con la conciliaci\u00f3n familiar\u201d. A una persona que quiera ejercer un cargo de responsabilidad le dar\u00eda el siguiente consejo: \u201cHay que ordenar la vida personal, marcando bien la corresponsabilidad con la familia, con el objetivo de disponer de tiempo personal y de encontrar un equilibrio entre la vida profesional y la familiar\u201d.<\/p>\n","protected":false},"excerpt":{"rendered":"<p>Hoy es 8 de marzo y, con motivo del D\u00eda Internacional de las Mujeres, queremos visualizar y hacer valer la labor de algunas de las empresarias catalanas que se sit\u00faan en el puente de mando de las empresas, para promover y consolidar a las mujeres en cargos de responsabilidad. Mireia Cammany\u00a0es la directora general adjunta de EPI Industries family of companies desde 1989: \u201cGestiono la relaci\u00f3n con todos los asesores externos vinculados principalmente con \u00e1reas de back office, como eco-fin, auditor\u00edas, fiscal, RRHH, compliance, sostenibilidad, etc. y aseguro el despliegue y la coordinaci\u00f3n con los diferentes negocios de la organizaci\u00f3n\u201d.<\/p>\n","protected":false},"author":83,"featured_media":29534,"comment_status":"open","ping_status":"closed","sticky":false,"template":"","format":"standard","meta":[],"categories":[330,338,342],"tags":[1686,1636,1542,1127,1635,1667,1668,1085,1535,407,1687,1255,1256,1546,746,1688,766],"_links":{"self":[{"href":"https:\/\/www.pimealdia.org\/es\/wp-json\/wp\/v2\/posts\/29536"}],"collection":[{"href":"https:\/\/www.pimealdia.org\/es\/wp-json\/wp\/v2\/posts"}],"about":[{"href":"https:\/\/www.pimealdia.org\/es\/wp-json\/wp\/v2\/types\/post"}],"author":[{"embeddable":true,"href":"https:\/\/www.pimealdia.org\/es\/wp-json\/wp\/v2\/users\/83"}],"replies":[{"embeddable":true,"href":"https:\/\/www.pimealdia.org\/es\/wp-json\/wp\/v2\/comments?post=29536"}],"version-history":[{"count":1,"href":"https:\/\/www.pimealdia.org\/es\/wp-json\/wp\/v2\/posts\/29536\/revisions"}],"predecessor-version":[{"id":29541,"href":"https:\/\/www.pimealdia.org\/es\/wp-json\/wp\/v2\/posts\/29536\/revisions\/29541"}],"wp:featuredmedia":[{"embeddable":true,"href":"https:\/\/www.pimealdia.org\/es\/wp-json\/wp\/v2\/media\/29534"}],"wp:attachment":[{"href":"https:\/\/www.pimealdia.org\/es\/wp-json\/wp\/v2\/media?parent=29536"}],"wp:term":[{"taxonomy":"category","embeddable":true,"href":"https:\/\/www.pimealdia.org\/es\/wp-json\/wp\/v2\/categories?post=29536"},{"taxonomy":"post_tag","embeddable":true,"href":"https:\/\/www.pimealdia.org\/es\/wp-json\/wp\/v2\/tags?post=29536"}],"curies":[{"name":"wp","href":"https:\/\/api.w.org\/{rel}","templated":true}]}}