{"id":29551,"date":"2024-03-11T10:12:14","date_gmt":"2024-03-11T08:12:14","guid":{"rendered":"https:\/\/www.pimealdia.org\/?p=29551"},"modified":"2024-03-11T10:12:14","modified_gmt":"2024-03-11T08:12:14","slug":"integracion-de-la-perspectiva-de-genero-en-la-prevencion-de-riesgos-laborales-un-compromis-en-el-dia-internacional-de-las-mujeres","status":"publish","type":"post","link":"https:\/\/www.pimealdia.org\/es\/integracion-de-la-perspectiva-de-genero-en-la-prevencion-de-riesgos-laborales-un-compromis-en-el-dia-internacional-de-las-mujeres\/","title":{"rendered":"Integraci\u00f3n de la perspectiva de g\u00e9nero en la Prevenci\u00f3n de Riesgos Laborales: Un comprom\u00eds en el D\u00eda Internacional de las Mujeres"},"content":{"rendered":"<p style=\"text-align: justify;\">Cada 8 de marzo, el D\u00eda Internacional de las Mujeres, nos ofrece una oportunidad significativa para reflexionar sobre los progresos conseguidos, los retos pendientes y las v\u00edas para conseguir la igualdad de g\u00e9nero en todos los \u00e1mbitos de la vida. Uno de estos \u00e1mbitos es el mundo laboral, donde <strong>la integraci\u00f3n de la perspectiva de g\u00e9nero en la pol\u00edtica de prevenci\u00f3n de riesgos laborales emerge como una prioridad esencial<\/strong>.<\/p>\n<p>La prevenci\u00f3n de riesgos laborales es una \u00e1rea clave para garantizar la seguridad y la salud en el puesto de trabajo, si bien tradicionalmente, las pol\u00edticas y las pr\u00e1cticas en este \u00e1mbito se han dise\u00f1ado sin tener en cuenta la perspectiva de g\u00e9nero.<\/p>\n<p>La seguridad y salud laboral son una preocupaci\u00f3n fundamental para todas las empresas, independientemente de su tama\u00f1o o sector, si bien los riesgos laborales son varios en funci\u00f3n de la actividad y composici\u00f3n de la ocupaci\u00f3n. En este sentido, es importante destacar que la evaluaci\u00f3n de riesgos laborales tiene que incorporar tambi\u00e9n y, <strong>de manera transversal<\/strong>, la variable de g\u00e9nero, que a menudo pasa desapercibida o no se trata adecuadamente en muchos entornos laborales. Por lo tanto, es necesario que las empresas adopten medidas para integrar la perspectiva de g\u00e9nero en sus pol\u00edticas de prevenci\u00f3n de riesgos laborales. Esto implica tomar en consideraci\u00f3n las <strong>necesidades espec\u00edficas de las mujeres en materia de seguridad y salud laboral<\/strong> y adoptar un enfoque hol\u00edstico que tenga en cuenta diferencias en la evaluaci\u00f3n de riesgos, la formaci\u00f3n en materia de seguridad y salud laboral, y la implementaci\u00f3n de medidas de prevenci\u00f3n.<\/p>\n<p>Adem\u00e1s, es fundamental crear <strong>entornos de trabajo inclusivos y respetuosos<\/strong>, donde todas las personas se sientan seguras y valoradas. Esto, en algunos casos, requiere un cambio cultural que desaf\u00eda las normas de g\u00e9nero tradicionales y promueve la igualdad y el respeto mutuo en todos los niveles de la organizaci\u00f3n.<\/p>\n<p>En este D\u00eda Internacional de las Mujeres, invitamos a todas las empresas y organizaciones a hacer un compromiso renovado con la integraci\u00f3n de la perspectiva de g\u00e9nero en la prevenci\u00f3n de riesgos laborales y a incorporarla como un valor esencial de las pol\u00edticas de seguridad y salud en el trabajo. Solo as\u00ed podremos avanzar hacia el objetivo de crear puestos de trabajo m\u00e1s seguros, saludables e igualitarios para todo el mundo.<\/p>\n","protected":false},"excerpt":{"rendered":"<p>Cada 8 de marzo, el D\u00eda Internacional de las Mujeres, nos ofrece una oportunidad significativa para reflexionar sobre los progresos conseguidos, los retos pendientes y las v\u00edas para conseguir la igualdad de g\u00e9nero en todos los \u00e1mbitos de la vida. Uno de estos \u00e1mbitos es el mundo laboral, donde la integraci\u00f3n de la perspectiva de g\u00e9nero en la pol\u00edtica de prevenci\u00f3n de riesgos laborales emerge como una prioridad esencial. La prevenci\u00f3n de riesgos laborales es una \u00e1rea clave para garantizar la seguridad y la salud en el puesto de trabajo, si bien tradicionalmente, las pol\u00edticas y las pr\u00e1cticas en este<\/p>\n","protected":false},"author":200,"featured_media":29549,"comment_status":"open","ping_status":"closed","sticky":false,"template":"","format":"standard","meta":[],"categories":[772],"tags":[1636,1667,1668,1085,722,1255,1256,1691,1546,746,1692,1078,1513,1236],"_links":{"self":[{"href":"https:\/\/www.pimealdia.org\/es\/wp-json\/wp\/v2\/posts\/29551"}],"collection":[{"href":"https:\/\/www.pimealdia.org\/es\/wp-json\/wp\/v2\/posts"}],"about":[{"href":"https:\/\/www.pimealdia.org\/es\/wp-json\/wp\/v2\/types\/post"}],"author":[{"embeddable":true,"href":"https:\/\/www.pimealdia.org\/es\/wp-json\/wp\/v2\/users\/200"}],"replies":[{"embeddable":true,"href":"https:\/\/www.pimealdia.org\/es\/wp-json\/wp\/v2\/comments?post=29551"}],"version-history":[{"count":1,"href":"https:\/\/www.pimealdia.org\/es\/wp-json\/wp\/v2\/posts\/29551\/revisions"}],"predecessor-version":[{"id":29554,"href":"https:\/\/www.pimealdia.org\/es\/wp-json\/wp\/v2\/posts\/29551\/revisions\/29554"}],"wp:featuredmedia":[{"embeddable":true,"href":"https:\/\/www.pimealdia.org\/es\/wp-json\/wp\/v2\/media\/29549"}],"wp:attachment":[{"href":"https:\/\/www.pimealdia.org\/es\/wp-json\/wp\/v2\/media?parent=29551"}],"wp:term":[{"taxonomy":"category","embeddable":true,"href":"https:\/\/www.pimealdia.org\/es\/wp-json\/wp\/v2\/categories?post=29551"},{"taxonomy":"post_tag","embeddable":true,"href":"https:\/\/www.pimealdia.org\/es\/wp-json\/wp\/v2\/tags?post=29551"}],"curies":[{"name":"wp","href":"https:\/\/api.w.org\/{rel}","templated":true}]}}