{"id":29567,"date":"2024-03-13T08:00:23","date_gmt":"2024-03-13T06:00:23","guid":{"rendered":"https:\/\/www.pimealdia.org\/?p=29567"},"modified":"2024-03-12T19:36:04","modified_gmt":"2024-03-12T17:36:04","slug":"ferran-bel-ha-llegado-el-momento-las-pymes-entramos-en-el-dialogo-social-espanol-con-voz-propia","status":"publish","type":"post","link":"https:\/\/www.pimealdia.org\/es\/ferran-bel-ha-llegado-el-momento-las-pymes-entramos-en-el-dialogo-social-espanol-con-voz-propia\/","title":{"rendered":"Ferran Bel: \u201cHa llegado el momento; las pymes entramos en el di\u00e1logo social espa\u00f1ol con voz propia\u201d"},"content":{"rendered":"<blockquote>\n<p style=\"text-align: center;\"><strong>Entrevista al nuevo representante permanente de\u00a0PIMEC\u00a0a Madrid<\/strong><\/p>\n<p>(Tortosa, 1965) Es licenciado en Ciencias Econ\u00f3micas y Empresariales por la Universitat de Barcelona. El a\u00f1o 1991 fund\u00f3 un despacho profesional en el cual ha ejercido como asesor de empresas. Ha estado profesor asociado de la Universitat de Barcelona y actualmente es profesor asociado de la Universitat Rovira i Virgili. En el \u00e1mbito pol\u00edtico fue alcalde de Tortosa entre los a\u00f1os 2007 y 2018, y diputado en el Congreso durante la XI, XII y XIV legislaturas. Tambi\u00e9n fue senador por Tarragona en la X legislatura.<\/p><\/blockquote>\n<p style=\"text-align: justify;\"><strong>\u00bfC\u00f3mo valora estos primeros meses en el nuevo cargo?<\/strong><\/p>\n<p style=\"text-align: justify;\">Mi nombramiento coincidi\u00f3 con el inicio de la nueva legislatura en Espa\u00f1a. Hasta hace poco, la actividad legislativa ha estado parada, pero ya nos hemos puesto en marcha, y hemos aprovechado este periodo de tiempo para mantener el contacto con las diferentes comisiones, gremios, entidades y asociaciones para identificar los intereses de las pymes y de las personas aut\u00f3nomas en Madrid.<\/p>\n<p>Estamos empezando a crear un h\u00e1bito de trabajo de forma m\u00e1s estructurada para tener una mayor incidencia en Madrid desde Madrid.<\/p>\n<p style=\"text-align: justify;\"><strong>\u00bfC\u00f3mo puede ayudar a las pymes catalanas su etapa como diputado en el Congreso por su conocimiento de Madrid y del mundo empresarial?<br \/>\n<\/strong><br \/>\nEstos a\u00f1os en Madrid, entre otras cuestiones, me han servido para saber conectar con los diferentes \u00e1mbitos de decisiones pol\u00edticas y creo que este hecho es lo que me permitir\u00e1 aportar mi experiencia.<\/p>\n<p style=\"text-align: justify;\">Hay que recordar que un alto porcentaje de las normas vigentes que afectan a nuestras pymes se hacen en Madrid, de forma que ahora aprovecharemos este espacio para aportar nuestro granito de arena.<\/p>\n<p style=\"text-align: justify;\"><strong>\u00bfY su etapa como alcalde, por su conocimiento del territorio y del tejido productivo de \u00e1mbito local?<\/strong><\/p>\n<p>He sido alcalde de una ciudad grande y perif\u00e9rica, por eso conozco bien la necesidad de tener en cuenta la estructura productiva de nuestro pa\u00eds a nivel de todo el territorio.<\/p>\n<p style=\"text-align: justify;\">PIMEC cuenta con una estructura territorial que no tiene ninguna otra asociaci\u00f3n empresarial y esto es diferencial, adem\u00e1s de fundamental para conseguir una acci\u00f3n eficaz y representativa.<\/p>\n<p>Ahora en Madrid tambi\u00e9n tendremos esta sensibilidad territorial que caracteriza a PIMEC en su actuaci\u00f3n.<\/p>\n<p><img loading=\"lazy\" class=\"size-medium wp-image-29565 alignright\" src=\"https:\/\/www.pimealdia.org\/wp-content\/uploads\/2024\/03\/image00013-300x225.jpeg\" alt=\"\" width=\"300\" height=\"225\" srcset=\"https:\/\/www.pimealdia.org\/wp-content\/uploads\/2024\/03\/image00013-300x225.jpeg 300w, https:\/\/www.pimealdia.org\/wp-content\/uploads\/2024\/03\/image00013-1024x768.jpeg 1024w, https:\/\/www.pimealdia.org\/wp-content\/uploads\/2024\/03\/image00013-768x576.jpeg 768w, https:\/\/www.pimealdia.org\/wp-content\/uploads\/2024\/03\/image00013-1536x1152.jpeg 1536w, https:\/\/www.pimealdia.org\/wp-content\/uploads\/2024\/03\/image00013-2048x1536.jpeg 2048w, https:\/\/www.pimealdia.org\/wp-content\/uploads\/2024\/03\/image00013-480x360.jpeg 480w\" sizes=\"(max-width: 300px) 100vw, 300px\" \/><strong>\u00bfC\u00f3mo va la interlocuci\u00f3n directa y permanente con las administraciones estatales y las instituciones con sede en Madrid?<br \/>\n<\/strong><br \/>\nDe hecho, esta interlocuci\u00f3n no la he perdido nunca. Yo tengo la responsabilidad de representar a la pyme catalana en la capital espa\u00f1ola y mi labor es explicar y, sobre todo, argumentar para que nuestras demandas tengan repercusi\u00f3n con el objetivo de mejorar la competitividad empresarial y la calidad de la ocupaci\u00f3n, y de generar m\u00e1s riqueza.<\/p>\n<p style=\"text-align: justify;\"><strong>Su cometido es reforzar la funci\u00f3n de representaci\u00f3n y defensa de los intereses de las pymes catalanas. \u00bfC\u00f3mo lo est\u00e1 haciendo?<\/strong><\/p>\n<p>Como lo hace PIMEC desde hace tiempo, pero ahora de una manera m\u00e1s permanente y estructurada en Madrid.<\/p>\n<p>Lo hago dando a conocer la estructura productiva de Catalu\u00f1a, que es diferente a la del resto de Espa\u00f1a, y transmitiendo nuestra realidad, identificando las preocupaciones de las pymes y defendiendo sus intereses.<\/p>\n<p>Estoy a disposici\u00f3n de PIMEC, una organizaci\u00f3n muy plural, y soy el interlocutor y el canalizador en Madrid de todos estos sectores de actividad econ\u00f3mica de todo el territorio.<\/p>\n<p>Ahora se nos gira trabajo con la nueva oportunidad que se ha abierto para las pymes catalanas gracias a PIMEC, pues por primera vez en la historia de la democracia podr\u00e1n contar con voz propia en el di\u00e1logo social espa\u00f1ol.<\/p>\n<p><strong>\u00bfC\u00f3mo valora este hito para las pymes catalanas en el \u00e1mbito de la representatividad?<\/strong><\/p>\n<p>Esta era una asignatura pendiente del mundo empresarial y pol\u00edtico en el \u00e1mbito espa\u00f1ol. Y esto se tiene que enmarcar en la normalidad porque tambi\u00e9n pasa en Europa.<\/p>\n<p>Quiero matizar la importancia que esto no se tiene que ver como un beneficio para PIMEC o para Catalu\u00f1a. Esto beneficiar\u00e1 el conjunto del Estado espa\u00f1ol y al conjunto de las empresas del pa\u00eds.<\/p>\n<p>Por otro lado, obviamente, hay intereses propios de las pymes, que no son los de las grandes empresas. Y este mismo hecho es el principal motivo por el que necesitamos una voz propia all\u00ed donde se toman las decisiones que nos afectan.<\/p>\n<p><strong>\u00bfCu\u00e1les cree que son buenas oportunidades para hacer crecer la visibilidad y la reputaci\u00f3n de PIMEC en el \u00e1mbito estatal?<br \/>\n<\/strong><br \/>\nHay muchas oportunidades, como tambi\u00e9n hay muchas cuestiones que nos planteamos en defensa de las pymes catalanas que tambi\u00e9n beneficiar\u00edan a las espa\u00f1olas en su conjunto.<\/p>\n<p>Pero la oportunidad m\u00e1s destacable es la de disponer de esta visibilidad de la acci\u00f3n de PIMEC y perseverar en las acciones o centros de inter\u00e9s con los que trabajamos, como la Plataforma Multisectorial contra la Morosidad (PMcM) y Conpymes. Esto nos permitir\u00e1 lograr objetivos.<\/p>\n<p><strong>Usted ha expresado que uno de sus objetivos es que la actividad reguladora sea mucho m\u00e1s favorable a los intereses de la peque\u00f1a y mediana empresa catalana&#8230;<\/strong><\/p>\n<p>Es una cuesti\u00f3n que siempre se ha reivindicado y no se ha materializado, pero en Europa sopla un viento favorable en este sentido con el SME Relief Package y nuestro objetivo es que esto se apruebe tambi\u00e9n aqu\u00ed.<\/p>\n<p style=\"text-align: justify;\">La actividad reguladora se ha incrementado y seguimos en esta tendencia, pero es importante regular teniendo en cuenta las necesidades de la micro, peque\u00f1a y mediana empresa para poder ganar competitividad.<\/p>\n<p>Las grandes creadoras de empleo son las pymes, por lo que es importante reconocer esta representatividad. Mientras esto no pase, seguiremos incidiendo con especial insistencia en los tres principales partidos catalanes \u2013PSC, Junts y ERC\u2013, que tienen en esta legislatura un peso importante a la hora de aprobar leyes y favorecer el desarrollo normativo. Me consta que son sensibles a las demandas de las pymes y, por lo tanto, creo que podemos ser optimistas.<\/p>\n","protected":false},"excerpt":{"rendered":"<p>Entrevista al nuevo representante permanente de\u00a0PIMEC\u00a0a Madrid (Tortosa, 1965) Es licenciado en Ciencias Econ\u00f3micas y Empresariales por la Universitat de Barcelona. El a\u00f1o 1991 fund\u00f3 un despacho profesional en el cual ha ejercido como asesor de empresas. Ha estado profesor asociado de la Universitat de Barcelona y actualmente es profesor asociado de la Universitat Rovira i Virgili. En el \u00e1mbito pol\u00edtico fue alcalde de Tortosa entre los a\u00f1os 2007 y 2018, y diputado en el Congreso durante la XI, XII y XIV legislaturas. Tambi\u00e9n fue senador por Tarragona en la X legislatura. \u00bfC\u00f3mo valora estos primeros meses en el nuevo<\/p>\n","protected":false},"author":83,"featured_media":29563,"comment_status":"open","ping_status":"closed","sticky":false,"template":"","format":"standard","meta":[],"categories":[342],"tags":[1139,1706,1704,1077,1703,1707,746,1078,1705,781],"_links":{"self":[{"href":"https:\/\/www.pimealdia.org\/es\/wp-json\/wp\/v2\/posts\/29567"}],"collection":[{"href":"https:\/\/www.pimealdia.org\/es\/wp-json\/wp\/v2\/posts"}],"about":[{"href":"https:\/\/www.pimealdia.org\/es\/wp-json\/wp\/v2\/types\/post"}],"author":[{"embeddable":true,"href":"https:\/\/www.pimealdia.org\/es\/wp-json\/wp\/v2\/users\/83"}],"replies":[{"embeddable":true,"href":"https:\/\/www.pimealdia.org\/es\/wp-json\/wp\/v2\/comments?post=29567"}],"version-history":[{"count":2,"href":"https:\/\/www.pimealdia.org\/es\/wp-json\/wp\/v2\/posts\/29567\/revisions"}],"predecessor-version":[{"id":29573,"href":"https:\/\/www.pimealdia.org\/es\/wp-json\/wp\/v2\/posts\/29567\/revisions\/29573"}],"wp:featuredmedia":[{"embeddable":true,"href":"https:\/\/www.pimealdia.org\/es\/wp-json\/wp\/v2\/media\/29563"}],"wp:attachment":[{"href":"https:\/\/www.pimealdia.org\/es\/wp-json\/wp\/v2\/media?parent=29567"}],"wp:term":[{"taxonomy":"category","embeddable":true,"href":"https:\/\/www.pimealdia.org\/es\/wp-json\/wp\/v2\/categories?post=29567"},{"taxonomy":"post_tag","embeddable":true,"href":"https:\/\/www.pimealdia.org\/es\/wp-json\/wp\/v2\/tags?post=29567"}],"curies":[{"name":"wp","href":"https:\/\/api.w.org\/{rel}","templated":true}]}}