{"id":29616,"date":"2024-03-25T11:53:22","date_gmt":"2024-03-25T09:53:22","guid":{"rendered":"https:\/\/www.pimealdia.org\/?p=29616"},"modified":"2024-03-25T11:53:22","modified_gmt":"2024-03-25T09:53:22","slug":"formacion-en-sostenibilidad-impulso-hacia-una-responsabilidad-social-y-ambiental-en-las-empresas","status":"publish","type":"post","link":"https:\/\/www.pimealdia.org\/es\/formacion-en-sostenibilidad-impulso-hacia-una-responsabilidad-social-y-ambiental-en-las-empresas\/","title":{"rendered":"Formaci\u00f3n en sostenibilidad: Impulso hacia una responsabilidad social y ambiental en las empresas"},"content":{"rendered":"<p style=\"text-align: justify;\">Actualmente, impartir una formaci\u00f3n sobre sostenibilidad para el personal de una empresa es esencial, sobre todo, en las <strong>empresas que aspiran a ser responsables socialmente y ambientalmente sostenibles<\/strong>.<\/p>\n<p style=\"text-align: justify;\">Este tipo de formaci\u00f3n proporciona a los empleados la oportunidad de comprender los desaf\u00edos ambientales y sociales a los que se enfrenta el mundo hoy en d\u00eda. Tambi\u00e9n, ilustra sobre los principios de responsabilidad social y corporativa facilitando su aplicaci\u00f3n, tanto en el trabajo, como en la vida personal. Por otro lado, garantiza que los trabajadores est\u00e9n informados de las <strong>normativas y requisitos legales<\/strong>.<\/p>\n<p>Cuando una empresa fomenta y promueve este tipo de participaci\u00f3n, est\u00e1 dando una oportunidad de gestionar medidas y soluciones que contribuyan a <strong>reducir y optimizar el consumo de los recursos<\/strong>. Sin olvidar que, todas estas acciones se orientan hacia el objetivo de contribuir al desarrollo de una sociedad m\u00e1s sostenible y equitativa.<\/p>\n<p>Como docente del \u00e1rea, encuentro que nuestra realidad todav\u00eda est\u00e1 alejada de este objetivo. Sin embargo, impartiendo estos <strong><a href=\"https:\/\/www.pimec.org\/es\/pymes-autonomos\/formacion\">ciclos formativos de sostenibilidad, ecoeficiencia o econom\u00eda verde en empresas<\/a><\/strong>, detecto, en general, una progresiva aceptaci\u00f3n por parte de las pymes.<\/p>\n<p>Tambi\u00e9n, en referencia a los participantes, mayoritariamente, recibo un feedback muy positivo al finalizar las sesiones formativas. Estas observaciones se pueden considerar como indicadores, susceptibles a tener en cuenta para futuras planificaciones, puesto que, demuestran una subyacente necesidad de continuar desarrollando e incrementando estas tem\u00e1ticas formativas en las empresas. Finalmente, me gustar\u00eda destacar la relevancia de que las empresas y sus empleados encuentren <strong>sinergias en el marco de la formaci\u00f3n hacia un futuro sostenible<\/strong>.<\/p>\n","protected":false},"excerpt":{"rendered":"<p>Actualmente, impartir una formaci\u00f3n sobre sostenibilidad para el personal de una empresa es esencial, sobre todo, en las empresas que aspiran a ser responsables socialmente y ambientalmente sostenibles. Este tipo de formaci\u00f3n proporciona a los empleados la oportunidad de comprender los desaf\u00edos ambientales y sociales a los que se enfrenta el mundo hoy en d\u00eda. Tambi\u00e9n, ilustra sobre los principios de responsabilidad social y corporativa facilitando su aplicaci\u00f3n, tanto en el trabajo, como en la vida personal. Por otro lado, garantiza que los trabajadores est\u00e9n informados de las normativas y requisitos legales. Cuando una empresa fomenta y promueve este tipo<\/p>\n","protected":false},"author":208,"featured_media":29609,"comment_status":"open","ping_status":"closed","sticky":false,"template":"","format":"standard","meta":[],"categories":[338],"tags":[1757,1755,1754,1758,1388,1756,1085,477,372,1086,1064,746,1078,1282,1065,1179],"_links":{"self":[{"href":"https:\/\/www.pimealdia.org\/es\/wp-json\/wp\/v2\/posts\/29616"}],"collection":[{"href":"https:\/\/www.pimealdia.org\/es\/wp-json\/wp\/v2\/posts"}],"about":[{"href":"https:\/\/www.pimealdia.org\/es\/wp-json\/wp\/v2\/types\/post"}],"author":[{"embeddable":true,"href":"https:\/\/www.pimealdia.org\/es\/wp-json\/wp\/v2\/users\/208"}],"replies":[{"embeddable":true,"href":"https:\/\/www.pimealdia.org\/es\/wp-json\/wp\/v2\/comments?post=29616"}],"version-history":[{"count":1,"href":"https:\/\/www.pimealdia.org\/es\/wp-json\/wp\/v2\/posts\/29616\/revisions"}],"predecessor-version":[{"id":29618,"href":"https:\/\/www.pimealdia.org\/es\/wp-json\/wp\/v2\/posts\/29616\/revisions\/29618"}],"wp:featuredmedia":[{"embeddable":true,"href":"https:\/\/www.pimealdia.org\/es\/wp-json\/wp\/v2\/media\/29609"}],"wp:attachment":[{"href":"https:\/\/www.pimealdia.org\/es\/wp-json\/wp\/v2\/media?parent=29616"}],"wp:term":[{"taxonomy":"category","embeddable":true,"href":"https:\/\/www.pimealdia.org\/es\/wp-json\/wp\/v2\/categories?post=29616"},{"taxonomy":"post_tag","embeddable":true,"href":"https:\/\/www.pimealdia.org\/es\/wp-json\/wp\/v2\/tags?post=29616"}],"curies":[{"name":"wp","href":"https:\/\/api.w.org\/{rel}","templated":true}]}}