{"id":29642,"date":"2024-04-08T12:43:06","date_gmt":"2024-04-08T10:43:06","guid":{"rendered":"https:\/\/www.pimealdia.org\/?p=29642"},"modified":"2024-04-09T15:36:22","modified_gmt":"2024-04-09T13:36:22","slug":"las-medidas-de-eficiencia-y-de-gestion-energetica-la-generacion-renovable-para-autoconsumo-y-una-diagnosis-energetica-son-actuaciones-imprescindibles-para-las-pymes","status":"publish","type":"post","link":"https:\/\/www.pimealdia.org\/es\/las-medidas-de-eficiencia-y-de-gestion-energetica-la-generacion-renovable-para-autoconsumo-y-una-diagnosis-energetica-son-actuaciones-imprescindibles-para-las-pymes\/","title":{"rendered":"\u201cLas medidas de eficiencia y de gesti\u00f3n energ\u00e9tica, la generaci\u00f3n renovable para autoconsumo, y una diagnosis energ\u00e9tica son actuaciones imprescindibles para las pymes\u201d"},"content":{"rendered":"<blockquote>\n<p style=\"text-align: center;\">Entrevista al presidente de la comisi\u00f3n de Energ\u00eda de PIMEC, Jos\u00e9 Enrique V\u00e1zquez<\/p>\n<\/blockquote>\n<p style=\"text-align: center;\"><u>Trayectoria acad\u00e9mica y profesional<\/u><\/p>\n<p>Es empresario, promotor de asociaciones energ\u00e9ticas y sociales, y divulgador calificado del sector de la eficiencia y la gesti\u00f3n energ\u00e9tica.<\/p>\n<p>Licenciado en biolog\u00eda por la UB y diplomado en gesti\u00f3n energ\u00e9tica y ambiental, con un m\u00e1ster en ingenier\u00eda energ\u00e9tica y ambiental por la UPC, cuenta con una visi\u00f3n transversal del sector. Tambi\u00e9n tiene una dilatada experiencia en proyectos energ\u00e9ticos y ambientales, puesto que desde hace 40 a\u00f1os participa en los principales proyectos energ\u00e9ticos del pa\u00eds.<\/p>\n<p>Es fundador y expresidente de la Asociaci\u00f3n Catalana de Ingenier\u00edas y Consultor\u00edas Ambientales (ACECMA), exvicepresidente de la Federaci\u00f3n de Asociaciones Ambientales, y actual presidente de Honor del Grupo de Gestores Energ\u00e9ticos de Catalu\u00f1a. En el \u00e1mbito empresarial es fundador y director de EnerGroc, labor que compagina con su actividad acad\u00e9mica en la UB, la UPC y el IQS, como profesor de cursos y m\u00e1steres del \u00e1mbito energ\u00e9tico.<\/p>\n<p style=\"text-align: justify;\"><strong>La crisis clim\u00e1tica que vivimos ha acelerado la transici\u00f3n energ\u00e9tica hacia fuentes de energ\u00eda sostenibles y renovables. \u00bfQu\u00e9 medidas concretas ve necesarias por parte de las instituciones p\u00fablicas a la hora de facilitar al m\u00e1ximo, y de manera espec\u00edfica para las pymes, esta transici\u00f3n?<\/strong><\/p>\n<p>Cuando hablamos de la crisis clim\u00e1tica que estamos viviendo, todos tendr\u00edamos que estar de acuerdo con que las personas con menos recursos son quienes est\u00e1n sufriendo m\u00e1s los efectos; es por este motivo que las intentamos proteger.<\/p>\n<p>Podemos aplicar esta afirmaci\u00f3n a las pymes. Son peque\u00f1as y a la vez muy vulnerables a los costes energ\u00e9ticos y a los requisitos ambientales. Por este motivo, las instituciones p\u00fablicas tienen que ser conscientes de que hay que protegerlas con varias actuaciones: facilitar la incorporaci\u00f3n de renovables para autoconsumo, simplificar y acelerar la tramitaci\u00f3n administrativa; proteger el precio de la energ\u00eda\u2026<\/p>\n<p>En este sentido, la excepci\u00f3n ib\u00e9rica demostr\u00f3 ser un mecanismo adecuado para evitar el cierre de muchas pymes. Finalmente, creo que las pymes tienen que ser un interlocutor energ\u00e9tico, puesto que la suma de todo este colectivo es un gran electrointensivo.<\/p>\n<p><strong>Los precios de la electricidad en Espa\u00f1a han marcado una tendencia ascendente y siempre se han situado por encima de la media europea. \u00bfC\u00f3mo afecta este hecho a nuestra actividad empresarial?<\/strong><\/p>\n<p>Las pymes en Espa\u00f1a asumen unos costes de electricidad de los m\u00e1s altos de la Uni\u00f3n Europea y la diferencia de precio entre una pyme y un gran consumidor es tambi\u00e9n de las m\u00e1s altas. Esta realidad afecta a la competitividad de nuestras empresas, de todos los sectores, y a su capacidad exportadora.<\/p>\n<p>Es una paradoja que, teniendo el mix de generaci\u00f3n energ\u00e9tica m\u00e1s diversificado de la Uni\u00f3n Europea, con una participaci\u00f3n muy importante de fuentes renovables, nuestras pymes no tengan un precio competitivo respecto a la Uni\u00f3n Europea.<\/p>\n<p><strong>\u00bfCree que los impuestos incrementan la discriminaci\u00f3n de precios entre segmentos de consumo?<\/strong><\/p>\n<p>S\u00ed, sin duda. La anterior diferencia de precios, en cierto modo, estaba inducida por las pol\u00edticas energ\u00e9ticas del Estado, que benefician a los grandes consumidores en detrimento de las pymes. Los costes energ\u00e9ticos afectan a la competitividad de todas las empresas y las de menor dimensi\u00f3n no son una excepci\u00f3n. Se tienen que reducir los costes asociados regulados que las afectan.<\/p>\n<p>Tampoco se tendr\u00eda que facilitar que una pyme, dependiendo del lugar en el que se ubica en Espa\u00f1a, tenga una reducci\u00f3n de los costes energ\u00e9ticos vinculados al coste regulado por el Estado. Es un agravio comparativo para el resto de las empresas. El Estado tendr\u00eda que ser muy consciente de que los cambios reguladores sobre las tarifas de acceso, el IVA, o los impuestos sobre la generaci\u00f3n, a quien m\u00e1s afecta es a los peque\u00f1os consumidores, que son los m\u00e1s vulnerables.<\/p>\n<p><strong>\u00bfCu\u00e1les son las medidas que las pymes tienen que implantar para conseguir una actividad m\u00e1s eficiente energ\u00e9ticamente?<\/strong><\/p>\n<p>Como la disponibilidad de energ\u00eda no es gratuita, no tenemos que olvidar que las pol\u00edticas empresariales de eficiencia y de gesti\u00f3n energ\u00e9tica, la generaci\u00f3n renovable para autoconsumo, as\u00ed como las diagnosis energ\u00e9ticas son actuaciones imprescindibles para todas las pymes.<\/p>\n","protected":false},"excerpt":{"rendered":"<p>Entrevista al presidente de la comisi\u00f3n de Energ\u00eda de PIMEC, Jos\u00e9 Enrique V\u00e1zquez Trayectoria acad\u00e9mica y profesional Es empresario, promotor de asociaciones energ\u00e9ticas y sociales, y divulgador calificado del sector de la eficiencia y la gesti\u00f3n energ\u00e9tica. Licenciado en biolog\u00eda por la UB y diplomado en gesti\u00f3n energ\u00e9tica y ambiental, con un m\u00e1ster en ingenier\u00eda energ\u00e9tica y ambiental por la UPC, cuenta con una visi\u00f3n transversal del sector. Tambi\u00e9n tiene una dilatada experiencia en proyectos energ\u00e9ticos y ambientales, puesto que desde hace 40 a\u00f1os participa en los principales proyectos energ\u00e9ticos del pa\u00eds. Es fundador y expresidente de la Asociaci\u00f3n Catalana<\/p>\n","protected":false},"author":83,"featured_media":29640,"comment_status":"open","ping_status":"closed","sticky":false,"template":"","format":"standard","meta":[],"categories":[342],"tags":[1180,1181,1798,1801,1367,1085,1183,1803,1799,1800,1796,1802,1546,746,1797,1078,1179,1453,1445],"_links":{"self":[{"href":"https:\/\/www.pimealdia.org\/es\/wp-json\/wp\/v2\/posts\/29642"}],"collection":[{"href":"https:\/\/www.pimealdia.org\/es\/wp-json\/wp\/v2\/posts"}],"about":[{"href":"https:\/\/www.pimealdia.org\/es\/wp-json\/wp\/v2\/types\/post"}],"author":[{"embeddable":true,"href":"https:\/\/www.pimealdia.org\/es\/wp-json\/wp\/v2\/users\/83"}],"replies":[{"embeddable":true,"href":"https:\/\/www.pimealdia.org\/es\/wp-json\/wp\/v2\/comments?post=29642"}],"version-history":[{"count":2,"href":"https:\/\/www.pimealdia.org\/es\/wp-json\/wp\/v2\/posts\/29642\/revisions"}],"predecessor-version":[{"id":29646,"href":"https:\/\/www.pimealdia.org\/es\/wp-json\/wp\/v2\/posts\/29642\/revisions\/29646"}],"wp:featuredmedia":[{"embeddable":true,"href":"https:\/\/www.pimealdia.org\/es\/wp-json\/wp\/v2\/media\/29640"}],"wp:attachment":[{"href":"https:\/\/www.pimealdia.org\/es\/wp-json\/wp\/v2\/media?parent=29642"}],"wp:term":[{"taxonomy":"category","embeddable":true,"href":"https:\/\/www.pimealdia.org\/es\/wp-json\/wp\/v2\/categories?post=29642"},{"taxonomy":"post_tag","embeddable":true,"href":"https:\/\/www.pimealdia.org\/es\/wp-json\/wp\/v2\/tags?post=29642"}],"curies":[{"name":"wp","href":"https:\/\/api.w.org\/{rel}","templated":true}]}}