{"id":29714,"date":"2024-04-29T13:21:44","date_gmt":"2024-04-29T11:21:44","guid":{"rendered":"https:\/\/www.pimealdia.org\/?p=29714"},"modified":"2024-04-29T13:21:44","modified_gmt":"2024-04-29T11:21:44","slug":"reflexiones-sobre-la-salud-mental-en-el-contexto-laboral-una-prioridad-empresarial","status":"publish","type":"post","link":"https:\/\/www.pimealdia.org\/es\/reflexiones-sobre-la-salud-mental-en-el-contexto-laboral-una-prioridad-empresarial\/","title":{"rendered":"Reflexiones sobre la salud mental en el contexto laboral: una prioridad empresarial"},"content":{"rendered":"<p>La salud mental es un aspecto vital para el bienestar de las personas trabajadoras y la sociedad en general. En PIMEC tenemos muy presente que <strong>un empleo de calidad, que proporcione un sentido de pertenencia y prop\u00f3sito, puede tener un impacto positivo en el bienestar psicol\u00f3gico de las personas trabajadoras. <\/strong>Como agente social m\u00e1s representativo de Catalu\u00f1a, lo hemos expresado as\u00ed en <a href=\"https:\/\/treball.gencat.cat\/web\/.content\/13_-_consell_relacions_laborals\/Estrategia-Catalana-de-Seguretat-i-Salut-Laboral-2021-2026\/Monografic-Jornada-Salut-Mental-2024.pdf\">un monogr\u00e1fico para proteger y promover la salud mental en el trabajo, con reflexiones sobre la prevenci\u00f3n de los riesgos de origen psicosocial y vigilancia de la salud<\/a>, publicado por el Consell de Relacions Laborals de Catalunya.<\/p>\n<p>Sin embargo, es importante reconocer que los riesgos psicosociales no son la \u00fanica consideraci\u00f3n relevante en esta cuesti\u00f3n. La salud mental est\u00e1 interconectada con varios factores, desde la gen\u00e9tica, el entorno social, el estilo de vida y, por supuesto, el trabajo. Es esencial abordar estas cuestiones de forma proactiva y constructiva, reconociendo <strong>la responsabilidad compartida de las empresas y las personas trabajadoras en la promoci\u00f3n de la salud mental y la creaci\u00f3n de entornos laborales saludables.<\/strong><\/p>\n<p>Cabe se\u00f1alar que las empresas desempe\u00f1an un papel clave en esta tarea, ya que pueden crear espacios de trabajo que favorezcan el crecimiento y la productividad de las personas. Asimismo, pueden implementar pol\u00edticas y programas que sensibilicen sobre los problemas de salud mental y promuevan el soporte adecuado para las personas afectadas.<\/p>\n<p>No obstante, uno de los retos m\u00e1s importantes es la falta de comprensi\u00f3n y recursos en este campo. A menudo, las personas no saben identificar los s\u00edntomas de problemas de salud mental ni c\u00f3mo abordarlos, lo que puede conducir a una falta del apoyo adecuado y al deterioro de la salud mental de las personas afectadas.<\/p>\n<p>En este sentido, es necesario revisar las metodolog\u00edas actuales de evaluaci\u00f3n de los riesgos psicosociales, especialmente para las micro, peque\u00f1as y medianas empresas (mipymes), que constituyen la mayor parte del tejido empresarial.<\/p>\n<p>Las metodolog\u00edas deben ser m\u00e1s <strong>accesibles, econ\u00f3micas<\/strong> y <strong>sostenibles<\/strong>, teniendo en cuenta las <strong>particularidades<\/strong> y <strong>necesidades espec\u00edficas<\/strong> de estas empresas.<\/p>\n<p>Desde PIMEC estamos comprometidos en esta labor de adaptaci\u00f3n y simplificaci\u00f3n de las metodolog\u00edas. Asimismo, animamos a todas las empresas a promover entornos laborales saludables que prioricen el bienestar psicol\u00f3gico de las personas.<\/p>\n<p>La promoci\u00f3n de la salud mental en el puesto de trabajo es una tarea compartida que requiere el compromiso de todos los agentes sociales.<\/p>\n","protected":false},"excerpt":{"rendered":"<p>La salud mental es un aspecto vital para el bienestar de las personas trabajadoras y la sociedad en general. En PIMEC tenemos muy presente que un empleo de calidad, que proporcione un sentido de pertenencia y prop\u00f3sito, puede tener un impacto positivo en el bienestar psicol\u00f3gico de las personas trabajadoras. Como agente social m\u00e1s representativo de Catalu\u00f1a, lo hemos expresado as\u00ed en un monogr\u00e1fico para proteger y promover la salud mental en el trabajo, con reflexiones sobre la prevenci\u00f3n de los riesgos de origen psicosocial y vigilancia de la salud, publicado por el Consell de Relacions Laborals de Catalunya. Sin<\/p>\n","protected":false},"author":200,"featured_media":29711,"comment_status":"open","ping_status":"closed","sticky":false,"template":"","format":"standard","meta":[],"categories":[342],"tags":[1513,1514],"_links":{"self":[{"href":"https:\/\/www.pimealdia.org\/es\/wp-json\/wp\/v2\/posts\/29714"}],"collection":[{"href":"https:\/\/www.pimealdia.org\/es\/wp-json\/wp\/v2\/posts"}],"about":[{"href":"https:\/\/www.pimealdia.org\/es\/wp-json\/wp\/v2\/types\/post"}],"author":[{"embeddable":true,"href":"https:\/\/www.pimealdia.org\/es\/wp-json\/wp\/v2\/users\/200"}],"replies":[{"embeddable":true,"href":"https:\/\/www.pimealdia.org\/es\/wp-json\/wp\/v2\/comments?post=29714"}],"version-history":[{"count":1,"href":"https:\/\/www.pimealdia.org\/es\/wp-json\/wp\/v2\/posts\/29714\/revisions"}],"predecessor-version":[{"id":29715,"href":"https:\/\/www.pimealdia.org\/es\/wp-json\/wp\/v2\/posts\/29714\/revisions\/29715"}],"wp:featuredmedia":[{"embeddable":true,"href":"https:\/\/www.pimealdia.org\/es\/wp-json\/wp\/v2\/media\/29711"}],"wp:attachment":[{"href":"https:\/\/www.pimealdia.org\/es\/wp-json\/wp\/v2\/media?parent=29714"}],"wp:term":[{"taxonomy":"category","embeddable":true,"href":"https:\/\/www.pimealdia.org\/es\/wp-json\/wp\/v2\/categories?post=29714"},{"taxonomy":"post_tag","embeddable":true,"href":"https:\/\/www.pimealdia.org\/es\/wp-json\/wp\/v2\/tags?post=29714"}],"curies":[{"name":"wp","href":"https:\/\/api.w.org\/{rel}","templated":true}]}}