{"id":29741,"date":"2024-05-06T09:36:56","date_gmt":"2024-05-06T07:36:56","guid":{"rendered":"https:\/\/www.pimealdia.org\/?p=29741"},"modified":"2024-05-06T10:25:08","modified_gmt":"2024-05-06T08:25:08","slug":"campana-de-calor-2024-estar-preparados-es-una-apuesta-segura","status":"publish","type":"post","link":"https:\/\/www.pimealdia.org\/es\/campana-de-calor-2024-estar-preparados-es-una-apuesta-segura\/","title":{"rendered":"Campa\u00f1a de calor 2024: Estar preparados es una apuesta segura"},"content":{"rendered":"<p style=\"text-align: justify;\">La llegada del verano implica la aproximaci\u00f3n de <strong>temperaturas altas y episodios de calor intenso<\/strong>. Es crucial estar preparados para afrontar estas condiciones con <strong>medidas preventivas adecuadas<\/strong>. Aun as\u00ed, la observancia de las condiciones de <strong>seguridad y la salud de las personas trabajadoras tiene que ser una prioridad<\/strong> por el buen funcionamiento de las empresas. Por eso, es esencial planificar con antelaci\u00f3n y prever las medidas preventivas necesarias.<\/p>\n<p>Los <strong>puntos claves<\/strong> de la temporada del calor 2024 son:<\/p>\n<p>&#8211; <strong>Planificaci\u00f3n de la actividad preventiva<\/strong>: hay que anticiparse a los episodios de calor intenso y revisar los protocolos para <strong>garantizar la seguridad de las personas trabajadoras<\/strong> y poder mantener la actividad. Esta planificaci\u00f3n es especialmente relevante para las empresas que desarrollan sus actividades al aire libre.<\/p>\n<p style=\"text-align: justify;\">&#8211; Incremento de medidas preventivas: durante los episodios de calor intenso, el Servicio Meteorol\u00f3gico de Catalu\u00f1a emitir\u00e1 avisos. Por lo tanto, recomendamos tener una <strong>gesti\u00f3n proactiva de los avisos<\/strong> de situaciones de peligro emitidos por el Servicio Meteorol\u00f3gico de Catalu\u00f1a con el objetivo de poder incrementar las medidas preventivas para mantener los espacios de trabajo seguros. La normativa de puestos de trabajo prev\u00e9 que estas medidas tienen que derivar de la evaluaci\u00f3n de riesgos laborales y tener en cuenta las condiciones y caracter\u00edsticas de trabajo, tanto de la tarea como de las personas.<\/p>\n<p style=\"text-align: justify;\">En determinados casos, podr\u00e1n suponer la prohibici\u00f3n de desarrollar ciertos trabajos durante las horas del d\u00eda en que las temperaturas sean extremas, siempre que no se pueda garantizar la protecci\u00f3n adecuada de las personas trabajadoras de ninguna otra manera. En caso de que Meteocat emita un aviso por fen\u00f3meno meteorol\u00f3gico adverso de nivel naranja o rojo y las medidas preventivas anteriores no garanticen la protecci\u00f3n de las personas trabajadoras, ser\u00e1 obligatorio <strong>adaptar las condiciones de trabajo<\/strong> (incluido reducir o modificar la jornada de trabajo, en su caso).<\/p>\n<p>Si ten\u00e9is dudas sobre el sistema de avisos del\u00a0Meteocat\u00a0o quer\u00e9is recibir apoyo en el dise\u00f1o del procedimiento de como actuar ante episodios de calor intenso, desde\u00a0PIMEC\u00a0ponemos a disposici\u00f3n de las\u00a0mipimes\u00a0el servicio\u00a0<a href=\"https:\/\/www.pimecprl.org\/\">Prevenmipime.<\/a> Podr\u00e9is obtener una asesor\u00eda individual y gratuita para poder dar un paso m\u00e1s en la prevenci\u00f3n de riesgos laborales. Pod\u00e9is enviar un correo electr\u00f3nico a omartin@pimec.org o llamar al 934964500.<\/p>\n","protected":false},"excerpt":{"rendered":"<p>La llegada del verano implica la aproximaci\u00f3n de temperaturas altas y episodios de calor intenso. Es crucial estar preparados para afrontar estas condiciones con medidas preventivas adecuadas. Aun as\u00ed, la observancia de las condiciones de seguridad y la salud de las personas trabajadoras tiene que ser una prioridad por el buen funcionamiento de las empresas. Por eso, es esencial planificar con antelaci\u00f3n y prever las medidas preventivas necesarias. Los puntos claves de la temporada del calor 2024 son: &#8211; Planificaci\u00f3n de la actividad preventiva: hay que anticiparse a los episodios de calor intenso y revisar los protocolos para garantizar la<\/p>\n","protected":false},"author":192,"featured_media":29739,"comment_status":"open","ping_status":"closed","sticky":false,"template":"","format":"standard","meta":[],"categories":[772],"tags":[],"_links":{"self":[{"href":"https:\/\/www.pimealdia.org\/es\/wp-json\/wp\/v2\/posts\/29741"}],"collection":[{"href":"https:\/\/www.pimealdia.org\/es\/wp-json\/wp\/v2\/posts"}],"about":[{"href":"https:\/\/www.pimealdia.org\/es\/wp-json\/wp\/v2\/types\/post"}],"author":[{"embeddable":true,"href":"https:\/\/www.pimealdia.org\/es\/wp-json\/wp\/v2\/users\/192"}],"replies":[{"embeddable":true,"href":"https:\/\/www.pimealdia.org\/es\/wp-json\/wp\/v2\/comments?post=29741"}],"version-history":[{"count":1,"href":"https:\/\/www.pimealdia.org\/es\/wp-json\/wp\/v2\/posts\/29741\/revisions"}],"predecessor-version":[{"id":29742,"href":"https:\/\/www.pimealdia.org\/es\/wp-json\/wp\/v2\/posts\/29741\/revisions\/29742"}],"wp:featuredmedia":[{"embeddable":true,"href":"https:\/\/www.pimealdia.org\/es\/wp-json\/wp\/v2\/media\/29739"}],"wp:attachment":[{"href":"https:\/\/www.pimealdia.org\/es\/wp-json\/wp\/v2\/media?parent=29741"}],"wp:term":[{"taxonomy":"category","embeddable":true,"href":"https:\/\/www.pimealdia.org\/es\/wp-json\/wp\/v2\/categories?post=29741"},{"taxonomy":"post_tag","embeddable":true,"href":"https:\/\/www.pimealdia.org\/es\/wp-json\/wp\/v2\/tags?post=29741"}],"curies":[{"name":"wp","href":"https:\/\/api.w.org\/{rel}","templated":true}]}}