{"id":29750,"date":"2024-05-09T16:16:13","date_gmt":"2024-05-09T14:16:13","guid":{"rendered":"https:\/\/www.pimealdia.org\/?p=29750"},"modified":"2024-05-09T16:16:35","modified_gmt":"2024-05-09T14:16:35","slug":"reflexiones-en-europa-de-cara-a-la-proxima-legislatura","status":"publish","type":"post","link":"https:\/\/www.pimealdia.org\/es\/reflexiones-en-europa-de-cara-a-la-proxima-legislatura\/","title":{"rendered":"Reflexiones en Europa de cara a la pr\u00f3xima legislatura"},"content":{"rendered":"<p>El d\u00eda de Europa de las pymes viene marcado este a\u00f1o por varias iniciativas europeas centradas en un proceso de reflexi\u00f3n sobre el futuro de la econom\u00eda europea cuyo objetivo es recuperar la competitividad perdida en los \u00faltimos a\u00f1os.<\/p>\n<p>Entre estas iniciativas cabe destacar el informe <a href=\"https:\/\/www.consilium.europa.eu\/media\/ny3j24sm\/much-more-than-a-market-report-by-enrico-letta.pdf\"><strong><em>Mucho m\u00e1s que un mercado<\/em><\/strong><\/a> del ex primer ministro italiano, Enrico Letta, sobre c\u00f3mo mejorar el mercado \u00fanico en beneficio de las empresas y ciudadanos europeos, 30 a\u00f1os despu\u00e9s de su creaci\u00f3n.<\/p>\n<p>Letta reconoce que las pymes forman parte del tejido socioecon\u00f3mico de Europa, crean dos tercios del empleo y son catalizadoras de innovaci\u00f3n. Sin embargo, el informe reconoce que las pymes no encuentran su lugar en el mercado \u00fanico, debido a las numerosas barreras que deben superar tales como normativas nacionales diferentes en el \u00e1mbito de los servicios, los costes del cumplimiento normativo, est\u00e1ndares desiguales y requisitos administrativos, barreras que proporcionalmente afectan m\u00e1s a las peque\u00f1as empresas que a las grandes.<\/p>\n<p>Los representantes de SMEunited, entre ellos PIMEC, se reunieron con Letta antes de la publicaci\u00f3n de su informe para compartir las dificultades de las mipymes en el mercado \u00fanico y pedirle que la UE se centrara en la aplicaci\u00f3n de las normas europeas vigentes con m\u00e1s herramientas de apoyo para las empresas. Desde PIMEC resaltamos la necesidad de centralizar las herramientas y la informaci\u00f3n en una plataforma digital \u00fanica multiling\u00fce que sirva de referente para las empresas, como la actual Single Digital Gateway.<\/p>\n<p>El informe de Letta se present\u00f3 en el pasado Consejo Europeo de abril dedicado a reforzar la competitividad de la UE. Los jefes de Estado y de Gobierno acordaron crear un nuevo <strong>Pacto Europeo para la Competitividad<\/strong> basado en primer lugar en las propuestas del informe y centrado en cerrar la brecha de la productividad y la innovaci\u00f3n entre los pa\u00edses de la Uni\u00f3n y sus competidores internacionales. Como punto positivo para las pymes, en las conclusiones del Consejo Europeo se reconoci\u00f3 la necesidad de legislar teniendo en cuenta el <strong>principio de pensar primero en peque\u00f1o<\/strong> cuya aplicaci\u00f3n tanto PIMEC como las patronales de la familia de SMEunited hemos solicitado repetidamente a lo largo de los a\u00f1os. Esto supone el aval al m\u00e1s alto nivel pol\u00edtico de la necesidad de formular las leyes para la mayor\u00eda de las empresas, las mipymes.<\/p>\n<p>Pronto iniciaremos una pr\u00f3xima legislatura en Europa, en la que adem\u00e1s de todos los informes y compromisos pol\u00edticos velaremos por que estos no queden en palabras y pediremos m\u00e1s asertividad por parte del ejecutivo y de los legisladores europeos para crear las condiciones de crecimiento \u00f3ptimas para nuestras empresas.<\/p>\n","protected":false},"excerpt":{"rendered":"<p>El d\u00eda de Europa de las pymes viene marcado este a\u00f1o por varias iniciativas europeas centradas en un proceso de reflexi\u00f3n sobre el futuro de la econom\u00eda europea cuyo objetivo es recuperar la competitividad perdida en los \u00faltimos a\u00f1os. Entre estas iniciativas cabe destacar el informe Mucho m\u00e1s que un mercado del ex primer ministro italiano, Enrico Letta, sobre c\u00f3mo mejorar el mercado \u00fanico en beneficio de las empresas y ciudadanos europeos, 30 a\u00f1os despu\u00e9s de su creaci\u00f3n. Letta reconoce que las pymes forman parte del tejido socioecon\u00f3mico de Europa, crean dos tercios del empleo y son catalizadoras de innovaci\u00f3n.<\/p>\n","protected":false},"author":76,"featured_media":29748,"comment_status":"open","ping_status":"closed","sticky":false,"template":"","format":"standard","meta":[],"categories":[342],"tags":[],"_links":{"self":[{"href":"https:\/\/www.pimealdia.org\/es\/wp-json\/wp\/v2\/posts\/29750"}],"collection":[{"href":"https:\/\/www.pimealdia.org\/es\/wp-json\/wp\/v2\/posts"}],"about":[{"href":"https:\/\/www.pimealdia.org\/es\/wp-json\/wp\/v2\/types\/post"}],"author":[{"embeddable":true,"href":"https:\/\/www.pimealdia.org\/es\/wp-json\/wp\/v2\/users\/76"}],"replies":[{"embeddable":true,"href":"https:\/\/www.pimealdia.org\/es\/wp-json\/wp\/v2\/comments?post=29750"}],"version-history":[{"count":1,"href":"https:\/\/www.pimealdia.org\/es\/wp-json\/wp\/v2\/posts\/29750\/revisions"}],"predecessor-version":[{"id":29755,"href":"https:\/\/www.pimealdia.org\/es\/wp-json\/wp\/v2\/posts\/29750\/revisions\/29755"}],"wp:featuredmedia":[{"embeddable":true,"href":"https:\/\/www.pimealdia.org\/es\/wp-json\/wp\/v2\/media\/29748"}],"wp:attachment":[{"href":"https:\/\/www.pimealdia.org\/es\/wp-json\/wp\/v2\/media?parent=29750"}],"wp:term":[{"taxonomy":"category","embeddable":true,"href":"https:\/\/www.pimealdia.org\/es\/wp-json\/wp\/v2\/categories?post=29750"},{"taxonomy":"post_tag","embeddable":true,"href":"https:\/\/www.pimealdia.org\/es\/wp-json\/wp\/v2\/tags?post=29750"}],"curies":[{"name":"wp","href":"https:\/\/api.w.org\/{rel}","templated":true}]}}