{"id":29770,"date":"2024-05-10T10:47:03","date_gmt":"2024-05-10T08:47:03","guid":{"rendered":"https:\/\/www.pimealdia.org\/?p=29770"},"modified":"2024-05-10T10:52:50","modified_gmt":"2024-05-10T08:52:50","slug":"la-sequia-una-situacion-de-emergencia-que-castiga-las-pymes","status":"publish","type":"post","link":"https:\/\/www.pimealdia.org\/es\/la-sequia-una-situacion-de-emergencia-que-castiga-las-pymes\/","title":{"rendered":"La sequ\u00eda, una situaci\u00f3n de emergencia que castiga las pymes"},"content":{"rendered":"<p style=\"text-align: justify;\">Catalu\u00f1a sufre actualmente <strong>una de las sequ\u00edas m\u00e1s graves de su historia<\/strong>, tanto por la duraci\u00f3n e intensidad como por el alcance en superficie. Lo refleja de forma significativa la actual reserva de agua de los embalses, que a finales de abril giraba en torno al 18,17%, mientras que hace un a\u00f1o se situaba alrededor del 25,22%.<\/p>\n<p style=\"text-align: justify;\">Paisajes que est\u00e1n cambiando, p\u00e9rdida de biodiversidad y restricciones en el consumo de agua son algunas de las consecuencias m\u00e1s evidentes que hasta ahora nos est\u00e1 dejando esta situaci\u00f3n de sequ\u00eda severa, pero que tambi\u00e9n est\u00e1 teniendo un fuerte impacto en la actividad econ\u00f3mica. Las micro, peque\u00f1as y medianas empresas y las personas aut\u00f3nomas afrontan los efectos y las restricciones con preocupaci\u00f3n e incertidumbre, especialmente aquellas empresas de los sectores m\u00e1s dependientes del agua.<\/p>\n<p style=\"text-align: justify;\"><strong>Los efectos de la sequ\u00eda sobre la actividad econ\u00f3mica<\/strong><\/p>\n<p style=\"text-align: justify;\">Los sectores agr\u00edcola y ganadero, as\u00ed como el de la planta y la flor, y tambi\u00e9n la industria agroalimentaria, la qu\u00edmica, la farmac\u00e9utica y la papelera son algunos de los m\u00e1s afectados por la reducci\u00f3n del agua disponible. Los empresarios y empresarias de estos \u00e1mbitos ponen de manifiesto la <strong>preocupaci\u00f3n que los representa una posible disminuci\u00f3n de la actividad<\/strong> derivada de un episodio de sequ\u00eda que, en caso de alargarse, puede llegar a comprometer la viabilidad de sus negocios.<\/p>\n<p style=\"text-align: justify;\"><img loading=\"lazy\" class=\" wp-image-29760 alignleft\" src=\"https:\/\/www.pimealdia.org\/wp-content\/uploads\/2024\/05\/Pime-al-dia-bugaderies-300x203.png\" alt=\"\" width=\"324\" height=\"219\" srcset=\"https:\/\/www.pimealdia.org\/wp-content\/uploads\/2024\/05\/Pime-al-dia-bugaderies-300x203.png 300w, https:\/\/www.pimealdia.org\/wp-content\/uploads\/2024\/05\/Pime-al-dia-bugaderies-480x325.png 480w, https:\/\/www.pimealdia.org\/wp-content\/uploads\/2024\/05\/Pime-al-dia-bugaderies.png 680w\" sizes=\"(max-width: 324px) 100vw, 324px\" \/>Lo explica Ferran Soler, vocal de la Junta Directiva de la Asociaci\u00f3n Nacional de Lavander\u00edas Industriales de Espa\u00f1a y gerente de RS10 Lavander\u00eda Industrial. Su negocio proporciona servicio en varios hospitales de Catalu\u00f1a y en 2023 tuvo un consumo de agua de 35.550m\u00b3, un 25% menos que el a\u00f1o anterior: \u201cNo sabemos cu\u00e1les son las posibilidades reales de mantener en activo nuestras empresas mientras no llegan soluciones definitivas. Ya hemos renunciado a l\u00edneas de actividad menos estrat\u00e9gicas para poder garantizar el servicio en el \u00e1mbito hospitalario\u201d.<\/p>\n<p style=\"text-align: justify;\">La preocupaci\u00f3n que ponen de manifiesto desde RS10 Lavander\u00eda se hace extensiva tambi\u00e9n a un sector especialmente afectado por la sequ\u00eda como es el de la planta y la flor. \u201cEs de los primeros sectores en los cuales se han aplicado restricciones, permitiendo solo el riego de subsistencia de \u00e1rboles y arbustos en fase de excepcionalidad y, en fase de emergencia, solo el riego con agua no potable de arbolado de car\u00e1cter singular o monumental en espacios p\u00fablicos\u201d, afirma David M. G\u00f3mez\u00a0Llor\u00eda, director t\u00e9cnico de la Fundaci\u00f3n de la Jardiner\u00eda y el Paisaje. Estas restricciones, que recientemente se han flexibilizado, se han traducido mientras han estado vigentes en una reducci\u00f3n importante de las ventas a las empresas de jardiner\u00eda, viveristas, productores de flor, centros de jardiner\u00eda, entre otros.<\/p>\n<p style=\"text-align: justify;\"><strong>Las medidas que implementan las empresas<\/strong><\/p>\n<p style=\"text-align: justify;\">Todo y la incertidumbre que provoca no saber si habr\u00e1 <strong>ayudas econ\u00f3micas para inversiones de eficiencia h\u00eddrica o la tramitaci\u00f3n de los planes de ahorro<\/strong> que permiten adaptar las restricciones a cada actividad, son muchas las empresas que en los \u00faltimos meses y a\u00f1os ya han hecho un esfuerzo para conseguir la m\u00e1xima eficiencia en el consumo de agua.<\/p>\n<p style=\"text-align: justify;\">Es el caso de RS10 Lavander\u00eda Industrial. \u201cM\u00e1s all\u00e1 de reducir el volumen de trabajo, hemos instalado filtros en las m\u00e1quinas de lavar para reutilizar el agua dos veces antes de abocarla definitivamente\u201d, afirma Soler. Adem\u00e1s, explica que prev\u00e9n adoptar medidas a largo plazo: \u201cTenemos el objetivo de reducir el consumo actual entre un 40 y un 80% en funci\u00f3n del proyecto\u201d.<\/p>\n<p style=\"text-align: justify;\"><img loading=\"lazy\" class=\" wp-image-29762 alignright\" src=\"https:\/\/www.pimealdia.org\/wp-content\/uploads\/2024\/05\/Imatges-Pime-al-dia-300x203.png\" alt=\"\" width=\"327\" height=\"221\" srcset=\"https:\/\/www.pimealdia.org\/wp-content\/uploads\/2024\/05\/Imatges-Pime-al-dia-300x203.png 300w, https:\/\/www.pimealdia.org\/wp-content\/uploads\/2024\/05\/Imatges-Pime-al-dia-480x325.png 480w, https:\/\/www.pimealdia.org\/wp-content\/uploads\/2024\/05\/Imatges-Pime-al-dia.png 680w\" sizes=\"(max-width: 327px) 100vw, 327px\" \/>Tambi\u00e9n han planteado y puesto en marcha medidas adicionales al sector de la planta y la flor. \u201cEl sector contin\u00faa invirtiendo en nuevas medidas que permitan continuar mejorando el uso y la gesti\u00f3n del agua; y no solo invirtiendo en investigaci\u00f3n y desarrollo de sistemas m\u00e1s eficientes, sino tambi\u00e9n impulsando medidas que favorezcan aquellas empresas y particulares que inviertan en un uso eficiente de la agua\u201d, explica el director t\u00e9cnico de la Fundaci\u00f3n de la Jardiner\u00eda y el Paisaje.<\/p>\n<p style=\"text-align: justify;\">Hay que destacar, pero, que para la gran mayor\u00eda de empresas ir m\u00e1s all\u00e1 a la hora de implementar soluciones que los permitan reducir el consumo de agua no es f\u00e1cil, puesto que se requiere inversiones que no son r\u00e1pidas de hacer y, en ocasiones, no tienen la capacidad financiera para llevarlas a cabo.<\/p>\n<p style=\"text-align: justify;\"><strong>Hacer frente a la emergencia por sequ\u00eda: una responsabilidad compartida entre las empresas, la Administraci\u00f3n y la sociedad<\/strong><\/p>\n<p style=\"text-align: justify;\">Ante las dificultades que ponen de manifiesto las micro, peque\u00f1as y medianas empresas para implementar medidas de ahorro y aprovechamiento de agua, es imprescindible que la Administraci\u00f3n P\u00fablica ofrezca el apoyo necesario a las pymes que los permita garantizar la continuidad de su actividad.<\/p>\n<p style=\"text-align: justify;\">En este sentido, el gerente de RS10 Lavander\u00eda Industrial pide a la administraci\u00f3n que se garantice el acceso a las ayudas a todas las empresas que, por su actividad, sean grandes consumidoras de agua. \u201cEn nuestro caso, siempre quedamos excluidos en la hora de optar a ayudas de la Administraci\u00f3n, independientemente del origen de los fondos, puesto que la Clasificaci\u00f3n Nacional de Actividades Econ\u00f3micas (CNAE)\u00a0nos considera industria de servicio en lugar de industria manufacturera\u201d, denuncia Soler.<\/p>\n<p style=\"text-align: justify;\">Por otro lado, desde la Fundaci\u00f3n de la Jardiner\u00eda y el Paisaje insisten que \u201chace falta que se introduzcan enmiendas en el Decreto de Sequ\u00eda que permitan el uso de agua no potable en el \u00e1mbito privado, de forma que aquellas empresas y propietarios privados que dispongan de agua proveniente de sistemas de regeneraci\u00f3n la puedan usar. Esto supondr\u00eda reducir buena parte de la afectaci\u00f3n econ\u00f3mica sobre el sector\u201d.<\/p>\n<p style=\"text-align: justify;\">Sin duda, la situaci\u00f3n de emergencia por sequ\u00eda requiere la implicaci\u00f3n de todos y todas para poder reducir el consumo de agua. La Administraci\u00f3n P\u00fablica, las empresas y la sociedad en general tenemos que actuar conjuntamente y con corresponsabilidad para explorar todas las medidas y posibilidades que permitan hacer compatible el ahorro de agua y el normal desarrollo de la actividad econ\u00f3mica.<\/p>\n","protected":false},"excerpt":{"rendered":"<p>Catalu\u00f1a sufre actualmente una de las sequ\u00edas m\u00e1s graves de su historia, tanto por la duraci\u00f3n e intensidad como por el alcance en superficie. Lo refleja de forma significativa la actual reserva de agua de los embalses, que a finales de abril giraba en torno al 18,17%, mientras que hace un a\u00f1o se situaba alrededor del 25,22%. Paisajes que est\u00e1n cambiando, p\u00e9rdida de biodiversidad y restricciones en el consumo de agua son algunas de las consecuencias m\u00e1s evidentes que hasta ahora nos est\u00e1 dejando esta situaci\u00f3n de sequ\u00eda severa, pero que tambi\u00e9n est\u00e1 teniendo un fuerte impacto en la actividad<\/p>\n","protected":false},"author":184,"featured_media":29758,"comment_status":"open","ping_status":"closed","sticky":false,"template":"","format":"standard","meta":[],"categories":[342],"tags":[],"_links":{"self":[{"href":"https:\/\/www.pimealdia.org\/es\/wp-json\/wp\/v2\/posts\/29770"}],"collection":[{"href":"https:\/\/www.pimealdia.org\/es\/wp-json\/wp\/v2\/posts"}],"about":[{"href":"https:\/\/www.pimealdia.org\/es\/wp-json\/wp\/v2\/types\/post"}],"author":[{"embeddable":true,"href":"https:\/\/www.pimealdia.org\/es\/wp-json\/wp\/v2\/users\/184"}],"replies":[{"embeddable":true,"href":"https:\/\/www.pimealdia.org\/es\/wp-json\/wp\/v2\/comments?post=29770"}],"version-history":[{"count":3,"href":"https:\/\/www.pimealdia.org\/es\/wp-json\/wp\/v2\/posts\/29770\/revisions"}],"predecessor-version":[{"id":29773,"href":"https:\/\/www.pimealdia.org\/es\/wp-json\/wp\/v2\/posts\/29770\/revisions\/29773"}],"wp:featuredmedia":[{"embeddable":true,"href":"https:\/\/www.pimealdia.org\/es\/wp-json\/wp\/v2\/media\/29758"}],"wp:attachment":[{"href":"https:\/\/www.pimealdia.org\/es\/wp-json\/wp\/v2\/media?parent=29770"}],"wp:term":[{"taxonomy":"category","embeddable":true,"href":"https:\/\/www.pimealdia.org\/es\/wp-json\/wp\/v2\/categories?post=29770"},{"taxonomy":"post_tag","embeddable":true,"href":"https:\/\/www.pimealdia.org\/es\/wp-json\/wp\/v2\/tags?post=29770"}],"curies":[{"name":"wp","href":"https:\/\/api.w.org\/{rel}","templated":true}]}}