{"id":29826,"date":"2024-05-27T13:17:43","date_gmt":"2024-05-27T11:17:43","guid":{"rendered":"https:\/\/www.pimealdia.org\/?p=29826"},"modified":"2024-05-27T13:17:43","modified_gmt":"2024-05-27T11:17:43","slug":"pyme-y-nueva-ruralidad","status":"publish","type":"post","link":"https:\/\/www.pimealdia.org\/es\/pyme-y-nueva-ruralidad\/","title":{"rendered":"Pyme y nueva ruralidad"},"content":{"rendered":"<p style=\"text-align: justify;\">Desde la Fundaci\u00f3 PIMEC tenemos claro que los cambios reales en el \u00e1mbito de la econom\u00eda y la empresa se consiguen con hechos. En este sentido, me gustar\u00eda recordar el Pacto Rural y el Plan de Acci\u00f3n Rural de la UE que engloba toda una serie de proyectos emblem\u00e1ticos tangibles y nuevas herramientas para garantizar que las \u00e1reas rurales europeas puedan continuar ejerciendo sus funciones esenciales, que principalmente son las de proporcionar alimentos, hogares, trabajos y servicios ecosist\u00e9micos. En concreto, la Comisi\u00f3n Europea ha establecido un marco de actuaci\u00f3n bajo una visi\u00f3n a largo plazo hasta el a\u00f1o 2040 para q<strong>ue las comunidades rurales sean m\u00e1s fuertes y resilientes, est\u00e9n m\u00e1s conectadas y, por consiguiente, se genere mayor prosperidad en ellas<\/strong>.<\/p>\n<p style=\"text-align: justify;\">La Fundaci\u00f3 PIMEC se adhiri\u00f3 al Pacto Rural de la UE en el 2022 por la importancia de impulsar la ruralidad y la nueva ruralidad, que act\u00faa tambi\u00e9n contrarrestando <strong>el bajo \u00edndice de feminidad de las \u00e1reas rurales<\/strong>, repercutiendo claramente en su din\u00e1mica demogr\u00e1fica.<\/p>\n<p style=\"text-align: justify;\">Otra realidad que ha activado nuestra fundaci\u00f3n, junto a PallarsActiu, S.A, Sociedad de Fomento del Pallars Juss\u00e0 y Sobir\u00e0 de Lleida, ha sido la creaci\u00f3n de la jornada <em>La Nueva Ruralidad,<\/em> que tiene por objetivo impulsar y trabajar en pro del <strong>emprendimiento femenino como eje vertebrador de la reactivaci\u00f3n econ\u00f3mica del entorno rural<\/strong>. Nuestros lemas inspiradores han sido \u201cLa Nueva Ruralidad: mujer, innovaci\u00f3n y tradici\u00f3n\u201d y \u201cTerritorios resilientes y mujer emprendedora\u201d.<\/p>\n<p style=\"text-align: justify;\">Desde mi punto de vista, se requiere de <strong>una revisi\u00f3n profunda del modelo rural y, entre otras cosas, esto pasa por tejer alianzas<\/strong> como la 1.\u00aa Alianza de entidades de mujeres rurales, que, desde la Fundaci\u00f3 PIMEC, hemos conseguido catalizar aglutinando diferentes asociaciones y sus presidentas. Forman parte de esta Alianza Teresa L\u00f3pez, presidenta de FADEMUR (Federaci\u00f3n de Asociaciones de Mujeres del Mundo Rural); Laia Rogel, presidenta de la Asociaci\u00f3n Profesional de Empresarias Ap! Lleida; In\u00e9s Quintana, presidenta de la XEP (Red de Emprendedoras Pallaresas); Sonia \u00c1ngela Mateo, presidenta de ADEE-BPW Asociaci\u00f3n de Empresarias y emprendedoras de Tarragona; Mar\u00eda Teixidor, presidenta de la Comisi\u00f3n de Mujer y Empresa de PIMEC; Bego\u00f1a G\u00f3mez, directora de la C\u00e1tedra Extraordinaria de Transformaci\u00f3n Social Competitiva (C\u00e1tedra TSC), que pertenece a la Universidad Complutense de Madrid; y Anna Mart\u00ed Abella, presidenta de ADR (Asociaci\u00f3n por el Desarrollo Rural). A t\u00edtulo de ejemplo de esta revisi\u00f3n profunda del modelo rural, me gustar\u00eda citar el caso pr\u00e1ctico de FADEMUR que propuso la idea de utilizar drones, bajo el concepto de agricultura de precisi\u00f3n, que permitan la captaci\u00f3n de informaci\u00f3n imprescindible para lograr un mayor rendimiento de los campos de cultivo.<\/p>\n<p style=\"text-align: justify;\">El objetivo capital es impulsar la nueva ruralidad y el emprendimiento femenino en el entorno rural, <strong>generando cooperaciones entre las diferentes asociaciones<\/strong>, y es por este motivo que desde la fundaci\u00f3n estamos trabajando a fondo el eje de actuaci\u00f3n Pyme y Nueva ruralidad que tendr\u00e1 un impacto social y medioambiental en el territorio.<\/p>\n<blockquote>\n<p style=\"text-align: center;\">Josep Gonz\u00e1lez, presidente de la Fundaci\u00f3 PIMEC<\/p>\n<\/blockquote>\n","protected":false},"excerpt":{"rendered":"<p>Desde la Fundaci\u00f3 PIMEC tenemos claro que los cambios reales en el \u00e1mbito de la econom\u00eda y la empresa se consiguen con hechos. En este sentido, me gustar\u00eda recordar el Pacto Rural y el Plan de Acci\u00f3n Rural de la UE que engloba toda una serie de proyectos emblem\u00e1ticos tangibles y nuevas herramientas para garantizar que las \u00e1reas rurales europeas puedan continuar ejerciendo sus funciones esenciales, que principalmente son las de proporcionar alimentos, hogares, trabajos y servicios ecosist\u00e9micos. En concreto, la Comisi\u00f3n Europea ha establecido un marco de actuaci\u00f3n bajo una visi\u00f3n a largo plazo hasta el a\u00f1o 2040 para<\/p>\n","protected":false},"author":126,"featured_media":29244,"comment_status":"open","ping_status":"closed","sticky":false,"template":"","format":"standard","meta":[],"categories":[770],"tags":[1139,1893,1085,1895,1894,1892,1064,1891,1078,1890],"_links":{"self":[{"href":"https:\/\/www.pimealdia.org\/es\/wp-json\/wp\/v2\/posts\/29826"}],"collection":[{"href":"https:\/\/www.pimealdia.org\/es\/wp-json\/wp\/v2\/posts"}],"about":[{"href":"https:\/\/www.pimealdia.org\/es\/wp-json\/wp\/v2\/types\/post"}],"author":[{"embeddable":true,"href":"https:\/\/www.pimealdia.org\/es\/wp-json\/wp\/v2\/users\/126"}],"replies":[{"embeddable":true,"href":"https:\/\/www.pimealdia.org\/es\/wp-json\/wp\/v2\/comments?post=29826"}],"version-history":[{"count":1,"href":"https:\/\/www.pimealdia.org\/es\/wp-json\/wp\/v2\/posts\/29826\/revisions"}],"predecessor-version":[{"id":29828,"href":"https:\/\/www.pimealdia.org\/es\/wp-json\/wp\/v2\/posts\/29826\/revisions\/29828"}],"wp:featuredmedia":[{"embeddable":true,"href":"https:\/\/www.pimealdia.org\/es\/wp-json\/wp\/v2\/media\/29244"}],"wp:attachment":[{"href":"https:\/\/www.pimealdia.org\/es\/wp-json\/wp\/v2\/media?parent=29826"}],"wp:term":[{"taxonomy":"category","embeddable":true,"href":"https:\/\/www.pimealdia.org\/es\/wp-json\/wp\/v2\/categories?post=29826"},{"taxonomy":"post_tag","embeddable":true,"href":"https:\/\/www.pimealdia.org\/es\/wp-json\/wp\/v2\/tags?post=29826"}],"curies":[{"name":"wp","href":"https:\/\/api.w.org\/{rel}","templated":true}]}}