{"id":29840,"date":"2024-05-29T11:17:28","date_gmt":"2024-05-29T09:17:28","guid":{"rendered":"https:\/\/www.pimealdia.org\/?p=29840"},"modified":"2024-05-29T11:17:28","modified_gmt":"2024-05-29T09:17:28","slug":"la-necesidad-de-transformacion-digital-es-independiente-de-la-medida-de-la-empresa-pero-si-depende-la-forma-en-la-que-se-plantea","status":"publish","type":"post","link":"https:\/\/www.pimealdia.org\/es\/la-necesidad-de-transformacion-digital-es-independiente-de-la-medida-de-la-empresa-pero-si-depende-la-forma-en-la-que-se-plantea\/","title":{"rendered":"La necesidad de transformaci\u00f3n digital es independiente de la medida de la empresa, pero s\u00ed depende la forma en la que se plantea"},"content":{"rendered":"<blockquote>\n<p style=\"text-align: justify;\">A menudo escuchamos hablar de la transformaci\u00f3n digital y quiz\u00e1s nos planteamos c\u00f3mo aplicar este concepto en las pymes. Porque, en primer lugar, \u00bfqu\u00e9 quiere decir transformaci\u00f3n digital? Hoy en d\u00eda todo el mundo habla de ello, tanto y de formas tan variadas, que no es f\u00e1cil entender qu\u00e9 quiere dir.<\/p>\n<p>Con este escrito queremos iniciar una serie de explicaciones alrededor de este concepto, por un lado para clarificarlo y, por otro, para informaros sobre uno de los proyectos estrat\u00e9gicos de apoyo a las pymes que est\u00e1 desarrollando PIMEC, con el apoyo de la UPC y en el marco del programa de Doctorados Industriales de la Generalitat de Catalu\u00f1a.<\/p>\n<p>As\u00ed pues, empezamos por intentar definir qu\u00e9 es la transformaci\u00f3n digital. Entre otras posibles definiciones, hemos escogido la siguiente: \u201cLa transformaci\u00f3n digital es un proceso evolutivo que aprovecha las capacidades y tecnolog\u00edas digitales para permitir que los modelos de negocio, los procesos operativos y las experiencias de los clientes creen valor\u201d.<\/p>\n<p>Reley\u00e9ndola, lo primero que llama la atenci\u00f3n de la definici\u00f3n es c\u00f3mo la transformaci\u00f3n digital no es tecnolog\u00eda en primer lugar, sino que se basa en las capacidades y tecnolog\u00edas digitales para aportar valor a los clientes, como toda empresa quiere. Adem\u00e1s, la definici\u00f3n nos dice que usa la tecnolog\u00eda como medio para modelar y mejorar el propio negocio: estamos hablando de estrategia, cosa que nos puede sonar un poco alejado de nuestro d\u00eda a d\u00eda y para lo que agradecer\u00edamos tener una gu\u00eda, un m\u00e9todo, en vez de hacerlo m\u00e1s desordenado y arriesgado.<\/p>\n<p>Los empresarios y empresarias a menudo se encuentran ante el hecho de que las urgencias relacionadas con su actividad empresarial pasan por delante de las prioridades de la empresa, y tambi\u00e9n est\u00e1n supeditados a limitaciones en el presupuesto, recursos, tiempos tanto para la gesti\u00f3n y planificaci\u00f3n como para adquirir y trabajar nuevas capacidades\u2026 Por si no hubiera bastante, tambi\u00e9n ven como la gran empresa no solo dispone de m\u00e1s recursos, sino que \u2013adem\u00e1s\u2013 a su alrededor se hacen m\u00e1s estudios y se proponen m\u00e1s m\u00e9todos y sistem\u00e1ticas que las ayuden.<\/p>\n<p>La necesidad de transformaci\u00f3n digital es independiente de la medida de la empresa, pero la forma como plantearla s\u00ed que depende. Los m\u00e9todos y sistem\u00e1ticas pensados para las grandes empresas no sirven para las pymes, pero s\u00ed que pueden servir de base para el dise\u00f1o de m\u00e9todos adecuados a cada realidad.<\/p>\n<p>En este sentido, PIMEC y la UPC estamos trabajando para ayudar a las pymes catalanas a planificar y llevar a cabo met\u00f3dicamente su transformaci\u00f3n digital. Partiendo de trabajos hechos en la universidad y otras instituciones acad\u00e9micas, pensados m\u00e1s para la gran empresa, estamos dise\u00f1ando un nuevo m\u00e9todo adaptado a las empresas de menor dimensi\u00f3n que podremos aplicar de forma sistem\u00e1tica.<\/p>\n<p>En base al concepto de madurez digital, proponemos un m\u00e9todo que nos permita sistematizar al m\u00e1ximo c\u00f3mo determinar anal\u00edticamente d\u00f3nde estamos y hacia d\u00f3nde queremos ir en la transformaci\u00f3n digital de las pymes, con mecanismos metodol\u00f3gicos simplificadores para apoyar a cada empresa, seg\u00fan sus caracter\u00edsticas y necesidades, de una manera f\u00e1cil al mismo tiempo que s\u00f3lida y rigurosa, minimizando los riesgos que puedan surgir.<\/p>\n<p><strong>\u00d2scar\u00a0Be\u00e0\u00a0\u2013 Asesor en Transformaci\u00f3n digital. Doctorando a\u00a0PIMEC\u00a0por la UPC<\/strong><\/p><\/blockquote>\n","protected":false},"excerpt":{"rendered":"<p>A menudo escuchamos hablar de la transformaci\u00f3n digital y quiz\u00e1s nos planteamos c\u00f3mo aplicar este concepto en las pymes. Porque, en primer lugar, \u00bfqu\u00e9 quiere decir transformaci\u00f3n digital? Hoy en d\u00eda todo el mundo habla de ello, tanto y de formas tan variadas, que no es f\u00e1cil entender qu\u00e9 quiere dir. Con este escrito queremos iniciar una serie de explicaciones alrededor de este concepto, por un lado para clarificarlo y, por otro, para informaros sobre uno de los proyectos estrat\u00e9gicos de apoyo a las pymes que est\u00e1 desarrollando PIMEC, con el apoyo de la UPC y en el marco del<\/p>\n","protected":false},"author":211,"featured_media":29832,"comment_status":"open","ping_status":"closed","sticky":false,"template":"","format":"standard","meta":[],"categories":[332],"tags":[1139,1324,1085,1279,764,1899,746,1078,394,663,1900],"_links":{"self":[{"href":"https:\/\/www.pimealdia.org\/es\/wp-json\/wp\/v2\/posts\/29840"}],"collection":[{"href":"https:\/\/www.pimealdia.org\/es\/wp-json\/wp\/v2\/posts"}],"about":[{"href":"https:\/\/www.pimealdia.org\/es\/wp-json\/wp\/v2\/types\/post"}],"author":[{"embeddable":true,"href":"https:\/\/www.pimealdia.org\/es\/wp-json\/wp\/v2\/users\/211"}],"replies":[{"embeddable":true,"href":"https:\/\/www.pimealdia.org\/es\/wp-json\/wp\/v2\/comments?post=29840"}],"version-history":[{"count":1,"href":"https:\/\/www.pimealdia.org\/es\/wp-json\/wp\/v2\/posts\/29840\/revisions"}],"predecessor-version":[{"id":29842,"href":"https:\/\/www.pimealdia.org\/es\/wp-json\/wp\/v2\/posts\/29840\/revisions\/29842"}],"wp:featuredmedia":[{"embeddable":true,"href":"https:\/\/www.pimealdia.org\/es\/wp-json\/wp\/v2\/media\/29832"}],"wp:attachment":[{"href":"https:\/\/www.pimealdia.org\/es\/wp-json\/wp\/v2\/media?parent=29840"}],"wp:term":[{"taxonomy":"category","embeddable":true,"href":"https:\/\/www.pimealdia.org\/es\/wp-json\/wp\/v2\/categories?post=29840"},{"taxonomy":"post_tag","embeddable":true,"href":"https:\/\/www.pimealdia.org\/es\/wp-json\/wp\/v2\/tags?post=29840"}],"curies":[{"name":"wp","href":"https:\/\/api.w.org\/{rel}","templated":true}]}}