{"id":29890,"date":"2024-06-07T09:19:21","date_gmt":"2024-06-07T07:19:21","guid":{"rendered":"https:\/\/www.pimealdia.org\/?p=29890"},"modified":"2024-06-07T09:19:21","modified_gmt":"2024-06-07T07:19:21","slug":"por-que-yo-que-soy-una-pyme-tengo-que-calcular-mi-huella-de-carbono","status":"publish","type":"post","link":"https:\/\/www.pimealdia.org\/es\/por-que-yo-que-soy-una-pyme-tengo-que-calcular-mi-huella-de-carbono\/","title":{"rendered":"\u00bfPor qu\u00e9 yo, que soy una pyme, tengo que calcular mi huella de carbono?"},"content":{"rendered":"<p style=\"text-align: justify;\">El pasado d\u00eda 5 de junio era el D\u00eda Mundial del Medio Ambiente. El mismo d\u00eda, la ONU hac\u00eda p\u00fablico un informe cient\u00edfico que indica que hay m\u00e1s del 80% de las probabilidades de que la Tierra se caliente 1,5 grados m\u00e1s en 5 a\u00f1os. Este es el l\u00edmite que establec\u00eda el Acuerdo de Par\u00eds y parece que vayamos abocados a superarlo.<\/p>\n<p>Aquel d\u00eda\u00a0PIMEC\u00a0hizo p\u00fablica la <a href=\"https:\/\/calculadoraco2pimec.org\/\" target=\"_blank\" rel=\"noopener\"><strong>Calculadora de Huella de Carbono de\u00a0PIMEC<\/strong><\/a>, una herramienta pensada sobre todo para facilitar que microempresas y personas aut\u00f3nomas calculen qu\u00e9 huella de carbono dejan en sus tareas cotidianas.<\/p>\n<p>Si se hace el ejercicio, incluso a nivel dom\u00e9stico, es sorprendente ver la cantidad de CO2eq que tiramos a la atm\u00f3sfera en los desplazamientos en coche que hacemos habitualmente, o cuando viajamos en avi\u00f3n, o cuando enviamos las mercanc\u00edas a nuestros clientes por carretera o por mar. Por ejemplo, un trayecto de ida y vuelta entre Barcelona y Madrid en coche de gasolina genera m\u00e1s de 240 KgCO2eq.<\/p>\n<p>Est\u00e1 claro que las microempresas, las personas aut\u00f3nomas y las peque\u00f1as empresas, generan bastante menos emisiones que las empresas medias o grandes. Sin embargo, personas aut\u00f3nomas, microempresas y peque\u00f1as son casi el 90%. Y la suma de todo lo\u00a0CO2eq. que se genera es significativa.<\/p>\n<p>Las emisiones de\u00a0CO2eq. se clasifican en dos categor\u00edas, las directas (que son las que dependen directamente de nuestra gesti\u00f3n), por ej. las emisiones de los veh\u00edculos propiedad de la empresa, y las indirectas (las que generamos de manera indirecta), por ej. las emisiones de la generaci\u00f3n de energ\u00eda de nuestra compa\u00f1\u00eda comercializadora de electricidad, o las emisiones del transporte mar\u00edtimo que contratamos para enviar nuestros productos a un cliente.<\/p>\n<p>T\u00e9cnicamente, se habla del alcance 1, 2 y 3, en funci\u00f3n de aquello en que podemos incidir m\u00e1s por nosotros mismos o aquello que depende de terceros, pero en lo que estamos implicados.<\/p>\n<ul>\n<li style=\"text-align: justify;\">Un ejemplo del alcance 1 ser\u00edan las emisiones de los veh\u00edculos propios de la empresa.<\/li>\n<li style=\"text-align: justify;\">Un ejemplo del alcance 2 ser\u00edan las emisiones por el consumo de electricidad.<\/li>\n<li style=\"text-align: justify;\">Un ejemplo del alcance 3 ser\u00edan las emisiones del transporte externo por compra a proveedores o distribuci\u00f3n a clientes.<\/li>\n<\/ul>\n<p style=\"text-align: justify;\"><strong>\u00bfPor qu\u00e9 yo, que soy una pyme, tengo que calcular mi huella de carbono?<\/strong><\/p>\n<p>En primer lugar, aconsejamos hacerlo para ser conscientes de la cantidad de emisiones que generamos en nuestro d\u00eda a d\u00eda.<\/p>\n<p>Adem\u00e1s de hacer este ejercicio de conocimiento y sensibilizaci\u00f3n, empresarialmente nos servir\u00e1 para:<\/p>\n<ul>\n<li style=\"text-align: justify;\">Hacer acciones de reducci\u00f3n.<\/li>\n<li style=\"text-align: justify;\">Dar respuesta a nuestra cadena de valor. Las grandes empresas s\u00ed que est\u00e1n obligadas a calcular su huella y a medio plazo ir\u00e1n introduciendo este criterio en su cadena de valor.<\/li>\n<li style=\"text-align: justify;\">El acceso a financiaci\u00f3n cada vez priorizar\u00e1 m\u00e1s conceder cr\u00e9dito a los proyectos que tengan una capa de sostenibilidad. Este punto deriva de la Taxonom\u00eda Financiera establecida en la European Green Deal de la UE.<\/li>\n<li style=\"text-align: justify;\">Los pliegos de condiciones de las licitaciones p\u00fablicas valorar\u00e1n mejor las candidaturas que hagan el c\u00e1lculo de la huella de carbono (en algunas licitaciones ya es incluso un requisito).<\/li>\n<li style=\"text-align: justify;\">Es un ejercicio de transparencia de la empresa hacia sus grupos de inter\u00e9s y un aspecto socialmente m\u00e1s valorado cada vez.<\/li>\n<li style=\"text-align: justify;\">Nos permitir\u00e1 mejorar la imagen corporativa.<\/li>\n<\/ul>\n<p>PIMEC\u00a0os lo pone f\u00e1cil. Utilizando la Calculadora de Huella de Carbono de\u00a0PIMEC\u00a0podr\u00e9is de una manera f\u00e1cil e intuitiva calcular vuestra huella.<br \/>\nObtendr\u00e9is un informe d\u00f3nde, aparte de indicaros qu\u00e9 emisiones gener\u00e1is y en qu\u00e9 categor\u00edas, hay una serie de consejos sobre cosas se pueden hacer para reducir las emisiones. Podr\u00e9is ver vuestra evoluci\u00f3n anual, empezando por el 2023. Animaos y calcul\u00e1is vuestra huella de carbono!<\/p>\n","protected":false},"excerpt":{"rendered":"<p>El pasado d\u00eda 5 de junio era el D\u00eda Mundial del Medio Ambiente. El mismo d\u00eda, la ONU hac\u00eda p\u00fablico un informe cient\u00edfico que indica que hay m\u00e1s del 80% de las probabilidades de que la Tierra se caliente 1,5 grados m\u00e1s en 5 a\u00f1os. Este es el l\u00edmite que establec\u00eda el Acuerdo de Par\u00eds y parece que vayamos abocados a superarlo. Aquel d\u00eda\u00a0PIMEC\u00a0hizo p\u00fablica la Calculadora de Huella de Carbono de\u00a0PIMEC, una herramienta pensada sobre todo para facilitar que microempresas y personas aut\u00f3nomas calculen qu\u00e9 huella de carbono dejan en sus tareas cotidianas. Si se hace el ejercicio, incluso<\/p>\n","protected":false},"author":14,"featured_media":29888,"comment_status":"open","ping_status":"closed","sticky":false,"template":"","format":"standard","meta":[],"categories":[772],"tags":[1940,1139,1191,1085,1852,372,1064,746,1078,1179,1453],"_links":{"self":[{"href":"https:\/\/www.pimealdia.org\/es\/wp-json\/wp\/v2\/posts\/29890"}],"collection":[{"href":"https:\/\/www.pimealdia.org\/es\/wp-json\/wp\/v2\/posts"}],"about":[{"href":"https:\/\/www.pimealdia.org\/es\/wp-json\/wp\/v2\/types\/post"}],"author":[{"embeddable":true,"href":"https:\/\/www.pimealdia.org\/es\/wp-json\/wp\/v2\/users\/14"}],"replies":[{"embeddable":true,"href":"https:\/\/www.pimealdia.org\/es\/wp-json\/wp\/v2\/comments?post=29890"}],"version-history":[{"count":1,"href":"https:\/\/www.pimealdia.org\/es\/wp-json\/wp\/v2\/posts\/29890\/revisions"}],"predecessor-version":[{"id":29893,"href":"https:\/\/www.pimealdia.org\/es\/wp-json\/wp\/v2\/posts\/29890\/revisions\/29893"}],"wp:featuredmedia":[{"embeddable":true,"href":"https:\/\/www.pimealdia.org\/es\/wp-json\/wp\/v2\/media\/29888"}],"wp:attachment":[{"href":"https:\/\/www.pimealdia.org\/es\/wp-json\/wp\/v2\/media?parent=29890"}],"wp:term":[{"taxonomy":"category","embeddable":true,"href":"https:\/\/www.pimealdia.org\/es\/wp-json\/wp\/v2\/categories?post=29890"},{"taxonomy":"post_tag","embeddable":true,"href":"https:\/\/www.pimealdia.org\/es\/wp-json\/wp\/v2\/tags?post=29890"}],"curies":[{"name":"wp","href":"https:\/\/api.w.org\/{rel}","templated":true}]}}