{"id":29954,"date":"2024-06-27T10:37:43","date_gmt":"2024-06-27T08:37:43","guid":{"rendered":"https:\/\/www.pimealdia.org\/?p=29954"},"modified":"2024-06-27T10:37:43","modified_gmt":"2024-06-27T08:37:43","slug":"hitos-y-retos-de-las-pymes-europeas","status":"publish","type":"post","link":"https:\/\/www.pimealdia.org\/es\/hitos-y-retos-de-las-pymes-europeas\/","title":{"rendered":"Hitos y retos de las pymes europeas"},"content":{"rendered":"<p style=\"text-align: justify;\">Hoy es el D\u00eda Nacional de la Empresa en Catalu\u00f1a y, tambi\u00e9n, el D\u00eda de las Pymes de las Naciones Unidas y quiero aprovechar la ocasi\u00f3n para recordar el peso que tienen las empresas de menor dimensi\u00f3n no solo a nuestro pa\u00eds, sino tambi\u00e9n en nuestro continente y en todo el mundo.<\/p>\n<p>En Europa hay 24,3 millones de pymes, de las que el 93,5% son microempresas. Estas generan 2\/3 del total de la ocupaci\u00f3n en la Uni\u00f3n Europea. Y \u00bfsab\u00e9is qu\u00e9? <strong>A pesar de ser el motor de la econom\u00eda todav\u00eda se tienen que resolver cuestiones fundamentales para su competitividad<\/strong>. Por ejemplo, el 34% de las pymes declara que su principal dolor de cabeza son las trabas administrativas. Y es que hace falta aligerar el volumen de burocracia a la que est\u00e1n sometidas a la hora de hacer gestiones propias de su actividad empresarial y econ\u00f3mica.<\/p>\n<p>Pero, como hoy es un d\u00eda de celebraci\u00f3n, quiero centrarme sobre todo en las cosas positivas, que son muchas. Estamos muy orgullosos de los hitos conseguidos en la <strong>representaci\u00f3n de las pymes en Europa<\/strong> y ahora har\u00e9 un poco de contexto.<\/p>\n<p>Desde 1998 SME United participa en el di\u00e1logo social europeo y firma acuerdos aut\u00f3nomos sobre determinadas tem\u00e1ticas en el \u00e1mbito laboral, junto con Business Europe (organizaci\u00f3n europea que representa a las grandes empresas), SGI Europe (empresas del sector p\u00fablico) y el sindicato europeo ETUC. Estos acuerdos tienen que ser aplicados por parte de los agentes sociales de cada pa\u00eds miembro.<\/p>\n<p>En PIMEC formamos parte de esta gran familia de pymes que es SME United, que representa a 22,5 millones de mipymes de 30 pa\u00edses de Europa y que ocupa a casi 82,4 millones de personas.<\/p>\n<p>Esta gran red de patronales y la participaci\u00f3n en el di\u00e1logo social europeo son la fortaleza de SME United y permite la negociaci\u00f3n con los altos representantes de las instituciones europeas.<\/p>\n<p>Dentro de la labor de activismo empresarial que llevamos a cabo, hemos conseguido que el principio de \u201c<strong>pensar primero en los m\u00e1s peque\u00f1os<\/strong>\u201d se instale en Europa desde el momento en el que lo presentamos en el Small Business Act en 2008, siendo reconocido por los jefes de Estado y de Gobierno en las conclusiones del Consejo Europeo del pasado mes de abril.<\/p>\n<p>En este sentido, seguiremos velando para que las instituciones europeas cumplan con este compromiso pol\u00edtico y para incrementar la representatividad de todas las patronales de pymes, en especial las procedentes de Europa central y oriental y que integraron la Uni\u00f3n Europea en 2004, as\u00ed como de las que se integrar\u00e1n en los pr\u00f3ximos a\u00f1os.<\/p>\n<p>De estas cuestiones depender\u00e1n hechos como <strong>el apoyo t\u00e9cnico y financiero<\/strong>, en la l\u00ednea con lo que Enrico Letta comenta en su informe sobre el mercado \u00fanico europeo.<\/p>\n<p><strong>Las pymes tienen que poder tener los medios para poder defender sus intereses y participar de manera efectiva en los procesos de consulta<\/strong>, tanto antes de la publicaci\u00f3n de una ley, como durante el procedimiento legislativo y al mismo nivel que lo hacen las patronales de las grandes empresas, los sindicatos o las ONGs.<\/p>\n<p>Continuar los esfuerzos para consolidar la representatividad es indispensable para que las pymes cuenten con las <strong>condiciones favorables para desarrollar su proyecto empresarial de acuerdo con su importancia a la hora de crear riqueza y empleo, as\u00ed como de garantizar la cohesi\u00f3n y el progreso social.<\/strong><\/p>\n<p>Por eso, desde PIMEC continuaremos haciendo aportaciones a Europa tanto en el \u00e1mbito t\u00e9cnico como en el pol\u00edtico desde la vicepresidencia de SME United, entidad que en 2025 celebrar\u00e1 su 45.\u00ba aniversario haciendo un repaso de su historia y explicando su visi\u00f3n de futuro.<\/p>\n","protected":false},"excerpt":{"rendered":"<p>Hoy es el D\u00eda Nacional de la Empresa en Catalu\u00f1a y, tambi\u00e9n, el D\u00eda de las Pymes de las Naciones Unidas y quiero aprovechar la ocasi\u00f3n para recordar el peso que tienen las empresas de menor dimensi\u00f3n no solo a nuestro pa\u00eds, sino tambi\u00e9n en nuestro continente y en todo el mundo. En Europa hay 24,3 millones de pymes, de las que el 93,5% son microempresas. Estas generan 2\/3 del total de la ocupaci\u00f3n en la Uni\u00f3n Europea. Y \u00bfsab\u00e9is qu\u00e9? A pesar de ser el motor de la econom\u00eda todav\u00eda se tienen que resolver cuestiones fundamentales para su competitividad.<\/p>\n","protected":false},"author":76,"featured_media":29018,"comment_status":"open","ping_status":"closed","sticky":false,"template":"","format":"standard","meta":[],"categories":[770],"tags":[1139,1085,1456,746,1078,1453,1445],"_links":{"self":[{"href":"https:\/\/www.pimealdia.org\/es\/wp-json\/wp\/v2\/posts\/29954"}],"collection":[{"href":"https:\/\/www.pimealdia.org\/es\/wp-json\/wp\/v2\/posts"}],"about":[{"href":"https:\/\/www.pimealdia.org\/es\/wp-json\/wp\/v2\/types\/post"}],"author":[{"embeddable":true,"href":"https:\/\/www.pimealdia.org\/es\/wp-json\/wp\/v2\/users\/76"}],"replies":[{"embeddable":true,"href":"https:\/\/www.pimealdia.org\/es\/wp-json\/wp\/v2\/comments?post=29954"}],"version-history":[{"count":1,"href":"https:\/\/www.pimealdia.org\/es\/wp-json\/wp\/v2\/posts\/29954\/revisions"}],"predecessor-version":[{"id":29957,"href":"https:\/\/www.pimealdia.org\/es\/wp-json\/wp\/v2\/posts\/29954\/revisions\/29957"}],"wp:featuredmedia":[{"embeddable":true,"href":"https:\/\/www.pimealdia.org\/es\/wp-json\/wp\/v2\/media\/29018"}],"wp:attachment":[{"href":"https:\/\/www.pimealdia.org\/es\/wp-json\/wp\/v2\/media?parent=29954"}],"wp:term":[{"taxonomy":"category","embeddable":true,"href":"https:\/\/www.pimealdia.org\/es\/wp-json\/wp\/v2\/categories?post=29954"},{"taxonomy":"post_tag","embeddable":true,"href":"https:\/\/www.pimealdia.org\/es\/wp-json\/wp\/v2\/tags?post=29954"}],"curies":[{"name":"wp","href":"https:\/\/api.w.org\/{rel}","templated":true}]}}