{"id":30001,"date":"2024-07-05T10:50:05","date_gmt":"2024-07-05T08:50:05","guid":{"rendered":"https:\/\/www.pimealdia.org\/?p=30001"},"modified":"2024-07-05T10:50:05","modified_gmt":"2024-07-05T08:50:05","slug":"las-rebajas-de-verano-la-oportunidad-que-no-podemos-dejar-escapar","status":"publish","type":"post","link":"https:\/\/www.pimealdia.org\/es\/las-rebajas-de-verano-la-oportunidad-que-no-podemos-dejar-escapar\/","title":{"rendered":"Las rebajas de verano, la oportunidad que no podemos dejar escapar"},"content":{"rendered":"<p style=\"text-align: justify;\">Llega el calor, los ni\u00f1os est\u00e1n de vacaciones y los d\u00edas cada vez tienen m\u00e1s horas de sol. Esto significa una cosa: han llegado las tradicionales rebajas de verano. Antes la fecha de inicio estaba muy clara, puesto que la ley marcaba que el periodo de ofertas estivales empezaba el 1 de julio, pero ahora hay cierta libertad. De hecho, este a\u00f1o, los establecimientos de grandes cadenas y las plataformas llevan desde mitades de junio ofreciendo algunas ofertas y descuentos.<\/p>\n<p>Lo que est\u00e1 claro es que los establecimientos de proximidad y los comercios locales contin\u00faan confiando en las rebajas de verano, a\u00f1o tras a\u00f1o, con la misma fuerza y empuj\u00f3n que siempre. Estos meses veremos toda clase de reclamos en productos de estacionalidad que la gente espera durante meses para adquirir a mejor precio.<\/p>\n<p>Son un gran atractivo para los consumidores. No tenemos que olvidar que el incremento generalizado de los precios de los \u00faltimos tiempos ha dotado de m\u00e1s racionalidad a la ciudadan\u00eda, que pospone sus compras para este periodo de descuentos. Las rebajas de verano tambi\u00e9n sirven para liquidar el stock que hay en los almacenes y dar a conocer otros productos nuevos, el avance de temporada, aprovechando el flujo de personas que pasean por las tiendas.<\/p>\n<p>Las grandes superficies y las plataformas en l\u00ednea se llenan de descuentos masivos, con n\u00fameros y colores muy vistosos que pueden acaparar nuestras miradas f\u00e1cilmente. Los establecimientos locales no hacen estas grandes ofertas, porque tienen la capacidad de deslumbrarnos con todo aquello que les hace especiales y esenciales. La proximidad, el trato personalizado, la contribuci\u00f3n a la econom\u00eda local, la sostenibilidad, la confianza, el compromiso y la resiliencia. Todo esto, y mucho m\u00e1s, define nuestro comercio y lo posiciona como un factor de cohesi\u00f3n social muy importante para nuestros barrios, pueblos y ciudades. La diferenciaci\u00f3n es lo que caracteriza a los establecimientos de proximidad durante estas semanas que duran las rebajas porque conocen su entorno y son los que ofrecen productos adaptados a las especificidades de la sociedad que les rodea.<\/p>\n<p>Esta nueva campa\u00f1a nos tiene que permitir volver a poner sobre la mesa todos los valores del comercio local y su contribuci\u00f3n a la sociedad y la econom\u00eda. Los consumidores tienen que ser exigentes y cr\u00edticos, conociendo en todo momento que hay anuncios de grandes cadenas y plataformas que al final demuestran ser enga\u00f1osos en los precios y descuentos. El comercio de proximidad huye de estas campa\u00f1as masivas y afronta las rebajas como siempre: ofreciendo productos y servicios a buen precio, de calidad y con los valores que lo caracteriza.<\/p>\n<p>Las rebajas de verano en el comercio local no son solo una ocasi\u00f3n para ahorrar dinero. Son una oportunidad para apoyar a la econom\u00eda local, disfrutar de una experiencia de compra m\u00e1s humana y personalizada, contribuir a la sostenibilidad y fortalecer los lazos comunitarios. As\u00ed que este verano, cuando veas los carteles de rebajas en la tienda de la esquina, recuerda que cada compra es una inversi\u00f3n en el futuro de tu comunidad.<\/p>\n<p style=\"text-align: center;\"><strong>Antoni Torres \u2013\u00a0President\u00a0de\u00a0PIMEC\u00a0Comercio<\/strong><\/p>\n","protected":false},"excerpt":{"rendered":"<p>Llega el calor, los ni\u00f1os est\u00e1n de vacaciones y los d\u00edas cada vez tienen m\u00e1s horas de sol. Esto significa una cosa: han llegado las tradicionales rebajas de verano. Antes la fecha de inicio estaba muy clara, puesto que la ley marcaba que el periodo de ofertas estivales empezaba el 1 de julio, pero ahora hay cierta libertad. De hecho, este a\u00f1o, los establecimientos de grandes cadenas y las plataformas llevan desde mitades de junio ofreciendo algunas ofertas y descuentos. Lo que est\u00e1 claro es que los establecimientos de proximidad y los comercios locales contin\u00faan confiando en las rebajas de<\/p>\n","protected":false},"author":191,"featured_media":29994,"comment_status":"open","ping_status":"closed","sticky":false,"template":"","format":"standard","meta":[],"categories":[770],"tags":[1139,1365,2017,1085,2016,746,2018,1078,2014,2015,1107],"_links":{"self":[{"href":"https:\/\/www.pimealdia.org\/es\/wp-json\/wp\/v2\/posts\/30001"}],"collection":[{"href":"https:\/\/www.pimealdia.org\/es\/wp-json\/wp\/v2\/posts"}],"about":[{"href":"https:\/\/www.pimealdia.org\/es\/wp-json\/wp\/v2\/types\/post"}],"author":[{"embeddable":true,"href":"https:\/\/www.pimealdia.org\/es\/wp-json\/wp\/v2\/users\/191"}],"replies":[{"embeddable":true,"href":"https:\/\/www.pimealdia.org\/es\/wp-json\/wp\/v2\/comments?post=30001"}],"version-history":[{"count":1,"href":"https:\/\/www.pimealdia.org\/es\/wp-json\/wp\/v2\/posts\/30001\/revisions"}],"predecessor-version":[{"id":30003,"href":"https:\/\/www.pimealdia.org\/es\/wp-json\/wp\/v2\/posts\/30001\/revisions\/30003"}],"wp:featuredmedia":[{"embeddable":true,"href":"https:\/\/www.pimealdia.org\/es\/wp-json\/wp\/v2\/media\/29994"}],"wp:attachment":[{"href":"https:\/\/www.pimealdia.org\/es\/wp-json\/wp\/v2\/media?parent=30001"}],"wp:term":[{"taxonomy":"category","embeddable":true,"href":"https:\/\/www.pimealdia.org\/es\/wp-json\/wp\/v2\/categories?post=30001"},{"taxonomy":"post_tag","embeddable":true,"href":"https:\/\/www.pimealdia.org\/es\/wp-json\/wp\/v2\/tags?post=30001"}],"curies":[{"name":"wp","href":"https:\/\/api.w.org\/{rel}","templated":true}]}}