{"id":30039,"date":"2024-07-17T09:18:21","date_gmt":"2024-07-17T07:18:21","guid":{"rendered":"https:\/\/www.pimealdia.org\/?p=30039"},"modified":"2024-07-17T09:18:21","modified_gmt":"2024-07-17T07:18:21","slug":"productividad-problemas-y-soluciones","status":"publish","type":"post","link":"https:\/\/www.pimealdia.org\/es\/productividad-problemas-y-soluciones\/","title":{"rendered":"Productividad: problemas y soluciones"},"content":{"rendered":"<p style=\"text-align: justify;\">Des de hace unos a\u00f1os, la productividad est\u00e1 disminuyendo (-7,3% de 2000 a 2022 en Espa\u00f1a, seg\u00fan el IVIE), mientras que aumenta en pa\u00edses de nuestro entorno. Es un hecho que impacta negativamente en la competitividad y la generaci\u00f3n de bienestar.<\/p>\n<p style=\"text-align: justify;\">Entre las causas del problema, que es m\u00e1s grave en el caso de las pymes, podemos destacar:<\/p>\n<p style=\"text-align: justify;\"><strong>Baja inversi\u00f3n en I+D e innovaci\u00f3n<\/strong>: En el caso de la I+D, el porcentaje sobre el PIB en Catalu\u00f1a es del 1,13%, mientras que en la UE es del 1,48%. En Espa\u00f1a todav\u00eda es m\u00e1s bajo (0,81%), seg\u00fan datos de 2022 de la C\u00e1mara de Comercio.<\/p>\n<p style=\"text-align: justify;\"><strong>Empleo de bajo valor a\u00f1adido<\/strong>: Una gran parte de la ocupaci\u00f3n est\u00e1 en sectores de bajo valor a\u00f1adido.<\/p>\n<p style=\"text-align: justify;\"><strong>Desajuste entre la oferta y la demanda de formaci\u00f3n<\/strong>: Hay un desajuste significativo entre las competencias que ofrece el sistema educativo y las necesidades del mercado laboral. Esto comporta que muchas empresas no encuentren los trabajadores que necesitan.<\/p>\n<p style=\"text-align: justify;\"><strong>Emigraci\u00f3n de juventud formada<\/strong>: La fuga de talento j\u00f3ven y altamente calificado hacia otros pa\u00edses con mejores oportunidades laborales tambi\u00e9n afecta negativamente a la productividad.<\/p>\n<p style=\"text-align: justify;\"><strong>Absentismo laboral<\/strong>: Ha aumentado significativamente a partir de la pandemia y no se recupera, mientras que la mayor\u00eda de los pa\u00edses europeos ya han recuperado los niveles de absentismo anteriores a 2020.<\/p>\n<p style=\"text-align: justify;\">Para revertir la p\u00e9rdida de productividad, es esencial incrementar la inversi\u00f3n en I+D e innovaci\u00f3n, fomentando la colaboraci\u00f3n entre centros de investigaci\u00f3n y empresas.<\/p>\n<p style=\"text-align: justify;\">Tambi\u00e9n urge diversificar la econom\u00eda hacia sectores de alto valor a\u00f1adido, como la industria, las tecnolog\u00edas de la informaci\u00f3n o la biotecnolog\u00eda, que generan m\u00e1s ingresos y ofrecen puestos de trabajo m\u00e1s cualificados.<\/p>\n<p style=\"text-align: justify;\">Adem\u00e1s, se deben ajustar los programas educativos a las necesidades reales del mercado laboral, asegurando que los j\u00f3venes adquieran las competencias demandadas, y desarrollar estrategias para retener y atraer talento, mejorando las condiciones laborales y ofreciendo mejores oportunidades de desarrollo profesional.<\/p>\n<p style=\"text-align: justify;\">Medidas como las propuestas son imprescindibles para transformar las fortalezas que tiene el tejido empresarial catal\u00e1n, integrado sobre todo por pymes, en ventajas competitivas que aseguren un futuro m\u00e1s pr\u00f3spero.<\/p>\n<p>&nbsp;<\/p>\n<blockquote>\n<p style=\"text-align: center;\"><strong>Oriol Amat, presidente del Observatorio de la Pyme de Catalu\u00f1a y catedr\u00e1tico de la UPF<\/strong><\/p>\n<\/blockquote>\n","protected":false},"excerpt":{"rendered":"<p>Des de hace unos a\u00f1os, la productividad est\u00e1 disminuyendo (-7,3% de 2000 a 2022 en Espa\u00f1a, seg\u00fan el IVIE), mientras que aumenta en pa\u00edses de nuestro entorno. Es un hecho que impacta negativamente en la competitividad y la generaci\u00f3n de bienestar. Entre las causas del problema, que es m\u00e1s grave en el caso de las pymes, podemos destacar: Baja inversi\u00f3n en I+D e innovaci\u00f3n: En el caso de la I+D, el porcentaje sobre el PIB en Catalu\u00f1a es del 1,13%, mientras que en la UE es del 1,48%. En Espa\u00f1a todav\u00eda es m\u00e1s bajo (0,81%), seg\u00fan datos de 2022 de<\/p>\n","protected":false},"author":217,"featured_media":30032,"comment_status":"open","ping_status":"closed","sticky":false,"template":"","format":"standard","meta":[],"categories":[330],"tags":[1139,713,1087,1085,477,764,2031,2032,746,2030,1078,766,2033],"_links":{"self":[{"href":"https:\/\/www.pimealdia.org\/es\/wp-json\/wp\/v2\/posts\/30039"}],"collection":[{"href":"https:\/\/www.pimealdia.org\/es\/wp-json\/wp\/v2\/posts"}],"about":[{"href":"https:\/\/www.pimealdia.org\/es\/wp-json\/wp\/v2\/types\/post"}],"author":[{"embeddable":true,"href":"https:\/\/www.pimealdia.org\/es\/wp-json\/wp\/v2\/users\/217"}],"replies":[{"embeddable":true,"href":"https:\/\/www.pimealdia.org\/es\/wp-json\/wp\/v2\/comments?post=30039"}],"version-history":[{"count":1,"href":"https:\/\/www.pimealdia.org\/es\/wp-json\/wp\/v2\/posts\/30039\/revisions"}],"predecessor-version":[{"id":30041,"href":"https:\/\/www.pimealdia.org\/es\/wp-json\/wp\/v2\/posts\/30039\/revisions\/30041"}],"wp:featuredmedia":[{"embeddable":true,"href":"https:\/\/www.pimealdia.org\/es\/wp-json\/wp\/v2\/media\/30032"}],"wp:attachment":[{"href":"https:\/\/www.pimealdia.org\/es\/wp-json\/wp\/v2\/media?parent=30039"}],"wp:term":[{"taxonomy":"category","embeddable":true,"href":"https:\/\/www.pimealdia.org\/es\/wp-json\/wp\/v2\/categories?post=30039"},{"taxonomy":"post_tag","embeddable":true,"href":"https:\/\/www.pimealdia.org\/es\/wp-json\/wp\/v2\/tags?post=30039"}],"curies":[{"name":"wp","href":"https:\/\/api.w.org\/{rel}","templated":true}]}}