{"id":30102,"date":"2024-07-31T12:24:41","date_gmt":"2024-07-31T10:24:41","guid":{"rendered":"https:\/\/www.pimealdia.org\/?p=30102"},"modified":"2024-07-31T12:24:41","modified_gmt":"2024-07-31T10:24:41","slug":"las-necesidades-de-la-economia-catalana","status":"publish","type":"post","link":"https:\/\/www.pimealdia.org\/es\/las-necesidades-de-la-economia-catalana\/","title":{"rendered":"Las necesidades de la econom\u00eda catalana"},"content":{"rendered":"<p style=\"text-align: justify;\">El CTESC ha presentado la Memoria Socioecon\u00f3mica y Laboral de Catalu\u00f1a, que tiene encargada por ley. La memoria, distribuida en 5 cap\u00edtulos de informaci\u00f3n, tiene un apartado con las consideraciones y recomendaciones consensuadas entre todas los organizaciones que conforman el \u201cdi\u00e1logo social\u201d que es la instituci\u00f3n.<\/p>\n<p style=\"text-align: justify;\">Hemos partido en 2024 de una situaci\u00f3n econ\u00f3mica positiva, con un crecimiento real de la econom\u00eda del 2,6%, que se prev\u00e9 que se mantenga durante 2024 aunque, posiblemente, a un ritme inferior (2%). La evoluci\u00f3n de la demanda externa es uno de los factores de riesgo que estar\u00e1 muy afectado por la situaci\u00f3n geopol\u00edtica mundial.<\/p>\n<p style=\"text-align: justify;\">Otro motivo que puede lastrar la econom\u00eda de Catalu\u00f1a es la falta de actualizaciones de las infraestructuras, sobre todo las ferroviarias (corredor mediterr\u00e1neo, conexi\u00f3n de los aeropuertos y puertos, cercan\u00edas, etc.). En este punto, afecta la ejecuci\u00f3n de los fondos Next Generation, como el d\u00e9ficit de la ejecuci\u00f3n hist\u00f3rica de los presupuestos del Estado y como la deficitaria financiaci\u00f3n que soporta Catalu\u00f1a, tambi\u00e9n hist\u00f3rica.<\/p>\n<p style=\"text-align: justify;\">Las inversiones estructurales para actuar en la defensa contra el cambio clim\u00e1tico tambi\u00e9n son imprescindibles. Es necesario reducir el consumo de agua con inversiones en los sectores productivos que hacen un alto consumo. Tambi\u00e9n, aumentar el bosque ordenado que reduzca el riesgo de incendios, preservar el litoral y el sector pesquero. Establecer medidas que reduzcan la contaminaci\u00f3n atmosf\u00e9rica y ac\u00fastica. Y urge que la poblaci\u00f3n se sensibilice y colabore con la econom\u00eda circular reduciendo el consumo.<\/p>\n<p style=\"text-align: justify;\">Con efecto positivo en la situaci\u00f3n econ\u00f3mica, encontramos el incremento del SMI, la reducci\u00f3n de la temporalidad laboral, as\u00ed como los acuerdos en la negociaci\u00f3n colectiva que facilitan la flexibilidad interna y que estabilizan la demanda interna.<\/p>\n<p style=\"text-align: justify;\">Aun as\u00ed, esta bonanza no llega con la misma intensidad a toda la ciudadan\u00eda. As\u00ed se observa como la salud tiene una incidencia diferente seg\u00fan los determinantes sociales que hacen muy recomendable trabajar en los h\u00e1bitos y los estilos de vida de la poblaci\u00f3n. En este punto, tambi\u00e9n se tienen que poner en el primer nivel dos necesidades: un pacto por la educaci\u00f3n que elimine el abandono escolar y resolver el d\u00e9ficit de vivienda asequible.<\/p>\n<p style=\"text-align: justify;\">Por el contrario al d\u00e9ficit en las infraestructuras de movilidad colectiva, la red de acceso a internet y la conexi\u00f3n a banda ancha es de las m\u00e1s altas de Europa llegando al 97,1%, cosa que favorece la igualdad de oportunidades dentro del territorio.<\/p>\n<p style=\"text-align: justify;\">Siguiendo con la mejora tecnol\u00f3gica, el gasto en I+D respecto al PIB (1,89%) ha tenido un fuerte incremento aproxim\u00e1ndose al de UE-27 (2,2%), especialmente por el efecto del sector privado. Desgraciadamente, este incremento no ha tenido el mismo sentido en la igualdad de participaci\u00f3n entre hombres y mujeres, que sigue claramente, a excepci\u00f3n de la administraci\u00f3n p\u00fablica, decant\u00e1ndose hacia la participaci\u00f3n masculina.<\/p>\n<p style=\"text-align: justify;\">Estas, y otras muchas, son recomendaciones que surgen del consenso y que pretenden ayudar a valorar los cambios necesarios para conseguir una sociedad m\u00e1s cohesionada, igualitaria, saludable y sostenible.<\/p>\n<blockquote>\n<p style=\"text-align: center;\"><strong>Carme Garc\u00eda \u2013 Secret\u00e0ria ejecutiva del Consejo de Trabajo, Econ\u00f3mico y Social de Catalu\u00f1a<\/strong><\/p>\n<\/blockquote>\n","protected":false},"excerpt":{"rendered":"<p>El CTESC ha presentado la Memoria Socioecon\u00f3mica y Laboral de Catalu\u00f1a, que tiene encargada por ley. La memoria, distribuida en 5 cap\u00edtulos de informaci\u00f3n, tiene un apartado con las consideraciones y recomendaciones consensuadas entre todas los organizaciones que conforman el \u201cdi\u00e1logo social\u201d que es la instituci\u00f3n. Hemos partido en 2024 de una situaci\u00f3n econ\u00f3mica positiva, con un crecimiento real de la econom\u00eda del 2,6%, que se prev\u00e9 que se mantenga durante 2024 aunque, posiblemente, a un ritme inferior (2%). La evoluci\u00f3n de la demanda externa es uno de los factores de riesgo que estar\u00e1 muy afectado por la situaci\u00f3n geopol\u00edtica<\/p>\n","protected":false},"author":118,"featured_media":28987,"comment_status":"open","ping_status":"closed","sticky":false,"template":"","format":"standard","meta":[],"categories":[770],"tags":[2021,1087,1085,1546,746],"_links":{"self":[{"href":"https:\/\/www.pimealdia.org\/es\/wp-json\/wp\/v2\/posts\/30102"}],"collection":[{"href":"https:\/\/www.pimealdia.org\/es\/wp-json\/wp\/v2\/posts"}],"about":[{"href":"https:\/\/www.pimealdia.org\/es\/wp-json\/wp\/v2\/types\/post"}],"author":[{"embeddable":true,"href":"https:\/\/www.pimealdia.org\/es\/wp-json\/wp\/v2\/users\/118"}],"replies":[{"embeddable":true,"href":"https:\/\/www.pimealdia.org\/es\/wp-json\/wp\/v2\/comments?post=30102"}],"version-history":[{"count":1,"href":"https:\/\/www.pimealdia.org\/es\/wp-json\/wp\/v2\/posts\/30102\/revisions"}],"predecessor-version":[{"id":30106,"href":"https:\/\/www.pimealdia.org\/es\/wp-json\/wp\/v2\/posts\/30102\/revisions\/30106"}],"wp:featuredmedia":[{"embeddable":true,"href":"https:\/\/www.pimealdia.org\/es\/wp-json\/wp\/v2\/media\/28987"}],"wp:attachment":[{"href":"https:\/\/www.pimealdia.org\/es\/wp-json\/wp\/v2\/media?parent=30102"}],"wp:term":[{"taxonomy":"category","embeddable":true,"href":"https:\/\/www.pimealdia.org\/es\/wp-json\/wp\/v2\/categories?post=30102"},{"taxonomy":"post_tag","embeddable":true,"href":"https:\/\/www.pimealdia.org\/es\/wp-json\/wp\/v2\/tags?post=30102"}],"curies":[{"name":"wp","href":"https:\/\/api.w.org\/{rel}","templated":true}]}}