{"id":30192,"date":"2024-09-20T11:23:56","date_gmt":"2024-09-20T09:23:56","guid":{"rendered":"https:\/\/www.pimealdia.org\/?p=30192"},"modified":"2024-09-20T11:23:56","modified_gmt":"2024-09-20T09:23:56","slug":"celebramos-y-reivindicamos-que-ser-empresario-o-empresaria-es-un-orgullo","status":"publish","type":"post","link":"https:\/\/www.pimealdia.org\/es\/celebramos-y-reivindicamos-que-ser-empresario-o-empresaria-es-un-orgullo\/","title":{"rendered":"Celebramos y reivindicamos que ser empresario o empresaria es un orgullo"},"content":{"rendered":"<p style=\"text-align: justify;\">Actualmente, por todas partes se pone mucho en valor el emprendimiento, y es necesario que as\u00ed sea; pero, a la vez, hay que concienciar que un emprendedor o emprendedora de \u00e9xito acontece un empresario o empresaria autom\u00e1ticamente; las diferencias entre ambas figuras una vez consolidada la empresa son m\u00ednimas, desde mi punto de vista.<\/p>\n<p style=\"text-align: justify;\">Hay que hacer ver a la sociedad que ser empresario o empresaria es una profesi\u00f3n tan digna como las otras, hay que eliminar ciertas connotaciones negativas y prejuicios y poner en valor el rol imprescindible que tenemos.<\/p>\n<p>A lo largo de estos a\u00f1os he conocido miles de empresarios y empresarias, de infinidad de sectores, y proyectos de todo tipo: empresas de nueva creaci\u00f3n, relevo en empresas sin continuidad generacional, start-ups, franquicias\u2026 Todos coincidimos en la importancia de los contactos, del desarrollo personal de competencias clave y del hecho de compartir el conocimiento, como factores de consolidaci\u00f3n y crecimiento empresarial. Y esto, muy resumido, es lo que pretendemos hacer el pr\u00f3ximo 15 de octubre.<\/p>\n<p>Desde PIMEC siempre hablamos de activismo empresarial, y en esta l\u00ednea consideramos necesario organizar, por primera vez, un <a href=\"https:\/\/pimec.org\/pimec-joves\/i-congres-de-joves-empresaris-i-empresaries\" target=\"_blank\" rel=\"noopener\">Congreso de J\u00f3venes empresarios y empresarias<\/a> que por un d\u00eda ponga el foco en nuestras empresas, que aglutine personas de todos los sectores y de todas las asociaciones del tejido empresarial catal\u00e1n y que ponga en debate temas de actualidad para inspirarnos en nuestro d\u00eda a d\u00eda y buscar nuevas f\u00f3rmulas que nos permitan mejorar, y que a la vez reivindique nuestro impacto actual y en la econom\u00eda del futuro.<\/p>\n<p>Un Congreso donde potenciar el liderazgo a trav\u00e9s de ponencias de profesores expertos en la materia, de empresarios y empresarias relevantes, jugando con el pasado, presente y futuro de casos de \u00e9xito de empresas de diferentes sectores (transversalidad), y poniendo en valor la capacidad de innovaci\u00f3n tan necesaria para nuestro futuro.<\/p>\n<p>Y sobre todo, un d\u00eda para compartir conocimientos, inquietudes y nuevas tendencias, un escenario \u00fanico para buscar las sinergias entre los asistentes y reconocer el talento empresarial existente en nuestro pa\u00eds. En resumen, un d\u00eda para celebrar y reivindicar que ser empresario o empresaria es un orgullo.<\/p>\n<p>&nbsp;<\/p>\n<p style=\"text-align: center;\"><strong>Josep Soto, presidente de PIMEC J\u00f3venes<\/strong><\/p>\n","protected":false},"excerpt":{"rendered":"<p>Actualmente, por todas partes se pone mucho en valor el emprendimiento, y es necesario que as\u00ed sea; pero, a la vez, hay que concienciar que un emprendedor o emprendedora de \u00e9xito acontece un empresario o empresaria autom\u00e1ticamente; las diferencias entre ambas figuras una vez consolidada la empresa son m\u00ednimas, desde mi punto de vista. Hay que hacer ver a la sociedad que ser empresario o empresaria es una profesi\u00f3n tan digna como las otras, hay que eliminar ciertas connotaciones negativas y prejuicios y poner en valor el rol imprescindible que tenemos. A lo largo de estos a\u00f1os he conocido miles<\/p>\n","protected":false},"author":145,"featured_media":29350,"comment_status":"open","ping_status":"closed","sticky":false,"template":"","format":"standard","meta":[],"categories":[770],"tags":[1920,1139,2093,2046,1678,1085,1535,1325,1975,2031,746,1078],"_links":{"self":[{"href":"https:\/\/www.pimealdia.org\/es\/wp-json\/wp\/v2\/posts\/30192"}],"collection":[{"href":"https:\/\/www.pimealdia.org\/es\/wp-json\/wp\/v2\/posts"}],"about":[{"href":"https:\/\/www.pimealdia.org\/es\/wp-json\/wp\/v2\/types\/post"}],"author":[{"embeddable":true,"href":"https:\/\/www.pimealdia.org\/es\/wp-json\/wp\/v2\/users\/145"}],"replies":[{"embeddable":true,"href":"https:\/\/www.pimealdia.org\/es\/wp-json\/wp\/v2\/comments?post=30192"}],"version-history":[{"count":1,"href":"https:\/\/www.pimealdia.org\/es\/wp-json\/wp\/v2\/posts\/30192\/revisions"}],"predecessor-version":[{"id":30193,"href":"https:\/\/www.pimealdia.org\/es\/wp-json\/wp\/v2\/posts\/30192\/revisions\/30193"}],"wp:featuredmedia":[{"embeddable":true,"href":"https:\/\/www.pimealdia.org\/es\/wp-json\/wp\/v2\/media\/29350"}],"wp:attachment":[{"href":"https:\/\/www.pimealdia.org\/es\/wp-json\/wp\/v2\/media?parent=30192"}],"wp:term":[{"taxonomy":"category","embeddable":true,"href":"https:\/\/www.pimealdia.org\/es\/wp-json\/wp\/v2\/categories?post=30192"},{"taxonomy":"post_tag","embeddable":true,"href":"https:\/\/www.pimealdia.org\/es\/wp-json\/wp\/v2\/tags?post=30192"}],"curies":[{"name":"wp","href":"https:\/\/api.w.org\/{rel}","templated":true}]}}