{"id":30250,"date":"2024-10-09T10:09:07","date_gmt":"2024-10-09T08:09:07","guid":{"rendered":"https:\/\/www.pimealdia.org\/?p=30250"},"modified":"2024-10-09T10:09:07","modified_gmt":"2024-10-09T08:09:07","slug":"la-importancia-de-combatir-los-problemas-de-salud-mental","status":"publish","type":"post","link":"https:\/\/www.pimealdia.org\/es\/la-importancia-de-combatir-los-problemas-de-salud-mental\/","title":{"rendered":"La importancia de combatir los problemas de salud mental"},"content":{"rendered":"<p style=\"text-align: justify;\">Como cada a\u00f1o desde 1992, el <strong>10 de octubre se celebra el D\u00eda Mundial de la Salud Mental<\/strong>, promovido por la Federaci\u00f3n Mundial de la Salud Mental, y que tiene como principal objetivo concienciar a la poblaci\u00f3n de la importancia de tratar los problemas relacionados con los trastornos mentales, luchar contra los estigmas y, por descontado, ayudar a la promoci\u00f3n de actividades que mejoren la atenci\u00f3n.<\/p>\n<p style=\"text-align: justify;\">Seg\u00fan la Organizaci\u00f3n Mundial de la Salud, cerca del 60% de la poblaci\u00f3n mundial trabaja. Todas estas personas de alguna manera pueden sufrir enfermedades de salud mental que van desde el <strong><em>burnout<\/em><\/strong>, por una excesiva sobrecarga de trabajo que acaba afect\u00e1ndolas psicol\u00f3gicamente, hasta situaciones de inseguridad laboral, remuneraci\u00f3n inadecuada, discriminaci\u00f3n o acoso laboral. En el caso particular de las personas empresarias y aut\u00f3nomas, que pueden vivir etapas de estr\u00e9s, <em>burnout<\/em>, angustias e, incluso, depresiones, ello puede tener unas <strong>consecuencias directas en la toma de malas decisiones que pongan en peligro la viabilidad del negocio<\/strong> y, por lo tanto, de los puestos de trabajo y de las relaciones empresariales con los proveedores.<\/p>\n<p style=\"text-align: justify;\">Desde la Fundaci\u00f3 PIMEC, a trav\u00e9s del <strong>eje Pyme y Salud<\/strong> (<a href=\"http:\/\/www.fundaciopimec.org\/que-fem\/pime-i-salut\/\">www.fundaciopimec.org\/que-fem\/pime-i-salut\/<\/a>), estamos muy comprometidos con el cuidado de la salud de las personas empresarias y aut\u00f3nomas y pasamos a la acci\u00f3n para apoyarlas. En primer lugar, con la colaboraci\u00f3n de la Fundaci\u00f3n Salud y Persona y el Ayuntamiento de Barcelona, ofrecemos <strong>apoyo psicol\u00f3gico gratuito y confidencial a empresarios y empresarias y a personas aut\u00f3nomas<\/strong>. El programa se basa en la atenci\u00f3n telef\u00f3nica; se puede acceder <strong>llamando al<\/strong> <strong>900 505 805<\/strong>, gestionado directamente por psic\u00f3logos y psic\u00f3logas colegiadas, y que se encuentra disponible las 24 h del d\u00eda durante los 365 d\u00edas del a\u00f1o. En todo momento se mantiene el anonimato de las personas que llaman. Este servicio se presta tanto desde una vertiente de atenci\u00f3n individualizada como desde una vertiente grupal.<\/p>\n<p style=\"text-align: justify;\">Adem\u00e1s, la Fundaci\u00f3 PIMEC tambi\u00e9n colabora de manera directa con el <strong>programa Prosperh del Hospital de Mar<\/strong> (<a href=\"http:\/\/www.imim.cat\/noticies\/1236\/linstitut-de-recerca-de-lhospital-del-mar-representa-lestat-al-projecte-prosperh\">www.imim.cat\/noticies\/1236\/linstitut-de-recerca-de-lhospital-del-mar-representa-lestat-al-projecte-prosperh<\/a>). Este proyecto quiere promover la salud mental y f\u00edsica en el puesto de trabajo. Desde la Fundaci\u00f3 ayudamos a hacer llegar este nuevo programa a los empresarios y empresarias que lideran peque\u00f1as y medianas empresas con el fin de que lo den a conocer entre sus equipos humanos. La Uni\u00f3n Europea especifica que se tienen que analizar y estudiar los v\u00ednculos de las patolog\u00edas con estancias en las empresas, de modo que se pueda <strong>determinar cu\u00e1ntas de las enfermedades mentales que sufren las personas est\u00e1n directamente relacionadas con su trabajo<\/strong>. La misi\u00f3n de Prosperh es <strong>transformar los puestos de trabajo dentro de las empresas<\/strong>, prestando atenci\u00f3n a la salud mental de las personas trabajadoras.<\/p>\n<p style=\"text-align: justify;\">Por otro lado, y con el objetivo de que las personas empresarias tengan herramientas para prevenir y combatir el problemas de salud mental, me gustar\u00eda anunciar que, desde la Fundaci\u00f3 PIMEC estamos impulsando, con la colaboraci\u00f3n de la Fundaci\u00f3n Salud y Persona, la Fundaci\u00f3 M\u00fatua General de Catalunya y el Hospital del Mar, la <strong>elaboraci\u00f3n de una gu\u00eda de la salud mental.<\/strong><\/p>\n<p>&nbsp;<\/p>\n<blockquote>\n<p style=\"text-align: center;\"><strong>Josep Gonz\u00e1lez, presidente de la Fundaci\u00f3 PIMEC <\/strong><\/p>\n<\/blockquote>\n","protected":false},"excerpt":{"rendered":"<p>Como cada a\u00f1o desde 1992, el 10 de octubre se celebra el D\u00eda Mundial de la Salud Mental, promovido por la Federaci\u00f3n Mundial de la Salud Mental, y que tiene como principal objetivo concienciar a la poblaci\u00f3n de la importancia de tratar los problemas relacionados con los trastornos mentales, luchar contra los estigmas y, por descontado, ayudar a la promoci\u00f3n de actividades que mejoren la atenci\u00f3n. Seg\u00fan la Organizaci\u00f3n Mundial de la Salud, cerca del 60% de la poblaci\u00f3n mundial trabaja. Todas estas personas de alguna manera pueden sufrir enfermedades de salud mental que van desde el burnout, por una<\/p>\n","protected":false},"author":126,"featured_media":29244,"comment_status":"open","ping_status":"closed","sticky":false,"template":"","format":"standard","meta":[],"categories":[770],"tags":[1139,2126,1085,1895,746,1078,1513,1514],"_links":{"self":[{"href":"https:\/\/www.pimealdia.org\/es\/wp-json\/wp\/v2\/posts\/30250"}],"collection":[{"href":"https:\/\/www.pimealdia.org\/es\/wp-json\/wp\/v2\/posts"}],"about":[{"href":"https:\/\/www.pimealdia.org\/es\/wp-json\/wp\/v2\/types\/post"}],"author":[{"embeddable":true,"href":"https:\/\/www.pimealdia.org\/es\/wp-json\/wp\/v2\/users\/126"}],"replies":[{"embeddable":true,"href":"https:\/\/www.pimealdia.org\/es\/wp-json\/wp\/v2\/comments?post=30250"}],"version-history":[{"count":1,"href":"https:\/\/www.pimealdia.org\/es\/wp-json\/wp\/v2\/posts\/30250\/revisions"}],"predecessor-version":[{"id":30251,"href":"https:\/\/www.pimealdia.org\/es\/wp-json\/wp\/v2\/posts\/30250\/revisions\/30251"}],"wp:featuredmedia":[{"embeddable":true,"href":"https:\/\/www.pimealdia.org\/es\/wp-json\/wp\/v2\/media\/29244"}],"wp:attachment":[{"href":"https:\/\/www.pimealdia.org\/es\/wp-json\/wp\/v2\/media?parent=30250"}],"wp:term":[{"taxonomy":"category","embeddable":true,"href":"https:\/\/www.pimealdia.org\/es\/wp-json\/wp\/v2\/categories?post=30250"},{"taxonomy":"post_tag","embeddable":true,"href":"https:\/\/www.pimealdia.org\/es\/wp-json\/wp\/v2\/tags?post=30250"}],"curies":[{"name":"wp","href":"https:\/\/api.w.org\/{rel}","templated":true}]}}