{"id":30266,"date":"2024-10-14T12:49:24","date_gmt":"2024-10-14T10:49:24","guid":{"rendered":"https:\/\/www.pimealdia.org\/?p=30266"},"modified":"2024-10-14T12:49:54","modified_gmt":"2024-10-14T10:49:54","slug":"la-industria-tiene-que-velar-por-la-neutralizacion-de-los-microplasticos-puesto-que-beneficia-el-medio-ambiente-y-pronto-lo-tendra-que-hacer-por-normativa","status":"publish","type":"post","link":"https:\/\/www.pimealdia.org\/es\/la-industria-tiene-que-velar-por-la-neutralizacion-de-los-microplasticos-puesto-que-beneficia-el-medio-ambiente-y-pronto-lo-tendra-que-hacer-por-normativa\/","title":{"rendered":"\u201cLa industria tiene que velar por la neutralizaci\u00f3n de los micropl\u00e1sticos, puesto que beneficia al medio ambiente y pronto lo tendr\u00e1 que hacer por normativa\u201d"},"content":{"rendered":"<blockquote>\n<p style=\"text-align: center;\"><em>Entrevista a Jordi Vila, gerente de Talleres\u00a0Mogent, una empresa familiar situada en Granollers y dedicada al suministro de carretillas elevadoras a lo largo de 40 a\u00f1os.<\/em><\/p>\n<\/blockquote>\n<p><strong>Tradicionalmente, os hab\u00e9is dedicado al alquiler y a la venta de carretillas elevadoras, pero ahora ofrec\u00e9is m\u00e1s productos y servicios, \u00bfverdad?<\/strong><\/p>\n<p>En 2008 compactamos la empresa y mantuvimos una cartera de clientes reducida pero s\u00f3lida, dentro de una estructura m\u00e1s peque\u00f1a en lugar de crecer. Tomamos esta decisi\u00f3n ante el aumento de la competencia, que creci\u00f3 considerablemente en nuestra zona, y decidimos explorar otras v\u00edas de negocio.<\/p>\n<p>Hace tres a\u00f1os abrimos una tienda de bicicletas el\u00e9ctricas y nuestra intenci\u00f3n es hacer crecer esta actividad empresarial y poder incorporar m\u00e1s personas trabajadoras en el futuro. Para conseguirlo, estamos participando en diferentes ferias para darnos a conocer.<\/p>\n<p>Por otro lado, hace seis meses que ofrecemos un sistema de recogida de agua de la lluvia as\u00ed como de tratamiento de aguas pluviales y de eliminaci\u00f3n de los micropl\u00e1sticos.<\/p>\n<p><strong>\u00bfEn qu\u00e9 consiste este sistema y qui\u00e9n lo puede usar?<\/strong><\/p>\n<p>Es un sistema que, hoy por hoy, est\u00e1 dise\u00f1ado para el uso industrial (pol\u00edgonos, f\u00e1bricas\u2026) y para los ayuntamientos. No usa bombas, solo la gravedad.<\/p>\n<p>Lo ofrecemos a trav\u00e9s de la empresa de Alemania 3P Technik y, en concreto, consiste en recoger el agua de la lluvia para su almacenamiento y posterior tratamiento. Este consta de dos fases.<\/p>\n<p><img loading=\"lazy\" class=\"size-medium wp-image-30262 alignright\" src=\"https:\/\/www.pimealdia.org\/wp-content\/uploads\/2024\/10\/Mogent-3-225x300.jpg\" alt=\"\" width=\"225\" height=\"300\" srcset=\"https:\/\/www.pimealdia.org\/wp-content\/uploads\/2024\/10\/Mogent-3-225x300.jpg 225w, https:\/\/www.pimealdia.org\/wp-content\/uploads\/2024\/10\/Mogent-3-768x1024.jpg 768w, https:\/\/www.pimealdia.org\/wp-content\/uploads\/2024\/10\/Mogent-3-1152x1536.jpg 1152w, https:\/\/www.pimealdia.org\/wp-content\/uploads\/2024\/10\/Mogent-3-1536x2048.jpg 1536w, https:\/\/www.pimealdia.org\/wp-content\/uploads\/2024\/10\/Mogent-3-480x640.jpg 480w, https:\/\/www.pimealdia.org\/wp-content\/uploads\/2024\/10\/Mogent-3-scaled.jpg 1920w\" sizes=\"(max-width: 225px) 100vw, 225px\" \/>En la fase inicial del tratamiento hay un proceso de sedimentaci\u00f3n, donde se eliminan varios contaminantes que llevan las aguas pluviales entre los que hay part\u00edculas gruesas, s\u00f3lidos finos filtrables, part\u00edculas contaminantes, micropl\u00e1sticos, etc. En una segunda fase, pasa por un proceso de filtraci\u00f3n mediante materiales filtrantes especialmente configurados donde los contaminantes disueltos en el agua pueden eliminarse espec\u00edficamente de las aguas pluviales reteniendo aceites minerales, sustancias org\u00e1nicas disueltas y s\u00f3lidos finos.<\/p>\n<p>Los filtros se limpian una vez al a\u00f1o y se cambian cada 5 a\u00f1os. Adem\u00e1s, todo queda monitorizado en el ordenador.<br \/>\nLa combinaci\u00f3n de estos dos sistemas de tratamiento es ideal, por ejemplo, para eliminar los micropl\u00e1sticos de las escorrent\u00edas en los campos deportivos y de c\u00e9sped artificial.<\/p>\n<p>El resultado es, por un lado, que el residuo obtenido se almacena y va a plantas de reciclaje y, por el otro, que el agua limpia resultante de pasar por los tratamientos mencionados vaya a los r\u00edos y al mar descontaminada.<br \/>\nSe trata de un sistema pionero en Europa. Hay otros, pero no son tan eficaces.<\/p>\n<p><strong>\u00bfDe d\u00f3nde salen los micropl\u00e1sticos presentes en el agua de la lluvia?<\/strong><\/p>\n<p>De todas partes, pero sobre todo de nuestras carreteras. La degradaci\u00f3n de los neum\u00e1ticos deja un polvo muy fino sobre el asfalto que la lluvia arrastra al medio ambiente incluyendo los r\u00edos, las plantas de tratamiento de agua potable, las plantas de tratamiento de agua residual, el mar y red de alcantarillado. Se ha calculado que un 81% de los micropl\u00e1sticos que van al mar vienen de las carreteras, autov\u00edas y autopistas.<\/p>\n<p>Por poner otro ejemplo, el caucho de los campos de c\u00e9sped artificial contamina mucho en este sentido. Las depuradoras no lo filtran y, como resultado, todos estos micropl\u00e1sticos salen por el grifo de nuestros ba\u00f1os y cocinas.<\/p>\n<p><strong>\u00bfQu\u00e9 pueden hacer las empresas para contribuir a la reducci\u00f3n de los micropl\u00e1sticos?<\/strong><\/p>\n<p><img loading=\"lazy\" class=\"size-medium wp-image-30264 alignleft\" src=\"https:\/\/www.pimealdia.org\/wp-content\/uploads\/2024\/10\/Mogent-2-300x225.jpg\" alt=\"\" width=\"300\" height=\"225\" srcset=\"https:\/\/www.pimealdia.org\/wp-content\/uploads\/2024\/10\/Mogent-2-300x225.jpg 300w, https:\/\/www.pimealdia.org\/wp-content\/uploads\/2024\/10\/Mogent-2-1024x768.jpg 1024w, https:\/\/www.pimealdia.org\/wp-content\/uploads\/2024\/10\/Mogent-2-768x576.jpg 768w, https:\/\/www.pimealdia.org\/wp-content\/uploads\/2024\/10\/Mogent-2-1536x1152.jpg 1536w, https:\/\/www.pimealdia.org\/wp-content\/uploads\/2024\/10\/Mogent-2-2048x1536.jpg 2048w, https:\/\/www.pimealdia.org\/wp-content\/uploads\/2024\/10\/Mogent-2-480x360.jpg 480w\" sizes=\"(max-width: 300px) 100vw, 300px\" \/>Cada pa\u00eds marca las normas de los pl\u00e1sticos que hay que neutralizar, dentro de unos baremos europeos. Como todav\u00eda no existe una normativa europea que regule este hecho, en nuestro pa\u00eds las empresas no tenemos obligaciones en este sentido, al menos hasta ahora. Pero solo es una cuesti\u00f3n de tiempo tenerlas, como ya pasa en Alemania, donde ya es de obligaci\u00f3n recoger el agua de la lluvia y devolverla al medio ambiente limpia. Har\u00e1 falta, por eso, una normativa \u00e1gil y sin demasiados tr\u00e1mites burocr\u00e1ticos.<\/p>\n<p><strong>\u00bfC\u00f3mo hab\u00e9is llegado a ofrecer este sistema tan innovador?<\/strong><\/p>\n<p>Por pura casualidad. El propietario de la empresa de Alemania, Jorge Torres, es un alem\u00e1n de padres catalanes. Cuando vuelve a Catalu\u00f1a vive en mi edificio, es decir, somos vecinos.<\/p>\n<p>Cuando me explic\u00f3 su proyecto, cre\u00ed en \u00e9l desde el primer momento, y decid\u00ed colaborar con \u00e9l para contribuir al cuidado del medio ambiente y a la sostenibilidad. Tambi\u00e9n nos ayuda Josep Andreu Clariana, exdirector del \u00e1rea de inspecci\u00f3n y control de la Agencia Catalana del Agua (ACA), quien difunde los efectos negativos de los micropl\u00e1sticos con el objetivo de que la administraci\u00f3n p\u00fablica sepa que hay una soluci\u00f3n t\u00e9cnica contrastada de tratamiento para esta problem\u00e1tica y para que tambi\u00e9n se redacte y se ponga en marcha, cuanto antes mejor, una normativa de obligado cumplimiento, siguiendo las pasos de la Uni\u00f3n Europea.<\/p>\n<p><strong>\u00bfTen\u00e9is clientes interesados en aplicar este sistema?<\/strong><\/p>\n<p>Si bien es cierto que tenemos la propuesta sobre la mesa de diferentes ayuntamientos, como el de l&#8217;Ametlla del Vall\u00e8s, todav\u00eda hay bastante desconocimiento. Es una l\u00e1stima porque pensamos que este sistema contribuir\u00eda seguro a resolver, entre otros, la grave problem\u00e1tica que tiene actualmente el complejo de la Petroqu\u00edmica de Tarragona con los micropl\u00e1sticos que van a parar en las playas tarraconenses.<\/p>\n","protected":false},"excerpt":{"rendered":"<p>Entrevista a Jordi Vila, gerente de Talleres\u00a0Mogent, una empresa familiar situada en Granollers y dedicada al suministro de carretillas elevadoras a lo largo de 40 a\u00f1os. Tradicionalmente, os hab\u00e9is dedicado al alquiler y a la venta de carretillas elevadoras, pero ahora ofrec\u00e9is m\u00e1s productos y servicios, \u00bfverdad? En 2008 compactamos la empresa y mantuvimos una cartera de clientes reducida pero s\u00f3lida, dentro de una estructura m\u00e1s peque\u00f1a en lugar de crecer. Tomamos esta decisi\u00f3n ante el aumento de la competencia, que creci\u00f3 considerablemente en nuestra zona, y decidimos explorar otras v\u00edas de negocio. Hace tres a\u00f1os abrimos una tienda de<\/p>\n","protected":false},"author":83,"featured_media":30260,"comment_status":"open","ping_status":"closed","sticky":false,"template":"","format":"standard","meta":[],"categories":[338],"tags":[1387,1139,1191,1085,1088,764,372,1064,1358,1078,1179],"_links":{"self":[{"href":"https:\/\/www.pimealdia.org\/es\/wp-json\/wp\/v2\/posts\/30266"}],"collection":[{"href":"https:\/\/www.pimealdia.org\/es\/wp-json\/wp\/v2\/posts"}],"about":[{"href":"https:\/\/www.pimealdia.org\/es\/wp-json\/wp\/v2\/types\/post"}],"author":[{"embeddable":true,"href":"https:\/\/www.pimealdia.org\/es\/wp-json\/wp\/v2\/users\/83"}],"replies":[{"embeddable":true,"href":"https:\/\/www.pimealdia.org\/es\/wp-json\/wp\/v2\/comments?post=30266"}],"version-history":[{"count":2,"href":"https:\/\/www.pimealdia.org\/es\/wp-json\/wp\/v2\/posts\/30266\/revisions"}],"predecessor-version":[{"id":30268,"href":"https:\/\/www.pimealdia.org\/es\/wp-json\/wp\/v2\/posts\/30266\/revisions\/30268"}],"wp:featuredmedia":[{"embeddable":true,"href":"https:\/\/www.pimealdia.org\/es\/wp-json\/wp\/v2\/media\/30260"}],"wp:attachment":[{"href":"https:\/\/www.pimealdia.org\/es\/wp-json\/wp\/v2\/media?parent=30266"}],"wp:term":[{"taxonomy":"category","embeddable":true,"href":"https:\/\/www.pimealdia.org\/es\/wp-json\/wp\/v2\/categories?post=30266"},{"taxonomy":"post_tag","embeddable":true,"href":"https:\/\/www.pimealdia.org\/es\/wp-json\/wp\/v2\/tags?post=30266"}],"curies":[{"name":"wp","href":"https:\/\/api.w.org\/{rel}","templated":true}]}}