{"id":30333,"date":"2024-11-08T11:51:52","date_gmt":"2024-11-08T09:51:52","guid":{"rendered":"https:\/\/www.pimealdia.org\/?p=30333"},"modified":"2024-11-08T11:51:52","modified_gmt":"2024-11-08T09:51:52","slug":"la-gestion-invisible-de-los-profesionales-autonomos","status":"publish","type":"post","link":"https:\/\/www.pimealdia.org\/es\/la-gestion-invisible-de-los-profesionales-autonomos\/","title":{"rendered":"La gesti\u00f3n invisible de los profesionales aut\u00f3nomos"},"content":{"rendered":"<p style=\"text-align: justify;\">Ser aut\u00f3nomo comporta gestionar todos los aspectos de la actividad empresarial. A pesar de que esta afirmaci\u00f3n puede parecer una evidencia, todav\u00eda hay muchas personas, aut\u00f3nomas y no aut\u00f3nomas, que no son conscientes.<\/p>\n<p>Me refiero a actividades como b\u00fasqueda de clientes, publicitarse, buscar financiaci\u00f3n, llevar la documentaci\u00f3n al d\u00eda, gestionar la econom\u00eda del negocio, presentar los impuestos, formarse, trabajar la red de contactos\u2026 Todas estas funciones, m\u00e1s all\u00e1 de la ocupaci\u00f3n profesional propiamente dicha, son fundamentales para la viabilidad, la competitividad y la productividad de los negocios.<\/p>\n<p>Muchas veces no somos conscientes. Por ejemplo, cuando vamos a la peluquer\u00eda que, adem\u00e1s de cortar, te\u00f1ir y peinar nuestro cabello, la persona gestiona tambi\u00e9n las redes sociales, vela por tener todo el material y herramientas necesarias para el desarrollo de la actividad, se encarga del mantenimiento y la limpieza del local&#8230; Y esto no es todo, puesto que adem\u00e1s, es responsable de la gesti\u00f3n de su personal, de pagar las facturas y de estar al d\u00eda de las nuevas tendencias para poder cumplir con los requisitos y las demandas de los clientes.<\/p>\n<p>A menudo, esta parte del trabajo del aut\u00f3nomo va m\u00e1s all\u00e1 del horario de servicio o de producci\u00f3n y, a menudo tambi\u00e9n, hace que la dedicaci\u00f3n al negocio supere las horas establecidas por la jornada laboral de trabajo por cuenta ajena. No hay que decir que, este exceso, comporta una afectaci\u00f3n en la vida familiar y social de la persona, as\u00ed como una posible afectaci\u00f3n a la salud f\u00edsica y mental por la carga de trabajo y el estr\u00e9s que este puede generar.<\/p>\n<p>Cuando lo comentamos con aut\u00f3nomos y aut\u00f3nomas, nos dicen que lo compensan con la flexibilidad horaria, que suele comportar la actividad profesional, as\u00ed como el hecho de hacer un trabajo que gusta. Sin embargo, hay que trabajar para que esta parte de gesti\u00f3n se integre tambi\u00e9n dentro del horario laboral. Evidentemente, una parte de responsabilidad recae en el aut\u00f3nomo, en c\u00f3mo plantea su negocio y en c\u00f3mo se organiza. Pero, tambi\u00e9n, una parte muy importante recae en la Administraci\u00f3n P\u00fablica y en la sociedad.<\/p>\n<p>Por todo esto, seguiremos insistiendo en la necesidad de orientar las pol\u00edticas p\u00fablicas a formar en la gesti\u00f3n de la actividad aut\u00f3noma, agilizando la realizaci\u00f3n de todas estas tareas, facilitando la viabilidad de los negocios y, por consiguiente, la vida laboral y personal de las personas que conforman este colectivo.<\/p>\n<p>Queremos concienciar tambi\u00e9n a la sociedad de la existencia y necesidad de todas estas gestiones invisibles, tan necesarias para que los negocios sean viables, y creen riqueza y ocupaci\u00f3n. En esta l\u00ednea, hacen falta medidas que faciliten a los aut\u00f3nomos y a las aut\u00f3nomas de nuestro pa\u00eds tener el apoyo necesario para desarrollar su actividad con todas las garant\u00edas y las facilidades, favoreciendo la conciliaci\u00f3n, promoviendo su salud, as\u00ed como su crecimiento empresarial.<\/p>\n<p style=\"text-align: center;\"><strong>Elisabet Bach, presidenta de\u00a0PIMEC\u00a0Aut\u00f3nomos<\/strong><\/p>\n","protected":false},"excerpt":{"rendered":"<p>Ser aut\u00f3nomo comporta gestionar todos los aspectos de la actividad empresarial. A pesar de que esta afirmaci\u00f3n puede parecer una evidencia, todav\u00eda hay muchas personas, aut\u00f3nomas y no aut\u00f3nomas, que no son conscientes. Me refiero a actividades como b\u00fasqueda de clientes, publicitarse, buscar financiaci\u00f3n, llevar la documentaci\u00f3n al d\u00eda, gestionar la econom\u00eda del negocio, presentar los impuestos, formarse, trabajar la red de contactos\u2026 Todas estas funciones, m\u00e1s all\u00e1 de la ocupaci\u00f3n profesional propiamente dicha, son fundamentales para la viabilidad, la competitividad y la productividad de los negocios. Muchas veces no somos conscientes. Por ejemplo, cuando vamos a la peluquer\u00eda que,<\/p>\n","protected":false},"author":105,"featured_media":29047,"comment_status":"open","ping_status":"closed","sticky":false,"template":"","format":"standard","meta":[],"categories":[770],"tags":[1637,718,1139,1127,2046,1085,2169,1078,1513],"_links":{"self":[{"href":"https:\/\/www.pimealdia.org\/es\/wp-json\/wp\/v2\/posts\/30333"}],"collection":[{"href":"https:\/\/www.pimealdia.org\/es\/wp-json\/wp\/v2\/posts"}],"about":[{"href":"https:\/\/www.pimealdia.org\/es\/wp-json\/wp\/v2\/types\/post"}],"author":[{"embeddable":true,"href":"https:\/\/www.pimealdia.org\/es\/wp-json\/wp\/v2\/users\/105"}],"replies":[{"embeddable":true,"href":"https:\/\/www.pimealdia.org\/es\/wp-json\/wp\/v2\/comments?post=30333"}],"version-history":[{"count":1,"href":"https:\/\/www.pimealdia.org\/es\/wp-json\/wp\/v2\/posts\/30333\/revisions"}],"predecessor-version":[{"id":30334,"href":"https:\/\/www.pimealdia.org\/es\/wp-json\/wp\/v2\/posts\/30333\/revisions\/30334"}],"wp:featuredmedia":[{"embeddable":true,"href":"https:\/\/www.pimealdia.org\/es\/wp-json\/wp\/v2\/media\/29047"}],"wp:attachment":[{"href":"https:\/\/www.pimealdia.org\/es\/wp-json\/wp\/v2\/media?parent=30333"}],"wp:term":[{"taxonomy":"category","embeddable":true,"href":"https:\/\/www.pimealdia.org\/es\/wp-json\/wp\/v2\/categories?post=30333"},{"taxonomy":"post_tag","embeddable":true,"href":"https:\/\/www.pimealdia.org\/es\/wp-json\/wp\/v2\/tags?post=30333"}],"curies":[{"name":"wp","href":"https:\/\/api.w.org\/{rel}","templated":true}]}}