{"id":30371,"date":"2024-11-19T20:26:09","date_gmt":"2024-11-19T18:26:09","guid":{"rendered":"https:\/\/www.pimealdia.org\/?p=30371"},"modified":"2024-11-19T20:26:25","modified_gmt":"2024-11-19T18:26:25","slug":"emprender-por-necesidad","status":"publish","type":"post","link":"https:\/\/www.pimealdia.org\/es\/emprender-por-necesidad\/","title":{"rendered":"Emprender por necesidad"},"content":{"rendered":"<p style=\"text-align: justify;\">Escuchamos, una y otra vez, que las mujeres emprendemos para \u201cpoder conciliar\u201d la vida profesional con la familiar, como si fuera una elecci\u00f3n que hacemos para cumplir un tipo de destino asignado. Pero, \u00bfes realmente as\u00ed?<\/p>\n<p>Los estudios nos dicen que no. No todas emprendemos para conciliar, sino por otras muchas razones profundas, personales y profesionales. Si bien es cierto que el colectivo femenino est\u00e1 creciendo en el mundo del emprendimiento, los datos nos explican historias diferentes, de motivaci\u00f3n personal, ambici\u00f3n, desarrollo del propio proyecto; hasta historias de necesidad, presiones, y autoexigencia.<\/p>\n<p>Seg\u00fan estudios de PIMEC Aut\u00f3nomos y la Comisi\u00f3n Mujer y Empresa de PIMEC, m\u00e1s del 40% de las mujeres aut\u00f3nomas que tienen pareja se hacen cargo ellas solas del cuidado de menores o personas mayores.<\/p>\n<p>Es cierto que la flexibilidad de ser aut\u00f3noma puede ofrecer una mejor organizaci\u00f3n de nuestro tiempo, y muchos estudios indican que, a la hora de emprender, las mujeres buscamos vivir de acuerdo con nuestros valores, tener control sobre nuestros proyectos y, s\u00ed, poder conciliar. Pero esta conciliaci\u00f3n es una utop\u00eda para muchas.<\/p>\n<p>Seg\u00fan los estudios, una parte significativa de las mujeres emprende por pura necesidad, a menudo ante la falta de opciones laborales estables y bien retribuidas. Para muchas mujeres, emprender es un sue\u00f1o. Para otras, un camino sin alternativas, una puerta que se abre porque las otras est\u00e1n cerradas. La conciliaci\u00f3n se suma a la elecci\u00f3n ya hecha, m\u00e1s que ser la causa.<\/p>\n<p>Con esto las mujeres seguimos atrapadas en una doble carga: la del trabajo, con toda la presi\u00f3n y responsabilidad de un proyecto propio, y la de las tareas dom\u00e9sticas y familiares, muchas de ellas invisibles y no remuneradas. Este \u201cdoble turno\u201d no es solo desgastador, sino que pone de relieve una desigualdad profunda. Nuestros estudios revelan, adem\u00e1s, que cada vez m\u00e1s mujeres j\u00f3venes aut\u00f3nomas optan por renunciar a la maternidad, precisamente, porque ven incompatible realizarse profesionalmente y ser madres.<\/p>\n<p>Este D\u00eda Internacional de la Mujer Emprendedora hay que recordar que la base de una sociedad justa es el reparto de los trabajos (retribuidos o no) en igualdad. Nos sigue haciendo falta una conciliaci\u00f3n real, donde el rol de cuidador sea tambi\u00e9n asumido por el hombre y donde la mujer pueda emprender con libertad y autonom\u00eda verdaderas.<\/p>\n<p>Sabemos que, teniendo en cuenta trabajos retribuidos y no retribuid0s, las mujeres aportamos el 51,88% del valor del PIB de nuestro pa\u00eds, si este suma el valor de los trabajos no retribuidos a precio de mercado: trabajos que sostienen el mundo, tambi\u00e9n econ\u00f3mico, tal y como lo conocemos.<\/p>\n<p>Solo lograremos un emprendimiento donde la palabra \u201cconciliar\u201d deje de ser una carga y pase a ser una opci\u00f3n si somos capaces todos de entender que la vida es la suma de las contribuciones de todos. Hay que ofrecer regulaciones, apoyos, y herramientas para que tambi\u00e9n las mujeres aut\u00f3nomas tengan la opci\u00f3n de emprender sin otro condicionante que el de la libre elecci\u00f3n de desarrollar un proyecto.<\/p>\n<p style=\"text-align: center;\"><strong>Elisabet Bach, presidenta de\u00a0PIMEC\u00a0Aut\u00f3nomos, y Maria\u00a0Teixidor, presidenta de la comisi\u00f3n Mujer y Empresa de\u00a0PIMEC<\/strong><\/p>\n","protected":false},"excerpt":{"rendered":"<p>Escuchamos, una y otra vez, que las mujeres emprendemos para \u201cpoder conciliar\u201d la vida profesional con la familiar, como si fuera una elecci\u00f3n que hacemos para cumplir un tipo de destino asignado. Pero, \u00bfes realmente as\u00ed? Los estudios nos dicen que no. No todas emprendemos para conciliar, sino por otras muchas razones profundas, personales y profesionales. Si bien es cierto que el colectivo femenino est\u00e1 creciendo en el mundo del emprendimiento, los datos nos explican historias diferentes, de motivaci\u00f3n personal, ambici\u00f3n, desarrollo del propio proyecto; hasta historias de necesidad, presiones, y autoexigencia. Seg\u00fan estudios de PIMEC Aut\u00f3nomos y la Comisi\u00f3n<\/p>\n","protected":false},"author":105,"featured_media":30363,"comment_status":"open","ping_status":"closed","sticky":false,"template":"","format":"standard","meta":[],"categories":[342],"tags":[1542,1139,1127,1087,1679,1085,1078],"_links":{"self":[{"href":"https:\/\/www.pimealdia.org\/es\/wp-json\/wp\/v2\/posts\/30371"}],"collection":[{"href":"https:\/\/www.pimealdia.org\/es\/wp-json\/wp\/v2\/posts"}],"about":[{"href":"https:\/\/www.pimealdia.org\/es\/wp-json\/wp\/v2\/types\/post"}],"author":[{"embeddable":true,"href":"https:\/\/www.pimealdia.org\/es\/wp-json\/wp\/v2\/users\/105"}],"replies":[{"embeddable":true,"href":"https:\/\/www.pimealdia.org\/es\/wp-json\/wp\/v2\/comments?post=30371"}],"version-history":[{"count":2,"href":"https:\/\/www.pimealdia.org\/es\/wp-json\/wp\/v2\/posts\/30371\/revisions"}],"predecessor-version":[{"id":30373,"href":"https:\/\/www.pimealdia.org\/es\/wp-json\/wp\/v2\/posts\/30371\/revisions\/30373"}],"wp:featuredmedia":[{"embeddable":true,"href":"https:\/\/www.pimealdia.org\/es\/wp-json\/wp\/v2\/media\/30363"}],"wp:attachment":[{"href":"https:\/\/www.pimealdia.org\/es\/wp-json\/wp\/v2\/media?parent=30371"}],"wp:term":[{"taxonomy":"category","embeddable":true,"href":"https:\/\/www.pimealdia.org\/es\/wp-json\/wp\/v2\/categories?post=30371"},{"taxonomy":"post_tag","embeddable":true,"href":"https:\/\/www.pimealdia.org\/es\/wp-json\/wp\/v2\/tags?post=30371"}],"curies":[{"name":"wp","href":"https:\/\/api.w.org\/{rel}","templated":true}]}}