{"id":30413,"date":"2024-11-29T12:31:36","date_gmt":"2024-11-29T10:31:36","guid":{"rendered":"https:\/\/www.pimealdia.org\/?p=30413"},"modified":"2024-11-29T12:31:36","modified_gmt":"2024-11-29T10:31:36","slug":"una-calculadora-para-medir-la-huella-de-carbono-de-las-empresas","status":"publish","type":"post","link":"https:\/\/www.pimealdia.org\/es\/una-calculadora-para-medir-la-huella-de-carbono-de-las-empresas\/","title":{"rendered":"Una calculadora para medir la huella de carbono de las empresas"},"content":{"rendered":"<p style=\"text-align: justify;\">Medir la huella de carbono es de obligado cumplimiento para empresas de m\u00e1s de 250 trabajadores, y a medio plazo esta obligaci\u00f3n se extender\u00e1 a las empresas de menor dimensi\u00f3n a trav\u00e9s de la cadena de valor, en cumplimiento de las normativas europeas y los est\u00e1ndares internacionales, entre otros factores.<\/p>\n<p>Este mes de junio PIMEC puso en marcha una <a href=\"https:\/\/pimec.org\/es\/servicios\/sostenibilidad\/calculadora-de-la-huella-de-carbono\" target=\"_blank\" rel=\"noopener\">calculadora para medir la huella de carbono<\/a> de la actividad empresarial de las pymes y las personas aut\u00f3nomas con el objetivo de dar una visi\u00f3n global sobre esta cuesti\u00f3n, haciendo un c\u00e1lculo anual.<\/p>\n<p>Se trata de una herramienta \u00fanica en el \u00e1mbito empresarial; un instrumento en l\u00ednea y sencillo que la patronal pone al alcance de las micro, peque\u00f1as y medianas empresas de manera gratuita, y que est\u00e1 dise\u00f1ado especialmente para microempresas y personas aut\u00f3nomas, pero que tambi\u00e9n est\u00e1 a disposici\u00f3n de toda clase de empresas.<\/p>\n<p style=\"text-align: justify;\"><strong><img loading=\"lazy\" class=\"size-medium wp-image-30408 alignleft\" src=\"https:\/\/www.pimealdia.org\/wp-content\/uploads\/2024\/11\/ODS-13-300x69.jpg\" alt=\"\" width=\"300\" height=\"69\" srcset=\"https:\/\/www.pimealdia.org\/wp-content\/uploads\/2024\/11\/ODS-13-300x69.jpg 300w, https:\/\/www.pimealdia.org\/wp-content\/uploads\/2024\/11\/ODS-13-1024x237.jpg 1024w, https:\/\/www.pimealdia.org\/wp-content\/uploads\/2024\/11\/ODS-13-768x177.jpg 768w, https:\/\/www.pimealdia.org\/wp-content\/uploads\/2024\/11\/ODS-13-480x111.jpg 480w, https:\/\/www.pimealdia.org\/wp-content\/uploads\/2024\/11\/ODS-13.jpg 1203w\" sizes=\"(max-width: 300px) 100vw, 300px\" \/>Hay que recordar que muchas administraciones p\u00fablicas fomentan y establecen como requisito para acceder a contrataciones p\u00fablicas medir la huella de carbono<\/strong><\/p>\n<p>La vicepresidenta de PIMEC, Mireia Cammany, ha explicado que entre los objetivos de este proyecto est\u00e1 el de poder \u201cdefinir y priorizar las acciones para reducir la huella de carbono, identificando las \u00e1reas de mejora y proponiendo estrategias para disminuir el impacto ambiental y para garantizar un uso racional de los recursos a trav\u00e9s de la implementaci\u00f3n de medidas de eficiencia energ\u00e9tica y la reducci\u00f3n de costes\u201d.<\/p>\n<p>Por su parte, el secretario t\u00e9cnico de la Comisi\u00f3n de Sostenibilidad de PIMEC, Joan Barfull, ha asegurado que, de este modo, el tejido productivo puede \u201ccontribuir proactivamente a la sostenibilidad y a la consecuci\u00f3n de los objetivos de la Agenda 2030 de la Organizaci\u00f3n de las Naciones Unidas\u201d. \u201cAs\u00ed mismo, esta herramienta puede suponer una mejora de la imagen corporativa de las empresas, puesto que es un elemento diferenciador en el mercado respecto de la competencia\u201d, ha se\u00f1alado.<\/p>\n<p>La Calculadora de Huella de Carbono de PIMEC tiene en cuenta aquellas emisiones directas e indirectas m\u00e1s representativas: Veh\u00edculos y equipos propios, escapes de gases refrigerantes, consumo el\u00e9ctrico, transporte subcontratado, viajes de negocios, teletrabajo&#8230;<\/p>\n<p>Las empresas podr\u00e1n hacer el c\u00e1lculo anualmente, empezando por 2023, de forma que podr\u00e1n ver la evoluci\u00f3n.<\/p>\n","protected":false},"excerpt":{"rendered":"<p>Medir la huella de carbono es de obligado cumplimiento para empresas de m\u00e1s de 250 trabajadores, y a medio plazo esta obligaci\u00f3n se extender\u00e1 a las empresas de menor dimensi\u00f3n a trav\u00e9s de la cadena de valor, en cumplimiento de las normativas europeas y los est\u00e1ndares internacionales, entre otros factores. Este mes de junio PIMEC puso en marcha una calculadora para medir la huella de carbono de la actividad empresarial de las pymes y las personas aut\u00f3nomas con el objetivo de dar una visi\u00f3n global sobre esta cuesti\u00f3n, haciendo un c\u00e1lculo anual. Se trata de una herramienta \u00fanica en el<\/p>\n","protected":false},"author":83,"featured_media":30410,"comment_status":"open","ping_status":"closed","sticky":false,"template":"","format":"standard","meta":[],"categories":[338],"tags":[1940,1139,2197,1191,1085,1852,372,1064,746,1078,1179],"_links":{"self":[{"href":"https:\/\/www.pimealdia.org\/es\/wp-json\/wp\/v2\/posts\/30413"}],"collection":[{"href":"https:\/\/www.pimealdia.org\/es\/wp-json\/wp\/v2\/posts"}],"about":[{"href":"https:\/\/www.pimealdia.org\/es\/wp-json\/wp\/v2\/types\/post"}],"author":[{"embeddable":true,"href":"https:\/\/www.pimealdia.org\/es\/wp-json\/wp\/v2\/users\/83"}],"replies":[{"embeddable":true,"href":"https:\/\/www.pimealdia.org\/es\/wp-json\/wp\/v2\/comments?post=30413"}],"version-history":[{"count":1,"href":"https:\/\/www.pimealdia.org\/es\/wp-json\/wp\/v2\/posts\/30413\/revisions"}],"predecessor-version":[{"id":30414,"href":"https:\/\/www.pimealdia.org\/es\/wp-json\/wp\/v2\/posts\/30413\/revisions\/30414"}],"wp:featuredmedia":[{"embeddable":true,"href":"https:\/\/www.pimealdia.org\/es\/wp-json\/wp\/v2\/media\/30410"}],"wp:attachment":[{"href":"https:\/\/www.pimealdia.org\/es\/wp-json\/wp\/v2\/media?parent=30413"}],"wp:term":[{"taxonomy":"category","embeddable":true,"href":"https:\/\/www.pimealdia.org\/es\/wp-json\/wp\/v2\/categories?post=30413"},{"taxonomy":"post_tag","embeddable":true,"href":"https:\/\/www.pimealdia.org\/es\/wp-json\/wp\/v2\/tags?post=30413"}],"curies":[{"name":"wp","href":"https:\/\/api.w.org\/{rel}","templated":true}]}}