{"id":30461,"date":"2025-01-10T12:50:20","date_gmt":"2025-01-10T10:50:20","guid":{"rendered":"https:\/\/www.pimealdia.org\/?p=30461"},"modified":"2025-01-10T12:51:02","modified_gmt":"2025-01-10T10:51:02","slug":"la-patronal-que-hace-que-pasen-cosas-con-las-bajas-laborales","status":"publish","type":"post","link":"https:\/\/www.pimealdia.org\/es\/la-patronal-que-hace-que-pasen-cosas-con-las-bajas-laborales\/","title":{"rendered":"La patronal que hace que pasen cosas con las bajas laborales"},"content":{"rendered":"<p style=\"text-align: justify;\">El absentismo laboral ha acontecido un problema del mercado de trabajo y para las empresas. Problema que se acent\u00faa con otros que ya sufrimos como la baja productividad, el elevad\u00edsimo paro, las dificultades para la cobertura de vacantes y el desajuste formativo. En definitiva, d\u00e9ficits de talento para hacer progresar nuestras empresas.<\/p>\n<p>Fruto de las demandas recurrentes que nos hab\u00edais trasladado, hace justo un a\u00f1o iniciamos el an\u00e1lisis de una parte de las problem\u00e1ticas del absentismo: las bajas laborales por contingencias comunes. El conjunto de horas retribuidas y no trabajadas es muy superior, pero nos centramos en una de las problem\u00e1ticas porque detect\u00e1bamos un creciente incremento de su incidencia.<\/p>\n<p>La demanda activ\u00f3 el m\u00e9todo con el que siempre nos aproximamos a las problem\u00e1ticas: escucha activa del problema, b\u00fasqueda y an\u00e1lisis de datos, reflexi\u00f3n y estudio, y, posteriormente, formulaci\u00f3n de propuestas. El resultado que obtuvimos es un riguroso estudio de datos y fuentes oficiales sobre la afectaci\u00f3n que constata que las horas perdidas por bajas laborales se han duplicado en los \u00faltimos diez a\u00f1os, y que el coste de estas bajas laborales es de entre el 5% y el 9,5% del PIB de Catalu\u00f1a.<\/p>\n<p>&nbsp;<\/p>\n<p style=\"text-align: center;\"><strong>No estamos solo ante un problema para las empresas, sino que esto ha acontecido un problema para nuestro pa\u00eds y su competitividad<\/strong><\/p>\n<p>&nbsp;<\/p>\n<p style=\"text-align: justify;\">Si a\u00f1adimos que el 54% de todos los casos de baja provienen de dos patolog\u00edas \u2013osteomuscular y enfermedad mental\u2013, y que el 53% tiene una duraci\u00f3n de menos de tres d\u00edas y el 75%, de menos de quince d\u00edas, constatamos que estamos tambi\u00e9n ante un problema para las personas, y, por lo tanto, tambi\u00e9n de car\u00e1cter social. Y es que todo esto produce una presi\u00f3n adicional a la ya tensionada atenci\u00f3n primaria de nuestro pa\u00eds.<\/p>\n<p>El objetivo ha sido escuchar y estudiar la realidad, pero sobre todo explicarla en todo nuestro pa\u00eds y producir un cambio sobre la mirada que ten\u00edamos, poniendo luz a una problem\u00e1tica que solo se explica porque reiteradamente se ha evitado afrontarla por impopular o por la aproximaci\u00f3n compleja de la cuesti\u00f3n.<\/p>\n<p style=\"text-align: justify;\">Lo hemos compartido con diferentes agentes y en diversos espacios y hemos podido ir revisando la informaci\u00f3n y promover que empezaran a pasar cosas. Hemos construido un conjunto de propuestas para minimizar las diferentes causas que nos genera el problema, como la utilizaci\u00f3n de la infraestructura sanitaria y las mutuas colaboradoras de la Seguridad Social, la dotaci\u00f3n de la atenci\u00f3n primaria y la formaci\u00f3n de profesionales, la mejora de los mecanismos de control, o, incluso, medidas por parte de las empresas.<\/p>\n<p>Hemos hecho que se abra un debate, que ya asumen otras organizaciones empresariales y nuestras C\u00e1maras, los colegios profesionales y las organizaciones sindicales. Y no solo ellos, sino que nuestro Gobierno ya ha asumido tambi\u00e9n que hay que analizar el desmesurado incremento de la incidencia de la incapacidad temporal por enfermedad com\u00fan de Catalu\u00f1a, que lidera este par\u00e1metro en el conjunto del Estado y en la UE.<\/p>\n<p>Fruto de todo esto llevamos a cabo, hace unos d\u00edas, una jornada con participaci\u00f3n de sindicatos, organizaciones empresariales de Finlandia y Dinamarca, colegios profesionales, Departamento de Salud y parlamentarios. De hecho, se ha comenzado el debate en el Congreso de los Diputados, en la Comisi\u00f3n del Pacto de Toledo, y tambi\u00e9n en la Comisi\u00f3n de Empresa y Trabajo. Pero tambi\u00e9n el Ministerio de Inclusi\u00f3n, de Seguridad Social y Migraciones ya ha abierto la puerta a medidas tan habituales en Europa como las altas progresivas o parciales, en que se a\u00edsla el diagn\u00f3stico de recuperaci\u00f3n de la capacidad de trabajar.<\/p>\n<p>Seguiremos insistiendo para hacer que pasen cosas con las bajas laborales, porque un problema tan importante para las personas, para la viabilidad de las empresas y para la econom\u00eda del pa\u00eds requiere que, adem\u00e1s de que pasen cosas, pasen con la velocidad que necesitamos para revertir la situaci\u00f3n.<\/p>\n<p>&nbsp;<\/p>\n<p style=\"text-align: center;\"><strong>Josep\u00a0Ginesta, secretario general de\u00a0PIMEC<\/strong><\/p>\n","protected":false},"excerpt":{"rendered":"<p>El absentismo laboral ha acontecido un problema del mercado de trabajo y para las empresas. Problema que se acent\u00faa con otros que ya sufrimos como la baja productividad, el elevad\u00edsimo paro, las dificultades para la cobertura de vacantes y el desajuste formativo. En definitiva, d\u00e9ficits de talento para hacer progresar nuestras empresas. Fruto de las demandas recurrentes que nos hab\u00edais trasladado, hace justo un a\u00f1o iniciamos el an\u00e1lisis de una parte de las problem\u00e1ticas del absentismo: las bajas laborales por contingencias comunes. El conjunto de horas retribuidas y no trabajadas es muy superior, pero nos centramos en una de las<\/p>\n","protected":false},"author":156,"featured_media":30087,"comment_status":"open","ping_status":"closed","sticky":false,"template":"","format":"standard","meta":[],"categories":[770],"tags":[2223,2222,1139,713,2225,1085,2226,2224,1502,746,2030,1078,1122],"_links":{"self":[{"href":"https:\/\/www.pimealdia.org\/es\/wp-json\/wp\/v2\/posts\/30461"}],"collection":[{"href":"https:\/\/www.pimealdia.org\/es\/wp-json\/wp\/v2\/posts"}],"about":[{"href":"https:\/\/www.pimealdia.org\/es\/wp-json\/wp\/v2\/types\/post"}],"author":[{"embeddable":true,"href":"https:\/\/www.pimealdia.org\/es\/wp-json\/wp\/v2\/users\/156"}],"replies":[{"embeddable":true,"href":"https:\/\/www.pimealdia.org\/es\/wp-json\/wp\/v2\/comments?post=30461"}],"version-history":[{"count":2,"href":"https:\/\/www.pimealdia.org\/es\/wp-json\/wp\/v2\/posts\/30461\/revisions"}],"predecessor-version":[{"id":30463,"href":"https:\/\/www.pimealdia.org\/es\/wp-json\/wp\/v2\/posts\/30461\/revisions\/30463"}],"wp:featuredmedia":[{"embeddable":true,"href":"https:\/\/www.pimealdia.org\/es\/wp-json\/wp\/v2\/media\/30087"}],"wp:attachment":[{"href":"https:\/\/www.pimealdia.org\/es\/wp-json\/wp\/v2\/media?parent=30461"}],"wp:term":[{"taxonomy":"category","embeddable":true,"href":"https:\/\/www.pimealdia.org\/es\/wp-json\/wp\/v2\/categories?post=30461"},{"taxonomy":"post_tag","embeddable":true,"href":"https:\/\/www.pimealdia.org\/es\/wp-json\/wp\/v2\/tags?post=30461"}],"curies":[{"name":"wp","href":"https:\/\/api.w.org\/{rel}","templated":true}]}}