{"id":30533,"date":"2025-01-31T11:14:24","date_gmt":"2025-01-31T09:14:24","guid":{"rendered":"https:\/\/www.pimealdia.org\/?p=30533"},"modified":"2025-01-31T11:14:24","modified_gmt":"2025-01-31T09:14:24","slug":"las-pymes-catalanas-ante-2025-entre-optimismo-y-retos","status":"publish","type":"post","link":"https:\/\/www.pimealdia.org\/es\/las-pymes-catalanas-ante-2025-entre-optimismo-y-retos\/","title":{"rendered":"Las pymes catalanas ante 2025: entre optimismo y retos"},"content":{"rendered":"<p style=\"text-align: justify;\">A medida que avanzamos hacia 2025, el panorama econ\u00f3mico global y catal\u00e1n se presenta con matices de optimismo moderado, tal y como constatan los datos de un <a href=\"https:\/\/services.pimec.org\/images\/news\/5\/doc\/67934240dfad1-9885-Perspectives%20econ%C3%B2miques%202025.pdf?_gl=1*quznxb*_ga*MTk1ODA5Nzc4NS4xNzM0MzM4NTc3*_ga_TL1GYGSMWB*MTczODMxMjI4NC43MC4xLjE3MzgzMTQzNzAuNTkuMC4w&amp;_ga=2.264440524.2123620635.1738312285-1958097785.1734338577\" target=\"_blank\" rel=\"noopener\">estudio<\/a> reciente del Observatorio de la Pyme de Catalu\u00f1a.<\/p>\n<p>Esta visi\u00f3n se sustenta en el hecho que un 44,3% de las pymes esperan aumentar sus ventas, algo que demuestra el dinamismo del tejido productivo catal\u00e1n. As\u00ed, las empresas afrontan 2025 con una confianza moderada pero esperanzadora.<\/p>\n<p>Es innegable que sectores como la hoteler\u00eda, la restauraci\u00f3n o la industria est\u00e1n liderando el camino, con inversiones en \u00e1reas estrat\u00e9gicas destinadas a la digitalizaci\u00f3n y la innovaci\u00f3n, y demostrando una gran capacidad de resiliencia y adaptaci\u00f3n. Esta es una buena noticia, especialmente cuando los fondos europeos\u00a0Next\u00a0Generation\u00a0EU aportan un impulso decisivo.<\/p>\n<p>Pero, no podemos obviar las voces de alerta que nos dejan entrever un escenario m\u00e1s complejo de lo que aparentemente parece. La falta de talento cualificado, especialmente en \u00e1reas t\u00e9cnicas e industriales, y la presi\u00f3n de los costes son aut\u00e9nticas espinas clavadas que dificultan el adelanto y que nos recuerdan los profundos desaf\u00edos estructurales que persisten.<\/p>\n<p>Por ejemplo, los datos revelan que solo un tercio de las empresas prev\u00e9 incrementar sus inversiones. En este sentido, es preocupante que las pymes, sobre todo las microempresas, que conforman la base de la econom\u00eda catalana, encuentren todav\u00eda barreras para acceder a herramientas digitales y proyectos de innovaci\u00f3n a la vez de adaptarse a los requerimientos de nuestro tiempo y a los requisitos del mercado de trabajo. Esto no solo las limita en competitividad y productividad, sino que podr\u00eda dejarlas atr\u00e1s, causando problemas de viabilidad e -incluso- provocando su desaparici\u00f3n.<\/p>\n<p>Otro punto cr\u00edtico es el impacto de la inflaci\u00f3n y la moderaci\u00f3n del consumo familiar. El comercio y otros sectores clave muestran perspectivas contenidas, hecho que pone de manifiesto que la recuperaci\u00f3n no es igual para todo el mundo.<\/p>\n<p>Por otro lado, la transici\u00f3n energ\u00e9tica, los cambios demogr\u00e1ficos y las tensiones geopol\u00edticas son otros factores que pueden redibujar el mapa econ\u00f3mico en cualquier momento. Del mismo modo y, pese a las esperanzas de crecimiento, el escenario europeo plantea inc\u00f3gnitas importantes.<\/p>\n<p>Con una previsi\u00f3n de crecimiento del PIB entre el 0,8% y el 1,3%, muy por debajo de regiones como Asia o los Estados Unidos, las pymes catalanas m\u00e1s orientadas a la exportaci\u00f3n hacia el mercado europeo se encuentran especialmente expuestas por un entorno inflacionario persistente, combinado con un repunte del proteccionismo y una relajaci\u00f3n lenta de los tipos de inter\u00e9s.<\/p>\n<p>Todos estos factores crean un clima incierto para estas empresas, que a menudo son las m\u00e1s vulnerables ante los cambios globales. Adem\u00e1s, sectores como el comercio o la construcci\u00f3n, que muestran un dinamismo m\u00e1s bajo, apuntan a una recuperaci\u00f3n desigual, marcando una l\u00ednea divisoria entre empresas m\u00e1s adaptadas y aquellas que todav\u00eda luchan para mantenerse a flote.<\/p>\n<p>Por otro lado, el sector agroalimentario, pese a sus buenas perspectivas, est\u00e1 inmerso en una batalla contra el cambio clim\u00e1tico y la escalada de costes. Los nuevos aranceles en los Estados Unidos y el acuerdo Mercosur suponen otro desaf\u00edo para los productores locales, que se ven presionados a competir en un mercado global cada vez m\u00e1s complejo.<\/p>\n<p>Hay que destacar que el crecimiento que se prev\u00e9 para la industria farmac\u00e9utica o qu\u00edmica podr\u00eda ser una oportunidad para diversificar el modelo econ\u00f3mico catal\u00e1n, siempre que se faciliten las inversiones en sostenibilidad e innovaci\u00f3n. Estas empresas consolidan su papel como motores de las exportaciones catalanas, ofreciendo perspectivas s\u00f3lidas de futuro.<\/p>\n<p>Es imprescindible que estas tendencias positivas no se limiten a grandes empresas, sino que tambi\u00e9n lleguen a las empresas de menor dimensi\u00f3n y a los sectores m\u00e1s tradicionales, que son parte fundamental del ecosistema empresarial del pa\u00eds.<\/p>\n<p>As\u00ed mismo, el sector tur\u00edstico se mantiene como uno de los pilares principales de la econom\u00eda, hecho que demuestra que, a pesar de los retos globales, Catalu\u00f1a puede liderar el cambio hacia una econom\u00eda m\u00e1s moderna, competitiva y sostenible.<\/p>\n<p>El camino hacia 2025 estar\u00e1 marcado por un equilibrio delicado entre el crecimiento esperanzador y las asignaturas pendientes que hay que afrontar con urgencia. Si bien es cierto que las pymes catalanas son resilientes por naturaleza, necesitan m\u00e1s apoyo, menos burocracia y una apuesta clara por el talento y la sostenibilidad.<\/p>\n<p>Es hora de actuar con determinaci\u00f3n, ya que en el actual contexto de incertidumbre global solo las empresas que se adapten a este entorno cambiante podr\u00e1n asegurar su futuro.<\/p>\n","protected":false},"excerpt":{"rendered":"<p>A medida que avanzamos hacia 2025, el panorama econ\u00f3mico global y catal\u00e1n se presenta con matices de optimismo moderado, tal y como constatan los datos de un estudio reciente del Observatorio de la Pyme de Catalu\u00f1a. Esta visi\u00f3n se sustenta en el hecho que un 44,3% de las pymes esperan aumentar sus ventas, algo que demuestra el dinamismo del tejido productivo catal\u00e1n. As\u00ed, las empresas afrontan 2025 con una confianza moderada pero esperanzadora. Es innegable que sectores como la hoteler\u00eda, la restauraci\u00f3n o la industria est\u00e1n liderando el camino, con inversiones en \u00e1reas estrat\u00e9gicas destinadas a la digitalizaci\u00f3n y la<\/p>\n","protected":false},"author":217,"featured_media":30531,"comment_status":"open","ping_status":"closed","sticky":false,"template":"","format":"standard","meta":[],"categories":[770],"tags":[2290,2288,1139,1087,1085,1917,2291,2293,2292,1344,2287,2289,1078,1559,1453,1445],"_links":{"self":[{"href":"https:\/\/www.pimealdia.org\/es\/wp-json\/wp\/v2\/posts\/30533"}],"collection":[{"href":"https:\/\/www.pimealdia.org\/es\/wp-json\/wp\/v2\/posts"}],"about":[{"href":"https:\/\/www.pimealdia.org\/es\/wp-json\/wp\/v2\/types\/post"}],"author":[{"embeddable":true,"href":"https:\/\/www.pimealdia.org\/es\/wp-json\/wp\/v2\/users\/217"}],"replies":[{"embeddable":true,"href":"https:\/\/www.pimealdia.org\/es\/wp-json\/wp\/v2\/comments?post=30533"}],"version-history":[{"count":1,"href":"https:\/\/www.pimealdia.org\/es\/wp-json\/wp\/v2\/posts\/30533\/revisions"}],"predecessor-version":[{"id":30534,"href":"https:\/\/www.pimealdia.org\/es\/wp-json\/wp\/v2\/posts\/30533\/revisions\/30534"}],"wp:featuredmedia":[{"embeddable":true,"href":"https:\/\/www.pimealdia.org\/es\/wp-json\/wp\/v2\/media\/30531"}],"wp:attachment":[{"href":"https:\/\/www.pimealdia.org\/es\/wp-json\/wp\/v2\/media?parent=30533"}],"wp:term":[{"taxonomy":"category","embeddable":true,"href":"https:\/\/www.pimealdia.org\/es\/wp-json\/wp\/v2\/categories?post=30533"},{"taxonomy":"post_tag","embeddable":true,"href":"https:\/\/www.pimealdia.org\/es\/wp-json\/wp\/v2\/tags?post=30533"}],"curies":[{"name":"wp","href":"https:\/\/api.w.org\/{rel}","templated":true}]}}